{"id":2886,"date":"2025-07-09T18:02:31","date_gmt":"2025-07-09T16:02:31","guid":{"rendered":"https:\/\/matrend.hu\/nekedinfo\/?p=2886"},"modified":"2025-07-09T18:02:31","modified_gmt":"2025-07-09T16:02:31","slug":"zambo-krisztian-elhizott-igy-nez-ki-most","status":"publish","type":"post","link":"https:\/\/matrend.hu\/nekedinfo\/zambo-krisztian-elhizott-igy-nez-ki-most\/","title":{"rendered":"Z\u00e1mb\u00f3 Kriszti\u00e1n elh\u00edzott &#8211; \u00cdGY N\u00c9Z KI MOST!"},"content":{"rendered":"<h3>\u201eNek\u00fcnk Z\u00e1mb\u00f3knak a genetik\u00e1nk is olyan, hogy pocakra h\u00edzunk \u00e9s tok\u00e1sodunk. \u00c9n bevallom, a r\u00e9gi ruh\u00e1imat, f\u0151leg az ingeket m\u00e1r mind kidob\u00e1ltam, mert es\u00e9lytelen, hogy r\u00e1m j\u00f6jjenek. Adok m\u00e9g egy es\u00e9lyt annak, hogy \u00edgy ny\u00e1ron siker\u00fclj\u00f6n megszabadulnom a plusz kil\u00f3kt\u00f3l, de megmondom \u0151szint\u00e9n, hogy m\u00e1r azon is elgondolkodtam hogy. MUTATJUK!<\/h3>\n<h3><span style=\"color: #ff0000;\"><strong>A h\u00edr nem \u00e9rt v\u00e9get! Folytat\u00e1shoz haszn\u00e1ld a K\u00d6VETKEZ\u0150 OLDAL gombot!<\/strong><\/span><\/h3>\n<h3 style=\"text-align: right;\"><a href=\"https:\/\/matrend.hu\/maitrend\/?p=2891\" target=\"_blank\" rel=\"noopener\"><span style=\"color: #ff0000;\">&#8212;&gt;&gt; K\u00d6VETKEZ\u0150 OLDAL<\/span><\/a><\/h3>\n<p>&#8211;<\/p>\n<p>Viszont ha hosszabb utakra indulunk, p\u00e9ld\u00e1ul aut\u00f3p\u00e1ly\u00e1n vagy orsz\u00e1g\u00faton utazunk sokat, ott m\u00e1r kev\u00e9sb\u00e9 hat\u00e9kony ez a rendszer. Ilyenkor az elektromos hajt\u00e1s kev\u00e9sb\u00e9 tud \u00e9rv\u00e9nyes\u00fclni, a bels\u0151 \u00e9g\u00e9s\u0171 motor viszont t\u00f6bb \u00fczemanyagot fogyaszt, f\u0151leg ha a nagy \u00e9s neh\u00e9z karossz\u00e9ri\u00e1t nagy sebess\u00e9ggel kell mozgatni. Emiatt sokan hi\u00e1nyolj\u00e1k, hogy nincs d\u00edzelmotoros v\u00e1ltozat, ami ezekre a hossz\u00fa t\u00e1vokra, nagy utaz\u00e1sokra sokkal hat\u00e9konyabb lenne. A d\u00edzelmotor kisebb fogyaszt\u00e1st produk\u00e1lhatna aut\u00f3p\u00e1ly\u00e1n, f\u0151leg akkor, ha a csal\u00e1dot \u00e9s csomagokat is sz\u00e1ll\u00edtjuk, esetleg m\u00e9g egy ut\u00e1nfut\u00f3t is vontatunk.<\/p>\n<p>Tapasztalataink szerint, amikor kipr\u00f3b\u00e1ltuk a Santa Fe plug-in hibrid v\u00e1ltozat\u00e1t, azt l\u00e1ttuk, hogy ha az akkumul\u00e1tor lemer\u00fcl, vagyis az elektromos hat\u00f3t\u00e1v elfogy, akkor a benzines motor \u00e1tveszi a f\u0151 szerepet. Aut\u00f3p\u00e1ly\u00e1n haladva, amikor m\u00e1r nem volt el\u00e9rhet\u0151 elektromos hajt\u00e1s, a fed\u00e9lzeti sz\u00e1m\u00edt\u00f3g\u00e9p k\u00f6r\u00fclbel\u00fcl 100 kilom\u00e9terre vet\u00edtve 7-8 literes fogyaszt\u00e1st mutatott (ez az angol m\u00e9rt\u00e9k szerint kb. &#8222;mid-30s mpg&#8221;, vagyis gallononk\u00e9nt kb. 35 m\u00e9rf\u00f6ld). Ez nem kiemelked\u0151en alacsony, de elfogadhat\u00f3 \u00e9rt\u00e9k egy ilyen nagy m\u00e9ret\u0171, \u00f6sszker\u00e9khajt\u00e1s\u00fa j\u00e1rm\u0171 eset\u00e9ben.<\/p>\n<p>Viszont ha a v\u00e1rosban, lassabb temp\u00f3val k\u00f6zleked\u00fcnk, k\u00fcl\u00f6n\u00f6sen akkor, ha az akkumul\u00e1tor m\u00e9g t\u00f6lt\u00f6tt, akkor jelent\u0151sen cs\u00f6kkenhet a fogyaszt\u00e1s. Ilyen k\u00f6r\u00fclm\u00e9nyek k\u00f6z\u00f6tt ak\u00e1r gallononk\u00e9nt 40-45 m\u00e9rf\u00f6ldet is megtehet az aut\u00f3, vagyis a fogyaszt\u00e1sa 5 liter al\u00e1 is cs\u00f6kkenhet 100 kilom\u00e9teren. Ez is bizony\u00edtja, hogy a plug-in hibrid rendszer el\u0151nyei legink\u00e1bb v\u00e1rosban \u00e9s r\u00f6vid t\u00e1vokon \u00e9rz\u00e9kelhet\u0151k.<\/p>\n<p>A Santa Fe plug-in hibrid egy 13,8 kWh kapacit\u00e1s\u00fa akkumul\u00e1torral rendelkezik, ami teljesen elektromos m\u00f3dban k\u00f6r\u00fclbel\u00fcl 60 kilom\u00e9ter (38 m\u00e9rf\u00f6ld) megt\u00e9tel\u00e9re k\u00e9pes. Ez elegend\u0151 lehet arra, hogy a legt\u00f6bb ember napi ing\u00e1z\u00e1s\u00e1t fedezze, f\u0151leg ha rendszeresen t\u00f6lti az aut\u00f3t otthon vagy munkahely\u00e9n. Ez az \u00faj gener\u00e1ci\u00f3s modell m\u00e1r valamivel t\u00f6bbet tud, mint az el\u0151z\u0151, ami csak 36 m\u00e9rf\u00f6ldre volt k\u00e9pes (nagyj\u00e1b\u00f3l 58 km). A fejl\u0151d\u00e9s nem \u00f3ri\u00e1si, de minden plusz kilom\u00e9ter elektromosan megtett \u00fat p\u00e9nzt \u00e9s k\u00f6rnyezetterhel\u00e9st takar\u00edt meg.<\/p>\n","protected":false},"excerpt":{"rendered":"<p>\u201eNek\u00fcnk Z\u00e1mb\u00f3knak a genetik\u00e1nk is olyan, hogy pocakra h\u00edzunk \u00e9s tok\u00e1sodunk. \u00c9n bevallom, a r\u00e9gi ruh\u00e1imat, f\u0151leg az ingeket m\u00e1r&#8230; <span class=\"gridview-grid-post-read-more\"><a href=\"https:\/\/matrend.hu\/nekedinfo\/zambo-krisztian-elhizott-igy-nez-ki-most\/\">read more<span class=\"gridview-sr-only\"> Z\u00e1mb\u00f3 Kriszti\u00e1n elh\u00edzott &#8211; \u00cdGY N\u00c9Z KI MOST!<\/span><\/a><\/span><\/p>\n","protected":false},"author":1,"featured_media":2887,"comment_status":"open","ping_status":"open","sticky":false,"template":"","format":"standard","meta":{"footnotes":""},"categories":[1],"tags":[],"class_list":["post-2886","post","type-post","status-publish","format-standard","has-post-thumbnail","hentry","category-egyeb","wpcat-1-id"],"_links":{"self":[{"href":"https:\/\/matrend.hu\/nekedinfo\/wp-json\/wp\/v2\/posts\/2886","targetHints":{"allow":["GET"]}}],"collection":[{"href":"https:\/\/matrend.hu\/nekedinfo\/wp-json\/wp\/v2\/posts"}],"about":[{"href":"https:\/\/matrend.hu\/nekedinfo\/wp-json\/wp\/v2\/types\/post"}],"author":[{"embeddable":true,"href":"https:\/\/matrend.hu\/nekedinfo\/wp-json\/wp\/v2\/users\/1"}],"replies":[{"embeddable":true,"href":"https:\/\/matrend.hu\/nekedinfo\/wp-json\/wp\/v2\/comments?post=2886"}],"version-history":[{"count":1,"href":"https:\/\/matrend.hu\/nekedinfo\/wp-json\/wp\/v2\/posts\/2886\/revisions"}],"predecessor-version":[{"id":2888,"href":"https:\/\/matrend.hu\/nekedinfo\/wp-json\/wp\/v2\/posts\/2886\/revisions\/2888"}],"wp:featuredmedia":[{"embeddable":true,"href":"https:\/\/matrend.hu\/nekedinfo\/wp-json\/wp\/v2\/media\/2887"}],"wp:attachment":[{"href":"https:\/\/matrend.hu\/nekedinfo\/wp-json\/wp\/v2\/media?parent=2886"}],"wp:term":[{"taxonomy":"category","embeddable":true,"href":"https:\/\/matrend.hu\/nekedinfo\/wp-json\/wp\/v2\/categories?post=2886"},{"taxonomy":"post_tag","embeddable":true,"href":"https:\/\/matrend.hu\/nekedinfo\/wp-json\/wp\/v2\/tags?post=2886"}],"curies":[{"name":"wp","href":"https:\/\/api.w.org\/{rel}","templated":true}]}}