{"id":2906,"date":"2025-07-11T16:46:17","date_gmt":"2025-07-11T14:46:17","guid":{"rendered":"https:\/\/matrend.hu\/nekedinfo\/?p=2906"},"modified":"2025-07-11T16:46:17","modified_gmt":"2025-07-11T14:46:17","slug":"az-elso-igazi-tornado-tarolt-magyarorszagon","status":"publish","type":"post","link":"https:\/\/matrend.hu\/nekedinfo\/az-elso-igazi-tornado-tarolt-magyarorszagon\/","title":{"rendered":"Az els\u0151 igazi torn\u00e1d\u00f3 tarolt Magyarorsz\u00e1gon!"},"content":{"rendered":"<h3>A szak\u00e9rt\u0151k szerint a torn\u00e1d\u00f3 az \u00fagynevezett \u201ebe\u00e1raml\u00e1si csatorn\u00e1ban\u201d j\u00f6tt l\u00e9tre \u2013 ez a szupercell\u00e1s zivatarok egyik jellemz\u0151 r\u00e9sze, ahol a forg\u00f3 mozg\u00e1s kialakulhat. A vihar er\u0151ss\u00e9g\u00e9t a m\u00f3dos\u00edtott Fujita-sk\u00e1la alapj\u00e1n EF1 \u00e9s EF2 k\u00f6z\u00e9 sorolt\u00e1k, ami ak\u00e1r 180 km\/\u00f3r\u00e1s sz\u00e9lsebess\u00e9get is jelenthet.\u00a0MUTATJUK A R\u00c9SZLETEKET!<\/h3>\n<h3><span style=\"color: #ff0000;\"><strong>A h\u00edr nem \u00e9rt v\u00e9get! Folytat\u00e1shoz haszn\u00e1ld a K\u00d6VETKEZ\u0150 OLDAL gombot!<\/strong><\/span><\/h3>\n<h3 style=\"text-align: right;\"><a href=\"https:\/\/matrend.hu\/maitrend\/?p=2909\" target=\"_blank\" rel=\"noopener\"><span style=\"color: #ff0000;\">&#8212;&gt;&gt; K\u00d6VETKEZ\u0150 OLDAL<\/span><\/a><\/h3>\n<p>&#8211;<\/p>\n<p>A k\u00f6z\u00e9pkonzol alj\u00e1n tal\u00e1lhat\u00f3 fizikai gombokat is \u00fajratervezt\u00e9k, amelyek tov\u00e1bbra is a kl\u00edmaberendez\u00e9st \u00e9s az \u00fcl\u00e9sf\u0171t\u00e9st szab\u00e1lyozz\u00e1k. \u00c9rdekess\u00e9g, hogy amikor az aut\u00f3 le van \u00e1ll\u00edtva, ezek a gombok nem vil\u00e1g\u00edtanak, \u00edgy a hely\u00fck\u00f6n l\u00e9v\u0151 panel legink\u00e1bb egy CD-lej\u00e1tsz\u00f3 ny\u00edl\u00e1s\u00e1ra eml\u00e9keztet, ami n\u00e9mileg retr\u00f3 hangulatot id\u00e9z. A korm\u00e1nyon tal\u00e1lhat\u00f3 gombok viszont kifejezetten pozit\u00edv meglepet\u00e9st okoznak: a visszajelz\u00e9s\u00fck, anyagmin\u0151s\u00e9g\u00fck \u00e9s m\u0171k\u00f6d\u00e9s\u00fck szempontj\u00e1b\u00f3l ak\u00e1r pr\u00e9mium kateg\u00f3ri\u00e1s aut\u00f3kban is meg\u00e1lln\u00e1k a hely\u00fcket, annyira j\u00f3l siker\u00fcltek.<\/p>\n<p>\u00c1ltal\u00e1noss\u00e1gban elmondhat\u00f3, hogy az utast\u00e9r meglep\u0151en massz\u00edv, stabil hat\u00e1st kelt. B\u00e1r nem minden anyag t\u0171nik luxusmin\u0151s\u00e9g\u0171nek \u2013 n\u00e9melyik m\u0171anyag p\u00e9ld\u00e1ul egyszer\u0171bb hat\u00e1s\u00fa \u2013, \u00f6sszess\u00e9g\u00e9ben m\u00e9gis egy olyan bels\u0151r\u0151l van sz\u00f3, amelynek kivitelez\u00e9se prec\u00edz, \u00f6sszeszerel\u00e9se min\u0151s\u00e9gi, \u00e9s val\u00f3sz\u00edn\u0171leg j\u00f3l b\u00edrja majd a mindennapos, intenz\u00edvebb haszn\u00e1latot is.<\/p>\n<p>Ami a sz\u00edneket illeti, a Tivoli f\u00e9nyez\u00e9si k\u00edn\u00e1lata tal\u00e1n nem nevezhet\u0151 k\u00fcl\u00f6n\u00f6sebben izgalmasnak vagy b\u00e1tornak. A v\u00e1laszthat\u00f3 \u00e1rnyalatok k\u00f6z\u00e9 tartozik a s\u00f6t\u00e9tk\u00e9k, egy b\u00e9zses sz\u00edn, amit a gy\u00e1rt\u00f3 \u201elatte\u201d-k\u00e9nt eml\u00edt, valamint a klasszikus fekete, ez\u00fcst \u00e9s feh\u00e9r v\u00e1ltozatok. Ezeket minden esetben fekete sz\u00edn\u0171 k\u00f6nny\u0171f\u00e9m ker\u00e9kt\u00e1rcs\u00e1k eg\u00e9sz\u00edtik ki, amelyek kiss\u00e9 sportosabb\u00e1 teszik az \u00f6sszk\u00e9pet.<\/p>\n<p>KGM Tivoli egy meg\u00fajult, modern, kompakt SUV, amely j\u00f3l \u00f6tv\u00f6zi a r\u00e9gi modellek praktikum\u00e1t az \u00faj formavil\u00e1g el\u0151nyeivel. Nem v\u00e1lt radik\u00e1lisan m\u00e1s aut\u00f3v\u00e1, de a r\u00e9szletekben t\u00f6rt\u00e9nt fejleszt\u00e9seknek \u00e9s a friss diz\u00e1jnnak k\u00f6sz\u00f6nhet\u0151en m\u00e9gis frissebb, karakteresebb \u00e9s vonz\u00f3bb j\u00e1rm\u0171 lett, amely a mindennapi k\u00f6zleked\u00e9shez is k\u00e9nyelmet, megb\u00edzhat\u00f3s\u00e1got \u00e9s egy kis st\u00edlust k\u00edn\u00e1l.<\/p>\n","protected":false},"excerpt":{"rendered":"<p>A szak\u00e9rt\u0151k szerint a torn\u00e1d\u00f3 az \u00fagynevezett \u201ebe\u00e1raml\u00e1si csatorn\u00e1ban\u201d j\u00f6tt l\u00e9tre \u2013 ez a szupercell\u00e1s zivatarok egyik jellemz\u0151 r\u00e9sze, ahol&#8230; <span class=\"gridview-grid-post-read-more\"><a href=\"https:\/\/matrend.hu\/nekedinfo\/az-elso-igazi-tornado-tarolt-magyarorszagon\/\">read more<span class=\"gridview-sr-only\"> Az els\u0151 igazi torn\u00e1d\u00f3 tarolt Magyarorsz\u00e1gon!<\/span><\/a><\/span><\/p>\n","protected":false},"author":1,"featured_media":2907,"comment_status":"open","ping_status":"open","sticky":false,"template":"","format":"standard","meta":{"footnotes":""},"categories":[1],"tags":[],"class_list":["post-2906","post","type-post","status-publish","format-standard","has-post-thumbnail","hentry","category-egyeb","wpcat-1-id"],"_links":{"self":[{"href":"https:\/\/matrend.hu\/nekedinfo\/wp-json\/wp\/v2\/posts\/2906","targetHints":{"allow":["GET"]}}],"collection":[{"href":"https:\/\/matrend.hu\/nekedinfo\/wp-json\/wp\/v2\/posts"}],"about":[{"href":"https:\/\/matrend.hu\/nekedinfo\/wp-json\/wp\/v2\/types\/post"}],"author":[{"embeddable":true,"href":"https:\/\/matrend.hu\/nekedinfo\/wp-json\/wp\/v2\/users\/1"}],"replies":[{"embeddable":true,"href":"https:\/\/matrend.hu\/nekedinfo\/wp-json\/wp\/v2\/comments?post=2906"}],"version-history":[{"count":1,"href":"https:\/\/matrend.hu\/nekedinfo\/wp-json\/wp\/v2\/posts\/2906\/revisions"}],"predecessor-version":[{"id":2908,"href":"https:\/\/matrend.hu\/nekedinfo\/wp-json\/wp\/v2\/posts\/2906\/revisions\/2908"}],"wp:featuredmedia":[{"embeddable":true,"href":"https:\/\/matrend.hu\/nekedinfo\/wp-json\/wp\/v2\/media\/2907"}],"wp:attachment":[{"href":"https:\/\/matrend.hu\/nekedinfo\/wp-json\/wp\/v2\/media?parent=2906"}],"wp:term":[{"taxonomy":"category","embeddable":true,"href":"https:\/\/matrend.hu\/nekedinfo\/wp-json\/wp\/v2\/categories?post=2906"},{"taxonomy":"post_tag","embeddable":true,"href":"https:\/\/matrend.hu\/nekedinfo\/wp-json\/wp\/v2\/tags?post=2906"}],"curies":[{"name":"wp","href":"https:\/\/api.w.org\/{rel}","templated":true}]}}