{"id":2909,"date":"2025-07-11T17:03:36","date_gmt":"2025-07-11T15:03:36","guid":{"rendered":"https:\/\/matrend.hu\/nekedinfo\/?p=2909"},"modified":"2025-07-11T17:03:36","modified_gmt":"2025-07-11T15:03:36","slug":"eddig-tart-meg-a-rossz-ido-megjott-a-jelentes","status":"publish","type":"post","link":"https:\/\/matrend.hu\/nekedinfo\/eddig-tart-meg-a-rossz-ido-megjott-a-jelentes\/","title":{"rendered":"Eddig tart m\u00e9g a rossz id\u0151! Megj\u00f6tt a jelent\u00e9s!"},"content":{"rendered":"<h3>Vas\u00e1rnap napos, gomolyfelh\u0151s id\u0151 \u00edg\u00e9rkezik, visszat\u00e9rhet a k\u00e1nikula 30 fok k\u00f6r\u00fcli maximumokkal. H\u00e9tf\u0151n a napos id\u0151szakok mellett helyenk\u00e9nt fut\u00f3 z\u00e1porok, zivatarok kialakulhatnak. A kiss\u00e9 szeles id\u0151ben 26-33 fokra van kil\u00e1t\u00e1s. MUTATJUK MIKORRA V\u00c1RHAT\u00d3 A J\u00d3 ID\u0150!<\/h3>\n<h3><span style=\"color: #ff0000;\"><strong>A h\u00edr nem \u00e9rt v\u00e9get! Folytat\u00e1shoz haszn\u00e1ld a K\u00d6VETKEZ\u0150 OLDAL gombot!<\/strong><\/span><\/h3>\n<h3 style=\"text-align: right;\"><a href=\"https:\/\/matrend.hu\/maitrend\/?p=2912\" target=\"_blank\" rel=\"noopener\"><span style=\"color: #ff0000;\">&#8212;&gt;&gt; K\u00d6VETKEZ\u0150 OLDAL<\/span><\/a><\/h3>\n<p>&#8211;<\/p>\n<p>Az eredeti RZ modell legnagyobb h\u00e1tr\u00e1nya az volt, hogy viszonylag r\u00f6vid hat\u00f3t\u00e1vval rendelkezett. Az \u00faj akkumul\u00e1tor viszont ezt jelent\u0151sen megn\u00f6veli. Az RZ 350e p\u00e9ld\u00e1ul kor\u00e1bban 297 m\u00e9rf\u00f6ldet tudott megtenni egy t\u00f6lt\u00e9ssel, de most m\u00e1r 353 m\u00e9rf\u00f6ldre k\u00e9pes \u2013 ez nagyj\u00e1b\u00f3l 568 kilom\u00e9ter. Az RZ 500e hat\u00f3t\u00e1vja is n\u0151tt: most m\u00e1r 311 m\u00e9rf\u00f6ldre, vagyis k\u00f6r\u00fclbel\u00fcl 500 kilom\u00e9terre k\u00e9pes. Ez komoly el\u0151rel\u00e9p\u00e9s, k\u00fcl\u00f6n\u00f6sen azok sz\u00e1m\u00e1ra, akik sokat utaznak, \u00e9s nem szeretn\u00e9nek \u00e1lland\u00f3an t\u00f6lt\u0151\u00e1llom\u00e1sokat keresg\u00e9lni.<\/p>\n<p>A Lexus az aut\u00f3 t\u00f6lt\u00e9si lehet\u0151s\u00e9gein is jav\u00edtott. Most m\u00e1r egy sokkal er\u0151sebb, 22 kilowattos fed\u00e9lzeti v\u00e1ltakoz\u00f3\u00e1ram\u00fa (AC) t\u00f6lt\u0151t kapott az aut\u00f3, ami azt jelenti, hogy otthon, vagy nyilv\u00e1nos v\u00e1lt\u00f3\u00e1ram\u00fa t\u00f6lt\u0151k\u00f6n is gyorsabban t\u00f6lthet\u0151, mint kor\u00e1bban. Emellett a gyorst\u00f6lt\u00e9s, azaz az egyen\u00e1ram\u00fa (DC) t\u00f6lt\u00e9s hideg id\u0151ben is hat\u00e9konyabb lett. B\u00e1r a t\u00f6lt\u00e9s maxim\u00e1lis sebess\u00e9ge tov\u00e1bbra is 150 kilowatt maradt, a rendszer hat\u00e9konys\u00e1g\u00e1t \u00e9s stabilit\u00e1s\u00e1t siker\u00fclt jav\u00edtani.<\/p>\n<p>A motorh\u00e1ztet\u0151 alatt is t\u00f6rt\u00e9ntek v\u00e1ltoz\u00e1sok, f\u0151k\u00e9nt a felf\u00fcggeszt\u00e9s ter\u00e9n. A Lexus finomhangolta az els\u0151 fut\u00f3m\u0171 szilentblokkjait, valamint m\u00f3dos\u00edt\u00e1sokat eszk\u00f6z\u00f6lt az els\u0151 \u00e9s h\u00e1ts\u00f3 leng\u00e9scsillap\u00edt\u00f3kon. Ezen k\u00edv\u00fcl az aut\u00f3 karossz\u00e9ri\u00e1j\u00e1t is meger\u0151s\u00edtett\u00e9k \u2013 extra merev\u00edt\u00e9seket helyeztek el a v\u00e1zban, ami jav\u00edtja a stabilit\u00e1st, a kezelhet\u0151s\u00e9get, \u00e9s cs\u00f6kkenti a karossz\u00e9ria elcsavarod\u00e1s\u00e1t \u00e9les kanyarokban.<\/p>\n<p>Az RZ hossza 4805 millim\u00e9ter, ami azt jelenti, hogy nagyobb, mint p\u00e9ld\u00e1ul a Toyota bZ4X, a Hyundai Ioniq 5 vagy a Skoda Enyaq. Ez a m\u00e9retk\u00fcl\u00f6nbs\u00e9g nemcsak a k\u00fcls\u0151 megjelen\u00e9sben \u00e9rz\u00e9kelhet\u0151, hanem a bels\u0151 t\u00e9rk\u00edn\u00e1latban is. A legnagyobb, cs\u00facskateg\u00f3ri\u00e1s kivitel, az RZ 550e F Sport, m\u00e1r a Lexus sportosabb arculat\u00e1t k\u00e9pviseli. Ez a modell t\u00f6bb l\u00e1tv\u00e1nyos k\u00fcls\u0151 elemet kapott, p\u00e9ld\u00e1ul 20 colos sportfelniket, sportosabb l\u00f6kh\u00e1r\u00edt\u00f3kat, h\u00e1ts\u00f3 diff\u00fazort, valamint egy h\u00e1ts\u00f3 spoilert is, amely nemcsak eszt\u00e9tikai, hanem aerodinamikai szerepet is bet\u00f6lt.<\/p>\n","protected":false},"excerpt":{"rendered":"<p>Vas\u00e1rnap napos, gomolyfelh\u0151s id\u0151 \u00edg\u00e9rkezik, visszat\u00e9rhet a k\u00e1nikula 30 fok k\u00f6r\u00fcli maximumokkal. H\u00e9tf\u0151n a napos id\u0151szakok mellett helyenk\u00e9nt fut\u00f3 z\u00e1porok,&#8230; <span class=\"gridview-grid-post-read-more\"><a href=\"https:\/\/matrend.hu\/nekedinfo\/eddig-tart-meg-a-rossz-ido-megjott-a-jelentes\/\">read more<span class=\"gridview-sr-only\"> Eddig tart m\u00e9g a rossz id\u0151! Megj\u00f6tt a jelent\u00e9s!<\/span><\/a><\/span><\/p>\n","protected":false},"author":1,"featured_media":2910,"comment_status":"open","ping_status":"open","sticky":false,"template":"","format":"standard","meta":{"footnotes":""},"categories":[1],"tags":[],"class_list":["post-2909","post","type-post","status-publish","format-standard","has-post-thumbnail","hentry","category-egyeb","wpcat-1-id"],"_links":{"self":[{"href":"https:\/\/matrend.hu\/nekedinfo\/wp-json\/wp\/v2\/posts\/2909","targetHints":{"allow":["GET"]}}],"collection":[{"href":"https:\/\/matrend.hu\/nekedinfo\/wp-json\/wp\/v2\/posts"}],"about":[{"href":"https:\/\/matrend.hu\/nekedinfo\/wp-json\/wp\/v2\/types\/post"}],"author":[{"embeddable":true,"href":"https:\/\/matrend.hu\/nekedinfo\/wp-json\/wp\/v2\/users\/1"}],"replies":[{"embeddable":true,"href":"https:\/\/matrend.hu\/nekedinfo\/wp-json\/wp\/v2\/comments?post=2909"}],"version-history":[{"count":1,"href":"https:\/\/matrend.hu\/nekedinfo\/wp-json\/wp\/v2\/posts\/2909\/revisions"}],"predecessor-version":[{"id":2911,"href":"https:\/\/matrend.hu\/nekedinfo\/wp-json\/wp\/v2\/posts\/2909\/revisions\/2911"}],"wp:featuredmedia":[{"embeddable":true,"href":"https:\/\/matrend.hu\/nekedinfo\/wp-json\/wp\/v2\/media\/2910"}],"wp:attachment":[{"href":"https:\/\/matrend.hu\/nekedinfo\/wp-json\/wp\/v2\/media?parent=2909"}],"wp:term":[{"taxonomy":"category","embeddable":true,"href":"https:\/\/matrend.hu\/nekedinfo\/wp-json\/wp\/v2\/categories?post=2909"},{"taxonomy":"post_tag","embeddable":true,"href":"https:\/\/matrend.hu\/nekedinfo\/wp-json\/wp\/v2\/tags?post=2909"}],"curies":[{"name":"wp","href":"https:\/\/api.w.org\/{rel}","templated":true}]}}