{"id":2912,"date":"2025-07-11T21:53:44","date_gmt":"2025-07-11T19:53:44","guid":{"rendered":"https:\/\/matrend.hu\/nekedinfo\/?p=2912"},"modified":"2025-07-11T21:53:44","modified_gmt":"2025-07-11T19:53:44","slug":"gyaszhir-lukacs-miki-elvesztette","status":"publish","type":"post","link":"https:\/\/matrend.hu\/nekedinfo\/gyaszhir-lukacs-miki-elvesztette\/","title":{"rendered":"Gy\u00e1szh\u00edr! Luk\u00e1cs Miki elvesztette"},"content":{"rendered":"<h3>Ez a k\u00fcl\u00f6nleges t\u00e1rs nem m\u00e1s volt, mint egyik szeretett kuty\u00e1ja, aki hossz\u00fa \u00e9veken \u00e1t osztozott vele az \u00f6r\u00f6m\u00f6kben, neh\u00e9zs\u00e9gekben, a mindennapok csendes pillanataiban. Miki \u00edgy b\u00facs\u00fazott t\u0151le: \u201eSoha nem lesz m\u00e9g egy ilyen \u00e9rzelmes, m\u00e9gis vad, odaad\u00f3, de f\u00fcggetlen, embercentrikus, csal\u00e1dj\u00e1t im\u00e1d\u00f3 kuty\u00e1m. Sz*r*bb hely lett a vil\u00e1g. J\u00f3 j\u00e1t\u00e9kot Rozival, ha van olyan hely, ahol tal\u00e1lkoztok.\u201d A szavai m\u00f6g\u00f6tt ott rejt\u0151zik minden szeretet, amit ir\u00e1nta \u00e9rzett \u2013 mert \u0151 nem \u201ecsak\u201d egy \u00e1llat volt, hanem egy igazi csal\u00e1dtag. Egy t\u00e1rs, akit a sz\u00edv\u00e9vel nevelt.<br \/>\nMIKI EZT OSZTOTTA MEG A K\u00d6Z\u00d6SS\u00c9GGEL:<\/h3>\n<h3><span style=\"color: #ff0000;\"><strong>A h\u00edr nem \u00e9rt v\u00e9get! Folytat\u00e1shoz haszn\u00e1ld a K\u00d6VETKEZ\u0150 OLDAL gombot!<\/strong><\/span><\/h3>\n<h3 style=\"text-align: right;\"><a href=\"https:\/\/matrend.hu\/maitrend\/?p=2915\" target=\"_blank\" rel=\"noopener\"><span style=\"color: #ff0000;\">&#8212;&gt;&gt; K\u00d6VETKEZ\u0150 OLDAL<\/span><\/a><\/h3>\n<p>&#8211;<\/p>\n<p>A Lexus neve egyet jelent a k\u00e9nyelmesen vezethet\u0151, gondosan \u00f6sszeszerelt aut\u00f3kkal, \u00e9s ebb\u0151l a szempontb\u00f3l az IS 250C kabri\u00f3 t\u00f6k\u00e9letesen megfelel a gy\u00e1rt\u00f3 h\u00edrnev\u00e9nek. Belseje, b\u00e1r visszafogott, \u00e1tgondolt kialak\u00edt\u00e1s\u00fa \u00e9s ig\u00e9nyesen kidolgozott, a karossz\u00e9ria vonalai pedig vonz\u00f3ak \u00e9s rendezettek, m\u00e9g ha nem is kimondottan felt\u0171n\u0151ek. A h\u00e1romr\u00e9szes, nyithat\u00f3 f\u00e9m tet\u0151 mind\u00f6ssze 20 m\u00e1sodperc alatt ny\u00edlik ki, ami gyorsabb, mint a legt\u00f6bb vet\u00e9lyt\u00e1rsn\u00e1l, \u00e9s ez a megold\u00e1s eg\u00e9sz \u00e9vben haszn\u00e1lhat\u00f3v\u00e1 teszi a Lexust. Nemcsak jobban szigetel az id\u0151j\u00e1r\u00e1s viszontags\u00e1gai ellen, mint a v\u00e1szontet\u0151, hanem a tolvajokat is visszatarthatja. M\u00e1r ha egy valamireval\u00f3 b\u0171n\u00f6z\u0151 egy\u00e1ltal\u00e1n v\u00e1lasztan\u00e1 ezt a nyithat\u00f3 tetej\u0171 aut\u00f3t menek\u00fcl\u00e9sre, hiszen az egyetlen v\u00e1laszthat\u00f3 motor gyenge teljes\u00edtm\u00e9nye miatt az IS 250C aligha alkalmas erre a szerepre.<\/p>\n<p>Motor, teljes\u00edtm\u00e9ny \u00e9s vezet\u00e9si \u00e9lm\u00e9ny szempontj\u00e1b\u00f3l a Lexus IS 250C az Egyes\u00fclt Kir\u00e1lys\u00e1gban mind\u00f6ssze egyf\u00e9le motorral \u00e9rhet\u0151 el, \u00edgy sem hat\u00e9konys\u00e1gban, sem teljes\u00edtm\u00e9nyben nem tudja felvenni a versenyt m\u00e1s kabri\u00f3kkal. Pap\u00edron a 2,5 literes V6-os motor \u00edg\u00e9retesnek t\u0171nik, de a val\u00f3s\u00e1gban csak er\u0151tlen 205 l\u00f3er\u0151t \u00e9s 252 Nm nyomat\u00e9kot ad le. A tet\u0151 elt\u00e1vol\u00edt\u00e1sa miatt megn\u00f6velt karossz\u00e9ria-merev\u00edt\u00e9s tov\u00e1bbi 125 kilogrammal n\u00f6veli a t\u00f6meget, \u00e9s ezt a pluszt egy alap\u00e9rtelmezett automata v\u00e1lt\u00f3val kombin\u00e1lva meglehet\u0151sen lagymatag eredm\u00e9nyt kapunk. Mindezek ellen\u00e9re a puha fut\u00f3m\u0171 kellemes utaz\u00e1si \u00e9lm\u00e9nyt ny\u00fajt, ami k\u00fcl\u00f6n\u00f6sen azoknak kedvez, akik nem akarj\u00e1k \u00e9lesen bevenni a kanyarokat.<br \/>\nFogyaszt\u00e1s, k\u00e1rosanyag-kibocs\u00e1t\u00e1s \u00e9s fenntart\u00e1si k\u00f6lts\u00e9gek ter\u00e9n az IS 250C nem sz\u00e1m\u00edt dr\u00e1ga kabri\u00f3nak a v\u00e1s\u00e1rl\u00e1s pillanat\u00e1ban, viszont m\u00e9g \u00edgy is el\u00e9g sokba ker\u00fcl ahhoz, hogy k\u00e9tszer is meggondolja az ember, f\u0151leg ha egy alap BMW 3-as sorozattal hasonl\u00edtjuk \u00f6ssze. Ugyanakkor, ha a BMW-t Lexus-szint\u0171 alapfelszerelts\u00e9ggel l\u00e1tjuk el, akkor az IS C jobb \u00e1r-\u00e9rt\u00e9k ar\u00e1nyt k\u00edn\u00e1l. Az alap SE-I modell b\u0151rk\u00e1rpitot, k\u00f6nny\u0171f\u00e9m ker\u00e9kt\u00e1rcs\u00e1kat, parkol\u00f3szenzorokat \u00e9s tempomatot is tartalmaz. A fenntart\u00e1si k\u00f6lts\u00e9gek viszont nem tartoznak a Lexus er\u0151ss\u00e9gei k\u00f6z\u00e9: a 2,5 literes V6-os motor mind\u00f6ssze 7,8 l\/100 km-es kombin\u00e1lt fogyaszt\u00e1st produk\u00e1l, ami gyenge teljes\u00edtm\u00e9ny ebben a kateg\u00f3ri\u00e1ban. Ehhez t\u00e1rsul a magas \u00e9ves g\u00e9pj\u00e1rm\u0171ad\u00f3 \u00e9s a viszonylag dr\u00e1ga szervizel\u00e9s, \u00edgy a jap\u00e1n kabri\u00f3 id\u0151vel ink\u00e1bb p\u00e9nznyel\u0151nek t\u0171nik.<\/p>\n","protected":false},"excerpt":{"rendered":"<p>Ez a k\u00fcl\u00f6nleges t\u00e1rs nem m\u00e1s volt, mint egyik szeretett kuty\u00e1ja, aki hossz\u00fa \u00e9veken \u00e1t osztozott vele az \u00f6r\u00f6m\u00f6kben, neh\u00e9zs\u00e9gekben,&#8230; <span class=\"gridview-grid-post-read-more\"><a href=\"https:\/\/matrend.hu\/nekedinfo\/gyaszhir-lukacs-miki-elvesztette\/\">read more<span class=\"gridview-sr-only\"> Gy\u00e1szh\u00edr! Luk\u00e1cs Miki elvesztette<\/span><\/a><\/span><\/p>\n","protected":false},"author":1,"featured_media":2913,"comment_status":"open","ping_status":"open","sticky":false,"template":"","format":"standard","meta":{"footnotes":""},"categories":[1],"tags":[],"class_list":["post-2912","post","type-post","status-publish","format-standard","has-post-thumbnail","hentry","category-egyeb","wpcat-1-id"],"_links":{"self":[{"href":"https:\/\/matrend.hu\/nekedinfo\/wp-json\/wp\/v2\/posts\/2912","targetHints":{"allow":["GET"]}}],"collection":[{"href":"https:\/\/matrend.hu\/nekedinfo\/wp-json\/wp\/v2\/posts"}],"about":[{"href":"https:\/\/matrend.hu\/nekedinfo\/wp-json\/wp\/v2\/types\/post"}],"author":[{"embeddable":true,"href":"https:\/\/matrend.hu\/nekedinfo\/wp-json\/wp\/v2\/users\/1"}],"replies":[{"embeddable":true,"href":"https:\/\/matrend.hu\/nekedinfo\/wp-json\/wp\/v2\/comments?post=2912"}],"version-history":[{"count":1,"href":"https:\/\/matrend.hu\/nekedinfo\/wp-json\/wp\/v2\/posts\/2912\/revisions"}],"predecessor-version":[{"id":2914,"href":"https:\/\/matrend.hu\/nekedinfo\/wp-json\/wp\/v2\/posts\/2912\/revisions\/2914"}],"wp:featuredmedia":[{"embeddable":true,"href":"https:\/\/matrend.hu\/nekedinfo\/wp-json\/wp\/v2\/media\/2913"}],"wp:attachment":[{"href":"https:\/\/matrend.hu\/nekedinfo\/wp-json\/wp\/v2\/media?parent=2912"}],"wp:term":[{"taxonomy":"category","embeddable":true,"href":"https:\/\/matrend.hu\/nekedinfo\/wp-json\/wp\/v2\/categories?post=2912"},{"taxonomy":"post_tag","embeddable":true,"href":"https:\/\/matrend.hu\/nekedinfo\/wp-json\/wp\/v2\/tags?post=2912"}],"curies":[{"name":"wp","href":"https:\/\/api.w.org\/{rel}","templated":true}]}}