{"id":2918,"date":"2025-07-12T14:22:00","date_gmt":"2025-07-12T12:22:00","guid":{"rendered":"https:\/\/matrend.hu\/nekedinfo\/?p=2918"},"modified":"2025-07-12T14:22:00","modified_gmt":"2025-07-12T12:22:00","slug":"sokk-felbeszakitottak-az-elo-hiradot","status":"publish","type":"post","link":"https:\/\/matrend.hu\/nekedinfo\/sokk-felbeszakitottak-az-elo-hiradot\/","title":{"rendered":"Sokk: F\u00e9lbeszak\u00edtott\u00e1k az \u00e9l\u0151 H\u00edrad\u00f3t!"},"content":{"rendered":"<h3>A jelenet az Orsz\u00e1gos V\u00e9rell\u00e1t\u00f3 Szolg\u00e1latr\u00f3l sz\u00f3l\u00f3 riport k\u00f6zben zajlott. A 26. perct\u0151l visszan\u00e9zhet\u0151 felv\u00e9telen \u00e9ppen Deme Orsolya, a szolg\u00e1lat orsz\u00e1gos koordin\u00e1tora besz\u00e9lt a kombin\u00e1lt transzplant\u00e1ci\u00f3k jelent\u0151s\u00e9g\u00e9r\u0151l, amikor a k\u00e9pen hirtelen megjelent egy f\u00e9rfi.<br \/>\nA f\u00e9rfi \u2013 aki feltehet\u0151en \u00e9pp v\u00e9rad\u00e1son vett r\u00e9szt \u2013 egyszer\u0171en fel\u00e1llt a mellette l\u00e9v\u0151 \u00e1gyr\u00f3l, majd vagy sz\u00e1nd\u00e9kosan, vagy teljesen v\u00e9letlen\u00fcl beles\u00e9t\u00e1lt a kamera k\u00e9p\u00e9be. Ez\u00e1ltal teljes eg\u00e9sz\u00e9ben l\u00e1that\u00f3v\u00e1 v\u00e1lt p\u00f3l\u00f3j\u00e1nak felt\u0171n\u0151 mint\u00e1zata.<br \/>\nEKKOR MEGSZAK\u00cdTOTT\u00c1K AZ AD\u00c1ST!<\/h3>\n<h3><span style=\"color: #ff0000;\"><strong>A h\u00edr nem \u00e9rt v\u00e9get! Folytat\u00e1shoz haszn\u00e1ld a K\u00d6VETKEZ\u0150 OLDAL gombot!<\/strong><\/span><\/h3>\n<h3 style=\"text-align: right;\"><a href=\"https:\/\/matrend.hu\/maitrend\/?p=2921\" target=\"_blank\" rel=\"noopener\"><span style=\"color: #ff0000;\">&#8212;&gt;&gt; K\u00d6VETKEZ\u0150 OLDAL<\/span><\/a><\/h3>\n<p>&#8211;<\/p>\n<p>A Toyota Yaris kezdett\u0151l fogva a praktikus csomagol\u00e1s el\u0151nyeinek tanuls\u00e1gos p\u00e9ld\u00e1ja volt, \u00e9s amikor a 2017-es friss\u00edtett verzi\u00f3 meg\u00e9rkezett, a k\u00fclseje ink\u00e1bb a szuperminikre vonatkoz\u00f3 tervez\u00e9si krit\u00e9riumok tudatos eltol\u00f3d\u00e1s\u00e1nak eredm\u00e9nye volt, mintsem egy okos m\u00f3dja annak, hogy t\u00f6bb helyet biztos\u00edtson h\u00e1tul.<br \/>\nA r\u00e9gi, unalmas kompakt MPV-k elvett\u00e9k a Yaris magas tet\u0151vonal\u00e1t, \u00edgy a szegmensben a form\u00e1zott, l\u00e9gmentesen csomagolt hatchbackek, mint a Ford Fiesta \u00e9s a Volkswagen Polo uralt\u00e1k a piacot.<br \/>\nA Toyota pr\u00f3b\u00e1lta belecsemp\u00e9szni a m\u00e1sodik gener\u00e1ci\u00f3s Toyota Aygo st\u00edlusjegyeit is, k\u00fcl\u00f6n\u00f6sen annak X-alak\u00fa orrfrontj\u00e1t. Ez hat\u00e9kony l\u00e9p\u00e9s volt, mivel j\u00e1t\u00e9kos megjelen\u00e9st adott a Yarisnak. A 2017-es friss\u00edt\u00e9s alig v\u00e1ltoztatott a k\u00fclsej\u00e9n, mik\u00f6zben az alv\u00e1z alatt a hibrid v\u00e1ltozat kezelhet\u0151s\u00e9ge \u00e9s komfortja javult.<br \/>\nEmellett az el\u0151z\u0151 modell titokzatos jellegtelens\u00e9g\u00e9t is cs\u00f6kkentett\u00e9k \u2013 a Yaris azonnal felismerhet\u0151v\u00e9 v\u00e1lt, mint egy modern Toyota.<br \/>\nA hibrid v\u00e1ltozat alacsonyabbnak t\u0171nt a sz\u00e9ria v\u00e1ltozathoz k\u00e9pest, mivel a l\u00e9gellen\u00e1ll\u00e1s cs\u00f6kkent\u00e9s\u00e9re figyeltek. A figyelmesebbek azt is \u00e9szrevehetik, hogy a k\u00fcl\u00f6nb\u00f6z\u0151 verzi\u00f3k saj\u00e1t finom st\u00edlusbeli v\u00e1ltoztat\u00e1sokat kaptak, p\u00e9ld\u00e1ul a h\u0171t\u0151r\u00e1cs k\u00f6r\u00fcli kr\u00f3m d\u00edsz\u00edt\u00e9st. Ha a t\u00e1gass\u00e1g lenne az egyetlen szempont, amivel a kis hatchbackeket m\u00e9rik, a Yaris komoly versenyt\u00e1rsa lenne a kateg\u00f3ria vezet\u0151j\u00e9nek.<\/p>\n<p>Arguably, a legnagyobb v\u00e1ltoz\u00e1s, ami a friss\u00edtett Yaris-szal \u00e9rkezett, az a bels\u0151 t\u00e9rben t\u00f6rt\u00e9nt, \u00e9s az \u00fajdons\u00e1gok messze t\u00falmutattak egy kisebb \u00e1ttervez\u00e9sen.<br \/>\nTiszt\u00e1bb, letisztultabb megjelen\u00e9st kaptunk bels\u0151 t\u00e9rben, ahol a m\u0171szerfal jelent\u0151s r\u00e9sze a Toyota Touch 2 infotainment rendszernek lett szentelve. Az \u00faj kijelz\u0151 \u00fcdv\u00f6zlend\u0151 kieg\u00e9sz\u00edt\u00e9s volt: a t\u00e9rk\u00e9pek p\u00e9ld\u00e1ul j\u00f3l l\u00e1that\u00f3an megjelennek, \u00e9s az egy\u00e9b funkci\u00f3k, p\u00e9ld\u00e1ul a multim\u00e9dia, mind k\u00f6nnyen haszn\u00e1lhat\u00f3ak.<br \/>\nEl\u00f6l b\u0151ven volt hely, \u00e9s b\u00e1r a magasabb utasok csak r\u00f6vid utakon tudtak elhelyezkedni a h\u00e1ts\u00f3 padsorban, a Yaris \u00fcl\u00e9sei t\u00e1mogat\u00f3ak \u00e9s k\u00e9nyelmesek voltak.<br \/>\nA Toyota ragaszkodott hozz\u00e1, hogy jav\u00edtotta az aut\u00f3 bels\u0151 anyagait, de t\u00f6bb gazdas\u00e1gos megold\u00e1st alkalmaztak, mint amit az eur\u00f3pai vagy koreai konkurenci\u00e1t\u00f3l megszokhattunk, \u00e9s n\u00e9h\u00e1ny nem j\u00f3l \u00e1tgondolt k\u00eds\u00e9rletez\u00e9s k\u00fcl\u00f6nb\u00f6z\u0151 fel\u00fcletekkel cs\u00fanya, karcol\u00f3d\u00f3 m\u0171anyagokat eredm\u00e9nyezett.<br \/>\nA k\u00f6z\u00e9pen tal\u00e1lhat\u00f3 puha tapint\u00e1s\u00fa cs\u00edk egy j\u00f3 p\u00e9lda erre, mivel b\u00e1r pr\u00e9mium \u00e9rz\u00e9st adott a Yaris bels\u0151 ter\u00e9nek, m\u00e9gis kiemelte m\u00e1s, olcs\u00f3bbnak t\u0171n\u0151 alkatr\u00e9szeket.<br \/>\nAz alap Active modellek 15 colos ac\u00e9l felniket, f\u0171thet\u0151 k\u00fcls\u0151 t\u00fckr\u00f6ket, elektromos el\u00fcls\u0151 ablakokat, Bluetooth \u00e9s USB csatlakoz\u00e1st, valamint a Toyota teljes biztons\u00e1gi technol\u00f3giai csomagj\u00e1t tartalmazt\u00e1k alapfelszerelts\u00e9gk\u00e9nt.<\/p>\n","protected":false},"excerpt":{"rendered":"<p>A jelenet az Orsz\u00e1gos V\u00e9rell\u00e1t\u00f3 Szolg\u00e1latr\u00f3l sz\u00f3l\u00f3 riport k\u00f6zben zajlott. A 26. perct\u0151l visszan\u00e9zhet\u0151 felv\u00e9telen \u00e9ppen Deme Orsolya, a szolg\u00e1lat&#8230; <span class=\"gridview-grid-post-read-more\"><a href=\"https:\/\/matrend.hu\/nekedinfo\/sokk-felbeszakitottak-az-elo-hiradot\/\">read more<span class=\"gridview-sr-only\"> Sokk: F\u00e9lbeszak\u00edtott\u00e1k az \u00e9l\u0151 H\u00edrad\u00f3t!<\/span><\/a><\/span><\/p>\n","protected":false},"author":1,"featured_media":2919,"comment_status":"open","ping_status":"open","sticky":false,"template":"","format":"standard","meta":{"footnotes":""},"categories":[1],"tags":[],"class_list":["post-2918","post","type-post","status-publish","format-standard","has-post-thumbnail","hentry","category-egyeb","wpcat-1-id"],"_links":{"self":[{"href":"https:\/\/matrend.hu\/nekedinfo\/wp-json\/wp\/v2\/posts\/2918","targetHints":{"allow":["GET"]}}],"collection":[{"href":"https:\/\/matrend.hu\/nekedinfo\/wp-json\/wp\/v2\/posts"}],"about":[{"href":"https:\/\/matrend.hu\/nekedinfo\/wp-json\/wp\/v2\/types\/post"}],"author":[{"embeddable":true,"href":"https:\/\/matrend.hu\/nekedinfo\/wp-json\/wp\/v2\/users\/1"}],"replies":[{"embeddable":true,"href":"https:\/\/matrend.hu\/nekedinfo\/wp-json\/wp\/v2\/comments?post=2918"}],"version-history":[{"count":2,"href":"https:\/\/matrend.hu\/nekedinfo\/wp-json\/wp\/v2\/posts\/2918\/revisions"}],"predecessor-version":[{"id":3698,"href":"https:\/\/matrend.hu\/nekedinfo\/wp-json\/wp\/v2\/posts\/2918\/revisions\/3698"}],"wp:featuredmedia":[{"embeddable":true,"href":"https:\/\/matrend.hu\/nekedinfo\/wp-json\/wp\/v2\/media\/2919"}],"wp:attachment":[{"href":"https:\/\/matrend.hu\/nekedinfo\/wp-json\/wp\/v2\/media?parent=2918"}],"wp:term":[{"taxonomy":"category","embeddable":true,"href":"https:\/\/matrend.hu\/nekedinfo\/wp-json\/wp\/v2\/categories?post=2918"},{"taxonomy":"post_tag","embeddable":true,"href":"https:\/\/matrend.hu\/nekedinfo\/wp-json\/wp\/v2\/tags?post=2918"}],"curies":[{"name":"wp","href":"https:\/\/api.w.org\/{rel}","templated":true}]}}