{"id":2927,"date":"2025-07-12T19:27:42","date_gmt":"2025-07-12T17:27:42","guid":{"rendered":"https:\/\/matrend.hu\/nekedinfo\/?p=2927"},"modified":"2025-07-12T19:27:42","modified_gmt":"2025-07-12T17:27:42","slug":"vegre-kiderult-ki-a-verszerinti-apja-varkonyi-andrea-lanyanak","status":"publish","type":"post","link":"https:\/\/matrend.hu\/nekedinfo\/vegre-kiderult-ki-a-verszerinti-apja-varkonyi-andrea-lanyanak\/","title":{"rendered":"V\u00e9gre kider\u00fclt Ki a V\u00c9RSZERINTI apja V\u00e1rkonyi Andrea L\u00e1ny\u00e1nak!"},"content":{"rendered":"<h3>V\u00e1rkonyi Andrea \u00e9s Bochkor G\u00e1bor kisl\u00e1nya, N\u00f3ra, f\u00e9l \u00e9ves volt, amikor 2009 okt\u00f3ber k\u00f6zep\u00e9n jelent\u0151s d\u00f6nt\u00e9s sz\u00fcletett a Szegedi V\u00e1rosi B\u00edr\u00f3s\u00e1gon.<br \/>\nA jogi elj\u00e1r\u00e1sra az\u00e9rt volt sz\u00fcks\u00e9g, mert a t\u00f6rv\u00e9ny szerint a gyermek fogantat\u00e1sakor Andrea m\u00e9g h\u00e1zas volt kor\u00e1bbi f\u00e9rj\u00e9vel, ez\u00e9rt N\u00f3ra hivatalosan az \u0151 vezet\u00e9knev\u00e9t viselte.<br \/>\nAz \u00edt\u00e9let kimondta, hogy Bochkor G\u00e1bor hivatalosan is N\u00f3ra \u00e9desapja, \u00e9s a kisl\u00e1ny innent\u0151l kezdve az \u0151 vezet\u00e9knev\u00e9t viselheti. Ez fontos m\u00e9rf\u00f6ldk\u0151 volt a csal\u00e1d \u00e9let\u00e9ben, hiszen jogilag is rendez\u0151d\u00f6tt a csal\u00e1di st\u00e1tusz.<br \/>\n\u00cdGY REAG\u00c1LT G\u00c1BOR:<\/h3>\n<h3><span style=\"color: #ff0000;\"><strong>A h\u00edr nem \u00e9rt v\u00e9get! Folytat\u00e1shoz haszn\u00e1ld a K\u00d6VETKEZ\u0150 OLDAL gombot!<\/strong><\/span><\/h3>\n<h3 style=\"text-align: right;\"><a href=\"https:\/\/matrend.hu\/maitrend\/?p=2932\" target=\"_blank\" rel=\"noopener\"><span style=\"color: #ff0000;\">&#8212;&gt;&gt; K\u00d6VETKEZ\u0150 OLDAL<\/span><\/a><\/h3>\n<p>&#8211;<\/p>\n<p>A legutols\u00f3 friss\u00edt\u00e9s k\u00edv\u00fclr\u0151l nehezen \u00e9szlelhet\u0151, de seg\u00edtett abban, hogy a Mazda 6 Tourer bels\u0151 ter\u00e9t l\u00e9p\u00e9st tartson a f\u0151 riv\u00e1lisaival: a Ford Mondeo Estate-tel \u00e9s a VW Passat Estate-tel. H\u00e1rom felszerelts\u00e9gi szint k\u00f6z\u00fcl lehet v\u00e1lasztani, \u00e9s hat\u00e9kony benzin- \u00e9s d\u00edzelmotorok \u00e1llnak rendelkez\u00e9sre. Az SE felszerelts\u00e9g tartalmazza a 17 colos k\u00f6nny\u0171f\u00e9m kerekeket, l\u00e9gkondicion\u00e1l\u00f3t, sebess\u00e9gtart\u00f3 automat\u00e1t \u00e9s egy 5,8 colos \u00e9rint\u0151k\u00e9perny\u0151t.<br \/>\nRugalmas motorok \u00e9s j\u00f3l megtervezett alv\u00e1z teszi a Mazda 6 Tourert \u00e9lvezetess\u00e9 vezetni<br \/>\nA Mazda 6 Tourer m\u00e9ret\u00e9hez k\u00e9pest nem \u00e9rz\u0151dik nagynak vagy neh\u00e9zkesnek a vezet\u00e9s sor\u00e1n. Ehelyett nagyszer\u0171 vezet\u00e9si poz\u00edci\u00f3val rendelkezik, j\u00f3 k\u00f6rkil\u00e1t\u00e1ssal. Az utaz\u00e1s k\u00e9nyelmes, \u00e9s a karossz\u00e9ria ir\u00e1ny\u00edt\u00e1sa is j\u00f3, ami azt mutatja, hogy a Mazda 6-ot egy sz\u00f3rakoztat\u00f3 vezet\u00e9si \u00e9lm\u00e9ny szem el\u0151tt tart\u00e1s\u00e1val tervezt\u00e9k.<\/p>\n<p>A Tourer gyorsnak \u00e9rz\u0151dik, mik\u00f6zben a sim\u00e1n v\u00e1lt\u00f3 automatikus sebess\u00e9gv\u00e1lt\u00f3 seg\u00edt abban, hogy a motor folyamatosan dolgozzon. Ha manu\u00e1lis ir\u00e1ny\u00edt\u00e1st szeretn\u00e9l, azt a v\u00e1lt\u00f3n kereszt\u00fcl kell megtenned, mivel nincsenek a korm\u00e1ny m\u00f6g\u00f6tti v\u00e1lt\u00f3f\u00fclek. Az aut\u00f3p\u00e1ly\u00e1n a 6 csendes \u00e9s sima utaz\u00e1st biztos\u00edt, csup\u00e1n egy kis hint\u00e1z\u00e1s figyelhet\u0151 meg az \u00fathib\u00e1k miatti h\u00e1ts\u00f3 \u00e9s el\u0151re t\u00f6rt\u00e9n\u0151 mozg\u00e1sban.<br \/>\nM\u00edg a l\u00e1gy felf\u00fcggeszt\u00e9s seg\u00edt kisim\u00edtani a v\u00e1rosi utakat, el\u0151fordulhat, hogy a sebess\u00e9gcs\u00f6kkent\u0151 humpsn\u00e1l k\u00f6nnyebben hozz\u00e1\u00e9rhet\u00fcnk az els\u0151 l\u00f6kh\u00e1r\u00edt\u00f3t.<br \/>\nA benzinmotorok \u00e9rz\u0151dnek a legdinamikusabbnak, j\u00f3 reakci\u00f3val \u00e9s sima teljes\u00edtm\u00e9nylead\u00e1ssal, de a d\u00edzelek a kiemelked\u0151k.<br \/>\nAz er\u0151sebb, 173 l\u00f3er\u0151s d\u00edzelmotor, amely a hatfokozat\u00fa manu\u00e1lis sebess\u00e9gv\u00e1lt\u00f3val p\u00e1rosul, a leggyorsabb, 7,9 m\u00e1sodperc alatt gyorsul 0-62 mph-ra, \u00e9s mindezt csendes, finom m\u00f3don teszi. Az egy\u00e9b motorok sem lass\u00faak, hiszen a 148 l\u00f3er\u0151s d\u00edzel 9,2 m\u00e1sodperc alatt el\u00e9ri a 0-62 mph-t, vagy 10 m\u00e1sodpercet automatikus v\u00e1lt\u00f3val. A gyorsabb d\u00edzel majdnem el\u00e9ri a 140 mph-t is.<br \/>\nHa benzines motorra v\u00e1ltunk, a 163 l\u00f3er\u0151s verzi\u00f3 133 mph sebess\u00e9get \u00e9rhet el, \u00e9s 0-62 mph-ra 9,1 m\u00e1sodperc alatt gyorsul, m\u00edg a 143 l\u00f3er\u0151s modell adatai: 128 mph \u00e9s 9,6 m\u00e1sodperc.<br \/>\nLeny\u0171g\u00f6z\u0151en hat\u00e9kony motorok \u00e9s nagyszer\u0171 \u00e1r-\u00e9rt\u00e9k ar\u00e1ny teszi a Mazda 6 Tourert j\u00f3 v\u00e1laszt\u00e1ss\u00e1<br \/>\nMi a helyzet az &#8216;SkyActiv&#8217; \u00fczemanyag-takar\u00e9kos technol\u00f3gi\u00e1val? A 6 Tourer bizony\u00edtja, hogy m\u0171k\u00f6dik, kiv\u00e1l\u00f3 \u00fczemanyag-fogyaszt\u00e1st \u00e9s alacsony CO2-kibocs\u00e1t\u00e1st biztos\u00edtva, aminek k\u00f6sz\u00f6nhet\u0151en alacsony ad\u00f3kat is k\u00edn\u00e1l. Az 148 l\u00f3er\u0151s, 2.2 literes d\u00edzelmotor a leghat\u00e9konyabb, 67,3 mpg \u00fczemanyagfogyaszt\u00e1ssal \u00e9s 110 g\/km CO2-kibocs\u00e1t\u00e1ssal, vagy 57,6 mpg \u00e9s 129 g\/km a hatfokozat\u00fa automata v\u00e1lt\u00f3val. A legmagasabb \u00fczemanyag-hat\u00e9konys\u00e1g el\u00e9r\u00e9s\u00e9hez a k\u00f6z\u00e9pszint\u0171 SE-L modell sz\u00fcks\u00e9ges, mivel ez tartalmazza az \u00faj i-Eloop regenerat\u00edv f\u00e9krendszert.<\/p>\n","protected":false},"excerpt":{"rendered":"<p>V\u00e1rkonyi Andrea \u00e9s Bochkor G\u00e1bor kisl\u00e1nya, N\u00f3ra, f\u00e9l \u00e9ves volt, amikor 2009 okt\u00f3ber k\u00f6zep\u00e9n jelent\u0151s d\u00f6nt\u00e9s sz\u00fcletett a Szegedi V\u00e1rosi&#8230; <span class=\"gridview-grid-post-read-more\"><a href=\"https:\/\/matrend.hu\/nekedinfo\/vegre-kiderult-ki-a-verszerinti-apja-varkonyi-andrea-lanyanak\/\">read more<span class=\"gridview-sr-only\"> V\u00e9gre kider\u00fclt Ki a V\u00c9RSZERINTI apja V\u00e1rkonyi Andrea L\u00e1ny\u00e1nak!<\/span><\/a><\/span><\/p>\n","protected":false},"author":1,"featured_media":2928,"comment_status":"open","ping_status":"open","sticky":false,"template":"","format":"standard","meta":{"footnotes":""},"categories":[1],"tags":[],"class_list":["post-2927","post","type-post","status-publish","format-standard","has-post-thumbnail","hentry","category-egyeb","wpcat-1-id"],"_links":{"self":[{"href":"https:\/\/matrend.hu\/nekedinfo\/wp-json\/wp\/v2\/posts\/2927","targetHints":{"allow":["GET"]}}],"collection":[{"href":"https:\/\/matrend.hu\/nekedinfo\/wp-json\/wp\/v2\/posts"}],"about":[{"href":"https:\/\/matrend.hu\/nekedinfo\/wp-json\/wp\/v2\/types\/post"}],"author":[{"embeddable":true,"href":"https:\/\/matrend.hu\/nekedinfo\/wp-json\/wp\/v2\/users\/1"}],"replies":[{"embeddable":true,"href":"https:\/\/matrend.hu\/nekedinfo\/wp-json\/wp\/v2\/comments?post=2927"}],"version-history":[{"count":1,"href":"https:\/\/matrend.hu\/nekedinfo\/wp-json\/wp\/v2\/posts\/2927\/revisions"}],"predecessor-version":[{"id":2929,"href":"https:\/\/matrend.hu\/nekedinfo\/wp-json\/wp\/v2\/posts\/2927\/revisions\/2929"}],"wp:featuredmedia":[{"embeddable":true,"href":"https:\/\/matrend.hu\/nekedinfo\/wp-json\/wp\/v2\/media\/2928"}],"wp:attachment":[{"href":"https:\/\/matrend.hu\/nekedinfo\/wp-json\/wp\/v2\/media?parent=2927"}],"wp:term":[{"taxonomy":"category","embeddable":true,"href":"https:\/\/matrend.hu\/nekedinfo\/wp-json\/wp\/v2\/categories?post=2927"},{"taxonomy":"post_tag","embeddable":true,"href":"https:\/\/matrend.hu\/nekedinfo\/wp-json\/wp\/v2\/tags?post=2927"}],"curies":[{"name":"wp","href":"https:\/\/api.w.org\/{rel}","templated":true}]}}