{"id":2930,"date":"2025-07-12T21:19:36","date_gmt":"2025-07-12T19:19:36","guid":{"rendered":"https:\/\/matrend.hu\/nekedinfo\/?p=2930"},"modified":"2025-07-12T21:19:36","modified_gmt":"2025-07-12T19:19:36","slug":"az-uj-nyugdij-drama","status":"publish","type":"post","link":"https:\/\/matrend.hu\/nekedinfo\/az-uj-nyugdij-drama\/","title":{"rendered":"Az \u00faj nyugd\u00edj dr\u00e1ma"},"content":{"rendered":"<h3>De mi lenne, ha a nyugd\u00edj jogosults\u00e1g\u00e1t nemcsak az \u00e9letkorhoz vagy a ledolgozott \u00e9vek sz\u00e1m\u00e1hoz k\u00f6tn\u00e9nk \u2013 hanem p\u00e9ld\u00e1ul egy szoci\u00e1lis szempontb\u00f3l is relev\u00e1ns felt\u00e9telhez: az egy\u00fc\/t\u00e9l\/shez a gye\/mekk\/l? Ez az elgondol\u00e1s els\u0151re tal\u00e1n radik\u00e1lisnak t\u0171nik, de ha jobban belegondolunk, fontos \u00e9rvek sz\u00f3lnak mellette. Az egyik legmeggy\u0151z\u0151bb: az egy\u00fctt\u00e9l\u00e9s a gyermekkel nemcsak szoci\u00e1lis koh\u00e9zi\u00f3t jelent, hanem p\u00e9nz\u00fcgyi tudatoss\u00e1got is hozhat a h\u00e1ztart\u00e1sba.<\/h3>\n<h3><span style=\"color: #ff0000;\"><strong>A h\u00edr nem \u00e9rt v\u00e9get! Folytat\u00e1shoz haszn\u00e1ld a K\u00d6VETKEZ\u0150 OLDAL gombot!<\/strong><\/span><\/h3>\n<h3 style=\"text-align: right;\"><a href=\"https:\/\/matrend.hu\/maitrend\/?p=2935\" target=\"_blank\" rel=\"noopener\"><span style=\"color: #ff0000;\">&#8212;&gt;&gt; K\u00d6VETKEZ\u0150 OLDAL<\/span><\/a><\/h3>\n<p>&#8211;<\/p>\n<p>A Volvo EX30 egy olyan aut\u00f3, amely kifejezetten j\u00f3l teljes\u00edt, ha a vezet\u00e9si \u00e9lm\u00e9nyt \u00e9s az \u00e1ltal\u00e1nos menettulajdons\u00e1gokat n\u00e9zz\u00fck. B\u00e1r nem nevezhet\u0151 igaz\u00e1n izgalmasnak vagy sportosnak a vezet\u00e9se, m\u00e9gis jobb, mint amit az ebbe a kateg\u00f3ri\u00e1ba tartoz\u00f3 elektromos aut\u00f3kt\u00f3l \u00e1ltal\u00e1ban elv\u00e1rhatunk. A vezet\u00e9si \u00e9lm\u00e9ny ink\u00e1bb kiegyens\u00falyozott \u00e9s kellemes, mintsem adrenalind\u00fas, de ez egy\u00e1ltal\u00e1n nem baj, hiszen sok v\u00e1s\u00e1rl\u00f3nak pontosan ez a megnyugtat\u00f3, kisz\u00e1m\u00edthat\u00f3 viselked\u00e9s az, ami igaz\u00e1n fontos a mindennapi k\u00f6zleked\u00e9s sor\u00e1n.<\/p>\n<p>Ahogy azt a legt\u00f6bb modern elektromos aut\u00f3t\u00f3l m\u00e1r megszokhattuk, a Volvo EX30 eset\u00e9ben is lehet\u0151s\u00e9g van arra, hogy a vezet\u0151 be\u00e1ll\u00edtsa, milyen er\u0151sen m\u0171k\u00f6dj\u00f6n a regenerat\u00edv f\u00e9kez\u00e9s. Ez az a funkci\u00f3, amely akkor l\u00e9p m\u0171k\u00f6d\u00e9sbe, amikor elvessz\u00fck a l\u00e1bunkat a g\u00e1zped\u00e1lr\u00f3l, \u00e9s az aut\u00f3 elkezd lass\u00edtani \u00fagy, hogy k\u00f6zben visszat\u00e1pl\u00e1lja az energi\u00e1t az akkumul\u00e1torba. Ez a funkci\u00f3 nemcsak az energiahat\u00e9konys\u00e1got jav\u00edtja, hanem a f\u00e9kbet\u00e9tek kop\u00e1s\u00e1t is cs\u00f6kkenti, hiszen ilyenkor kevesebbszer van sz\u00fcks\u00e9g a hagyom\u00e1nyos f\u00e9k haszn\u00e1lat\u00e1ra.<\/p>\n<p>Emellett a korm\u00e1nyz\u00e1s s\u00falyoz\u00e1s\u00e1t is szem\u00e9lyre lehet szabni, vagyis be\u00e1ll\u00edthatjuk, hogy a korm\u00e1ny k\u00f6nnyed\u00e9n vagy nehezebben mozogjon, att\u00f3l f\u00fcgg\u0151en, hogy \u00e9pp sportosabb vagy k\u00e9nyelmesebb vezet\u00e9si \u00e9lm\u00e9nyre v\u00e1gyunk. Azonban fontos megjegyezni, hogy a Volvo ezeket a be\u00e1ll\u00edt\u00e1sokat nem egy k\u00fcl\u00f6n fizikai gombbal tette el\u00e9rhet\u0151v\u00e9, hanem a k\u00f6zponti \u00e9rint\u0151k\u00e9perny\u0151 egy almen\u00fcj\u00e9be rejtette \u0151ket. Ez azt jelenti, hogy egy kicsit t\u00f6bb id\u0151be telik el\u00e9rni ezeket a funkci\u00f3kat, mivel el\u0151sz\u00f6r meg kell nyitni a men\u00fcrendszert, \u00e9s ott megtal\u00e1lni a megfelel\u0151 opci\u00f3kat, ahelyett, hogy egy egyszer\u0171 gombnyom\u00e1ssal v\u00e1ltan\u00e1nk a be\u00e1ll\u00edt\u00e1sok k\u00f6z\u00f6tt. Ez a megold\u00e1s lehet eszt\u00e9tikusabb, hiszen kevesebb gomb van a m\u0171szerfalon, de egyesek sz\u00e1m\u00e1ra tal\u00e1n kev\u00e9sb\u00e9 praktikus, f\u0151leg menet k\u00f6zben.<\/p>\n","protected":false},"excerpt":{"rendered":"<p>De mi lenne, ha a nyugd\u00edj jogosults\u00e1g\u00e1t nemcsak az \u00e9letkorhoz vagy a ledolgozott \u00e9vek sz\u00e1m\u00e1hoz k\u00f6tn\u00e9nk \u2013 hanem p\u00e9ld\u00e1ul egy&#8230; <span class=\"gridview-grid-post-read-more\"><a href=\"https:\/\/matrend.hu\/nekedinfo\/az-uj-nyugdij-drama\/\">read more<span class=\"gridview-sr-only\"> Az \u00faj nyugd\u00edj dr\u00e1ma<\/span><\/a><\/span><\/p>\n","protected":false},"author":1,"featured_media":2931,"comment_status":"open","ping_status":"open","sticky":false,"template":"","format":"standard","meta":{"footnotes":""},"categories":[1],"tags":[],"class_list":["post-2930","post","type-post","status-publish","format-standard","has-post-thumbnail","hentry","category-egyeb","wpcat-1-id"],"_links":{"self":[{"href":"https:\/\/matrend.hu\/nekedinfo\/wp-json\/wp\/v2\/posts\/2930","targetHints":{"allow":["GET"]}}],"collection":[{"href":"https:\/\/matrend.hu\/nekedinfo\/wp-json\/wp\/v2\/posts"}],"about":[{"href":"https:\/\/matrend.hu\/nekedinfo\/wp-json\/wp\/v2\/types\/post"}],"author":[{"embeddable":true,"href":"https:\/\/matrend.hu\/nekedinfo\/wp-json\/wp\/v2\/users\/1"}],"replies":[{"embeddable":true,"href":"https:\/\/matrend.hu\/nekedinfo\/wp-json\/wp\/v2\/comments?post=2930"}],"version-history":[{"count":1,"href":"https:\/\/matrend.hu\/nekedinfo\/wp-json\/wp\/v2\/posts\/2930\/revisions"}],"predecessor-version":[{"id":2932,"href":"https:\/\/matrend.hu\/nekedinfo\/wp-json\/wp\/v2\/posts\/2930\/revisions\/2932"}],"wp:featuredmedia":[{"embeddable":true,"href":"https:\/\/matrend.hu\/nekedinfo\/wp-json\/wp\/v2\/media\/2931"}],"wp:attachment":[{"href":"https:\/\/matrend.hu\/nekedinfo\/wp-json\/wp\/v2\/media?parent=2930"}],"wp:term":[{"taxonomy":"category","embeddable":true,"href":"https:\/\/matrend.hu\/nekedinfo\/wp-json\/wp\/v2\/categories?post=2930"},{"taxonomy":"post_tag","embeddable":true,"href":"https:\/\/matrend.hu\/nekedinfo\/wp-json\/wp\/v2\/tags?post=2930"}],"curies":[{"name":"wp","href":"https:\/\/api.w.org\/{rel}","templated":true}]}}