{"id":2933,"date":"2025-07-13T18:40:12","date_gmt":"2025-07-13T16:40:12","guid":{"rendered":"https:\/\/matrend.hu\/nekedinfo\/?p=2933"},"modified":"2025-07-13T18:40:12","modified_gmt":"2025-07-13T16:40:12","slug":"a-teve-elott-lett-rosszul-ujabb-sztrokot-kapott-schobert-norbi","status":"publish","type":"post","link":"https:\/\/matrend.hu\/nekedinfo\/a-teve-elott-lett-rosszul-ujabb-sztrokot-kapott-schobert-norbi\/","title":{"rendered":"A t\u00e9v\u00e9 el\u0151tt lett rosszul. \u00dajabb sztr\u00f3kot kapott Schobert Norbi"},"content":{"rendered":"<h3>Akkor eld\u00f6nt\u00f6ttem, hogy most kell meg\u00e1llni, mert az idegrendszerem nem b\u00edrja ezt a fajta fesz\u00fclts\u00e9get. Nagyon hossz\u00fa volt az elm\u00falt k\u00e9t \u00e9v, hiszen Norbinak az els\u0151 sztr\u00f3k ut\u00e1n szinte mindent \u00fajra kellett \u00e9p\u00edtenie \u2013 nemcsak fizik\u00e1lisan, de ment\u00e1lisan is. MUTATJUK MI T\u00d6RT\u00c9NT!<\/h3>\n<h3><span style=\"color: #ff0000;\"><strong>A h\u00edr nem \u00e9rt v\u00e9get! Folytat\u00e1shoz haszn\u00e1ld a K\u00d6VETKEZ\u0150 OLDAL gombot!<\/strong><\/span><\/h3>\n<h3 style=\"text-align: right;\"><a href=\"https:\/\/matrend.hu\/maitrend\/?p=2938\" target=\"_blank\" rel=\"noopener\"><span style=\"color: #ff0000;\">&#8212;&gt;&gt; K\u00d6VETKEZ\u0150 OLDAL<\/span><\/a><\/h3>\n<p>&#8211;<\/p>\n<p>Manaps\u00e1g, amikor az aut\u00f3gy\u00e1rt\u00f3k egym\u00e1s ut\u00e1n esnek bele abba a hib\u00e1ba, hogy nehezen igazodnak el a saj\u00e1t modellneveik \u00e9s elektromos j\u00e1rm\u0171veik (EV-k) egyre b\u0151v\u00fcl\u0151 k\u00edn\u00e1lat\u00e1ban \u2013 \u00e9s igen, Audi, r\u00e1d n\u00e9z\u00fcnk most \u2013, elismer\u00e9s illeti a Hyundait, ami\u00e9rt m\u00e1r el\u0151re, tudatosan finomhangolta a strat\u00e9gi\u00e1j\u00e1t, \u00e9s id\u0151ben l\u00e9pett a megfelel\u0151 ir\u00e1nyba. A Hyundai ugyanis nem hagyta, hogy k\u00e1osz alakuljon ki a n\u00e9vad\u00e1s k\u00f6r\u00fcl, hanem \u00fcgyesen \u00e9s \u00e1tgondoltan vezette be az Ioniq alm\u00e1rk\u00e1t, amelyet teljesen az elektromos j\u00f6v\u0151re szabtak.<\/p>\n<p>Az Ioniq modellcsal\u00e1d jelenlegi cs\u00facsragadoz\u00f3ja, az Ioniq 9, nemcsak a m\u00e9rete \u00e9s felszerelts\u00e9ge miatt t\u0171nik ki a mez\u0151nyb\u0151l, hanem az\u00e9rt is, mert ebben az aut\u00f3ban val\u00f3ban benne van minden, amit a Hyundai jelenleg ny\u00fajtani tud. Ambici\u00f3zus, pr\u00e9mium megjelen\u00e9s\u0171, t\u00e1gas, \u00e9s egy\u00e9rtelm\u0171en azt a c\u00e9lt szolg\u00e1lja, hogy megmutassa, mire k\u00e9pes a m\u00e1rka a modern, elektromos hajt\u00e1s\u00fa j\u00e1rm\u0171vek vil\u00e1g\u00e1ban. Olyan, mint egy kir\u00e1ly a sakkt\u00e1bl\u00e1n \u2013 nem v\u00e9letlen\u00fcl emlegetik \u00edgy h\u00e1zon bel\u00fcl is, hiszen a m\u00e1rka \u201esakkl\u00e9p\u00e9s\u201d diz\u00e1jnkoncepci\u00f3ja szerint minden egyes modellnek saj\u00e1t karaktert, egyedi arculatot kell kapnia.<\/p>\n<p>Els\u0151 k\u00f6rben csak a legdr\u00e1g\u00e1bb \u00e9s legt\u00f6bbet tud\u00f3 v\u00e1ltozatot, az \u00fagynevezett \u201ePerformance Calligraphy\u201d felszerelts\u00e9get pr\u00f3b\u00e1ltuk ki, ami 429 l\u00f3er\u0151t, k\u00e9t elektromos motort \u00e9s minden elk\u00e9pzelhet\u0151 k\u00e9nyelmi, technol\u00f3giai \u00e9s biztons\u00e1gi extr\u00e1t tartalmaz. Ez a kivitel val\u00f3sz\u00edn\u0171leg nem lesz t\u00f6megcikk, ink\u00e1bb egy sz\u0171k r\u00e9teget c\u00e9loz meg, de k\u00e9s\u0151bb term\u00e9szetesen ki fogjuk pr\u00f3b\u00e1lni az olcs\u00f3bb, sz\u00e9lesebb k\u00f6z\u00f6ns\u00e9gnek sz\u00e1nt v\u00e1ltozatokat is.<\/p>\n<p>A Hyundai c\u00e9lja az, hogy minden Ioniq modell \u2013 legyen az az 5-\u00f6s, a 6-os vagy most a 9-es \u2013 j\u00f3l megk\u00fcl\u00f6nb\u00f6ztethet\u0151 legyen egym\u00e1st\u00f3l. Ha egym\u00e1s mell\u00e9 \u00e1ll\u00edtjuk ezeket az aut\u00f3kat, akkor csak a m\u00e1rkajelz\u00e9s \u00e9s n\u00e9h\u00e1ny finom r\u00e9szlet, p\u00e9ld\u00e1ul a j\u00f3l ismert pixelmint\u00e1s vil\u00e1g\u00edt\u00e1s eml\u00e9keztet r\u00e1, hogy egy csal\u00e1d tagjai. Egy\u00e9bk\u00e9nt formailag \u00e9s karakterben is nagyon elt\u00e9rnek \u2013 ami sz\u00e1nd\u00e9kos.<\/p>\n","protected":false},"excerpt":{"rendered":"<p>Akkor eld\u00f6nt\u00f6ttem, hogy most kell meg\u00e1llni, mert az idegrendszerem nem b\u00edrja ezt a fajta fesz\u00fclts\u00e9get. Nagyon hossz\u00fa volt az elm\u00falt&#8230; <span class=\"gridview-grid-post-read-more\"><a href=\"https:\/\/matrend.hu\/nekedinfo\/a-teve-elott-lett-rosszul-ujabb-sztrokot-kapott-schobert-norbi\/\">read more<span class=\"gridview-sr-only\"> A t\u00e9v\u00e9 el\u0151tt lett rosszul. \u00dajabb sztr\u00f3kot kapott Schobert Norbi<\/span><\/a><\/span><\/p>\n","protected":false},"author":1,"featured_media":2934,"comment_status":"open","ping_status":"open","sticky":false,"template":"","format":"standard","meta":{"footnotes":""},"categories":[1],"tags":[],"class_list":["post-2933","post","type-post","status-publish","format-standard","has-post-thumbnail","hentry","category-egyeb","wpcat-1-id"],"_links":{"self":[{"href":"https:\/\/matrend.hu\/nekedinfo\/wp-json\/wp\/v2\/posts\/2933","targetHints":{"allow":["GET"]}}],"collection":[{"href":"https:\/\/matrend.hu\/nekedinfo\/wp-json\/wp\/v2\/posts"}],"about":[{"href":"https:\/\/matrend.hu\/nekedinfo\/wp-json\/wp\/v2\/types\/post"}],"author":[{"embeddable":true,"href":"https:\/\/matrend.hu\/nekedinfo\/wp-json\/wp\/v2\/users\/1"}],"replies":[{"embeddable":true,"href":"https:\/\/matrend.hu\/nekedinfo\/wp-json\/wp\/v2\/comments?post=2933"}],"version-history":[{"count":1,"href":"https:\/\/matrend.hu\/nekedinfo\/wp-json\/wp\/v2\/posts\/2933\/revisions"}],"predecessor-version":[{"id":2935,"href":"https:\/\/matrend.hu\/nekedinfo\/wp-json\/wp\/v2\/posts\/2933\/revisions\/2935"}],"wp:featuredmedia":[{"embeddable":true,"href":"https:\/\/matrend.hu\/nekedinfo\/wp-json\/wp\/v2\/media\/2934"}],"wp:attachment":[{"href":"https:\/\/matrend.hu\/nekedinfo\/wp-json\/wp\/v2\/media?parent=2933"}],"wp:term":[{"taxonomy":"category","embeddable":true,"href":"https:\/\/matrend.hu\/nekedinfo\/wp-json\/wp\/v2\/categories?post=2933"},{"taxonomy":"post_tag","embeddable":true,"href":"https:\/\/matrend.hu\/nekedinfo\/wp-json\/wp\/v2\/tags?post=2933"}],"curies":[{"name":"wp","href":"https:\/\/api.w.org\/{rel}","templated":true}]}}