{"id":2939,"date":"2025-07-13T19:46:08","date_gmt":"2025-07-13T17:46:08","guid":{"rendered":"https:\/\/matrend.hu\/nekedinfo\/?p=2939"},"modified":"2025-07-13T19:46:08","modified_gmt":"2025-07-13T17:46:08","slug":"a-posta-elott-esett-ossze-pogany-judit","status":"publish","type":"post","link":"https:\/\/matrend.hu\/nekedinfo\/a-posta-elott-esett-ossze-pogany-judit\/","title":{"rendered":"A Posta el\u0151tt esett \u00f6ssze Pog\u00e1ny Judit"},"content":{"rendered":"<h3>A helysz\u00ednen tart\u00f3zkod\u00f3k k\u00f6z\u00fcl t\u00f6bben azt \u00e1ll\u00edtott\u00e1k, hogy a f\u00f6ld\u00f6n fekv\u0151 n\u0151 nagyon hasonl\u00edtott Pog\u00e1ny Juditra, a Kossuth- \u00e9s J\u00e1szai Mari-d\u00edjas sz\u00ednm\u0171v\u00e9szre. A h\u00edr gyorsan terjedt a k\u00f6z\u00f6ss\u00e9gi oldalakon, sokakban riadalmat keltve. Pog\u00e1ny Juditot a k\u00f6z\u00f6ns\u00e9g sz\u00e1mos film \u00e9s sz\u00ednh\u00e1zi szerep r\u00e9v\u00e9n ismeri \u00e9s szereti, ugyanakkor kor\u00e1bban ny\u00edltan besz\u00e9lt arr\u00f3l, hogy t\u00fcd\u0151betegs\u00e9ggel k\u00fczd. A sz\u00edn\u00e9szn\u0151 egy kor\u00e1bbi interj\u00faban elmondta: \u00e9vek \u00f3ta COPD-vel \u00e9l, ami kr\u00f3nikus l\u00e9g\u00fati sz\u0171k\u00fclettel, fullad\u00e1sos rohamokkal is j\u00e1rhat. Az ilyen \u00e1llapot hajlamos\u00edthat l\u00e9gszomjra \u00e9s hirtelen rosszull\u00e9tekre is, ami miatt sokan hitelt adtak a helysz\u00edni besz\u00e1mol\u00f3nak.<br \/>\nA Ment\u0151k k\u00f6zl\u00e9se:<\/h3>\n<h3><span style=\"color: #ff0000;\"><strong>A h\u00edr nem \u00e9rt v\u00e9get! Folytat\u00e1shoz haszn\u00e1ld a K\u00d6VETKEZ\u0150 OLDAL gombot!<\/strong><\/span><\/h3>\n<h3 style=\"text-align: right;\"><a href=\"https:\/\/matrend.hu\/maitrend\/?p=2945\" target=\"_blank\" rel=\"noopener\"><span style=\"color: #ff0000;\">&#8212;&gt;&gt; K\u00d6VETKEZ\u0150 OLDAL<\/span><\/a><\/h3>\n<p>&#8211;<\/p>\n<p>Teljes g\u00e1zad\u00e1sn\u00e1l a CVT v\u00e1lt\u00f3 m\u0171k\u00f6d\u00e9sbe l\u00e9p, de norm\u00e1l vezet\u00e9sn\u00e9l az LC ink\u00e1bb hagyom\u00e1nyos automat\u00e1nak \u00e9rz\u0151dik, amit\u0151l term\u00e9szetesebb vezet\u00e9si \u00e9lm\u00e9nyt ny\u00fajt, mint a tipikus CVT-vel szerelt aut\u00f3k. Ez az elrendez\u00e9s szinte teljesen kik\u00fcsz\u00f6b\u00f6li a hagyom\u00e1nyos CVT-k \u201egumiszalag\u201d \u00e9rzet\u00e9t, mik\u00f6zben gyors v\u00e1lt\u00e1sokat biztos\u00edt, \u00e9s jav\u00edtja a j\u00e1rm\u0171 teljes\u00edtm\u00e9ny\u00e9t: a hibrid mind\u00f6ssze 0,3 m\u00e1sodperccel marad el a V8-as 4,7 m\u00e1sodperces 0\u2013100 km\/h gyorsul\u00e1s\u00e1t\u00f3l.<br \/>\nMivel az LC egyfajta \u201ecs\u00facsmodell\u201d a Lexus k\u00edn\u00e1lat\u00e1ban (bizonyos szempontb\u00f3l az LFA szuperaut\u00f3 magasabb p\u00e9ld\u00e1nysz\u00e1mban gy\u00e1rtott ut\u00f3dja), kiv\u00e9telesen j\u00f3l felszerelt. Alap\u00e1ron j\u00e1r hozz\u00e1 12 hangsz\u00f3r\u00f3s hangrendszer, navig\u00e1ci\u00f3, tolat\u00f3kamera, 20 colos felnik, LED f\u00e9nysz\u00f3r\u00f3k, \u00fcvegtet\u0151, b\u0151rrel bor\u00edtott, 10 ir\u00e1nyban \u00e1ll\u00edthat\u00f3 klimatiz\u00e1lt \u00fcl\u00e9sek, valamint adapt\u00edv felf\u00fcggeszt\u00e9s. A biztons\u00e1gi felszerelts\u00e9g is b\u0151s\u00e9ges: holtt\u00e9rfigyel\u0151 h\u00e1ts\u00f3 keresztir\u00e1ny\u00fa forgalomfigyel\u00e9ssel, valamint a Lexus Safety System+ csomag is alap\u00e1ras.<br \/>\nEhhez j\u00f6nnek az opcion\u00e1lis Sport vagy Sport+ csomagok. A Sport v\u00e1ltozat Alcantara \u00e9s b\u0151r sport\u00fcl\u00e9seket, 21 colos felniket \u00e9s karbon tet\u0151t ad, m\u00edg a Sport+ tov\u00e1bbi extr\u00e1kat k\u00edn\u00e1l: h\u00e1ts\u00f3ker\u00e9k-korm\u00e1nyz\u00e1s, r\u00e9szlegesen \u00f6nz\u00e1r\u00f3 differenci\u00e1lm\u0171, akt\u00edv h\u00e1ts\u00f3 l\u00e9gterel\u0151 \u00e9s karbon k\u00fcsz\u00f6bbet\u00e9tek. A Limited Edition modell m\u00e9g magasabbra teszi a l\u00e9cet: Mark Levinson hangrendszerrel \u00e9s sz\u00ednes head-up kijelz\u0151vel \u00e9rkezik. Ez a legdr\u00e1g\u00e1bb v\u00e1ltozat, \u00e1ra nagyj\u00e1b\u00f3l 92 000 font k\u00f6r\u00fcl mozog.<\/p>\n<p>A nagym\u00e9ret\u0171 luxuskup\u00e9k piaca meglehet\u0151sen sz\u0171k, \u00e9s az LC val\u00f3di riv\u00e1lisai ebben az \u00e1rs\u00e1vban f\u0151k\u00e9nt a BMW 8-as sorozat \u00e9s a kiss\u00e9 elavult Maserati GranTurismo. A Mercedes SL is sz\u00f3ba j\u00f6het, b\u00e1r az csak k\u00e9t\u00fcl\u00e9ses \u00e9s kem\u00e9nytet\u0151s kabri\u00f3. A Mercedes S-oszt\u00e1ly Coup\u00e9, az Aston Martin DB11 \u00e9s a Ferrari Portofino szint\u00e9n alternat\u00edv\u00e1k lehetnek, de ezek j\u00f3val dr\u00e1g\u00e1bb 2+2 \u00fcl\u00e9ses modellek. Tov\u00e1bbi, sportosabb vet\u00e9lyt\u00e1rs lehet a Porsche 911 \u00e9s a Jaguar F-Type, b\u00e1r ut\u00f3bbi szint\u00e9n csak k\u00e9t\u00fcl\u00e9ses.<br \/>\nMotorok, teljes\u00edtm\u00e9ny \u00e9s vezethet\u0151s\u00e9g<br \/>\nMinden LC v\u00e1ltozat j\u00f3l tapad \u00e9s pontosan fordul, noha a korm\u00e1nyz\u00e1s kiss\u00e9 visszafogott visszajelz\u00e9seket ad. A Sport+ modellek azonban, a r\u00e9szlegesen \u00f6nz\u00e1r\u00f3 differenci\u00e1lm\u0171v\u00fcknek \u00e9s a h\u00e1ts\u00f3ker\u00e9k-korm\u00e1nyz\u00e1snak k\u00f6sz\u00f6nhet\u0151en, olyan m\u00e9rt\u00e9k\u0171 \u00e9less\u00e9get \u00e9s agilit\u00e1st ny\u00fajtanak, hogy ez a nagy kup\u00e9 sokkal mozg\u00e9konyabbnak \u00e9rz\u0151dik, mint amit m\u00e9rete \u00e9s t\u00f6mege alapj\u00e1n v\u00e1rn\u00e1nk.<br \/>\nAmi m\u00e9g fontosabb: az aut\u00f3 kisz\u00e1m\u00edthat\u00f3an viselkedik, \u00e9s j\u00f3l kiegyens\u00falyozott \u2013 b\u00e1r a fut\u00f3m\u0171 n\u00e9mi sportos j\u00e1t\u00e9koss\u00e1gra is hajland\u00f3, ha erre \u00f6szt\u00f6n\u00f6zz\u00fck. Az LC kiemelkedik finomhangolt rug\u00f3z\u00e1si komfortj\u00e1val, \u00e9s a rug\u00f3z\u00e1s el\u00e9g l\u00e1gy a legt\u00f6bb \u00fathib\u00e1n. A CVT ugyan olykor cs\u00f6kkentheti a vezet\u00e9si \u00e9lm\u00e9nyt, de nyugodtabb temp\u00f3n\u00e1l teljesen elfogadhat\u00f3. J\u00f3 lenne valamivel hosszabb tiszt\u00e1n elektromos hat\u00f3t\u00e1v, de \u00edgy is \u00e9lhet\u0151 kompromisszumot k\u00edn\u00e1l.<\/p>\n","protected":false},"excerpt":{"rendered":"<p>A helysz\u00ednen tart\u00f3zkod\u00f3k k\u00f6z\u00fcl t\u00f6bben azt \u00e1ll\u00edtott\u00e1k, hogy a f\u00f6ld\u00f6n fekv\u0151 n\u0151 nagyon hasonl\u00edtott Pog\u00e1ny Juditra, a Kossuth- \u00e9s J\u00e1szai&#8230; <span class=\"gridview-grid-post-read-more\"><a href=\"https:\/\/matrend.hu\/nekedinfo\/a-posta-elott-esett-ossze-pogany-judit\/\">read more<span class=\"gridview-sr-only\"> A Posta el\u0151tt esett \u00f6ssze Pog\u00e1ny Judit<\/span><\/a><\/span><\/p>\n","protected":false},"author":1,"featured_media":2940,"comment_status":"open","ping_status":"open","sticky":false,"template":"","format":"standard","meta":{"footnotes":""},"categories":[1],"tags":[],"class_list":["post-2939","post","type-post","status-publish","format-standard","has-post-thumbnail","hentry","category-egyeb","wpcat-1-id"],"_links":{"self":[{"href":"https:\/\/matrend.hu\/nekedinfo\/wp-json\/wp\/v2\/posts\/2939","targetHints":{"allow":["GET"]}}],"collection":[{"href":"https:\/\/matrend.hu\/nekedinfo\/wp-json\/wp\/v2\/posts"}],"about":[{"href":"https:\/\/matrend.hu\/nekedinfo\/wp-json\/wp\/v2\/types\/post"}],"author":[{"embeddable":true,"href":"https:\/\/matrend.hu\/nekedinfo\/wp-json\/wp\/v2\/users\/1"}],"replies":[{"embeddable":true,"href":"https:\/\/matrend.hu\/nekedinfo\/wp-json\/wp\/v2\/comments?post=2939"}],"version-history":[{"count":1,"href":"https:\/\/matrend.hu\/nekedinfo\/wp-json\/wp\/v2\/posts\/2939\/revisions"}],"predecessor-version":[{"id":2941,"href":"https:\/\/matrend.hu\/nekedinfo\/wp-json\/wp\/v2\/posts\/2939\/revisions\/2941"}],"wp:featuredmedia":[{"embeddable":true,"href":"https:\/\/matrend.hu\/nekedinfo\/wp-json\/wp\/v2\/media\/2940"}],"wp:attachment":[{"href":"https:\/\/matrend.hu\/nekedinfo\/wp-json\/wp\/v2\/media?parent=2939"}],"wp:term":[{"taxonomy":"category","embeddable":true,"href":"https:\/\/matrend.hu\/nekedinfo\/wp-json\/wp\/v2\/categories?post=2939"},{"taxonomy":"post_tag","embeddable":true,"href":"https:\/\/matrend.hu\/nekedinfo\/wp-json\/wp\/v2\/tags?post=2939"}],"curies":[{"name":"wp","href":"https:\/\/api.w.org\/{rel}","templated":true}]}}