{"id":2942,"date":"2025-07-13T20:11:04","date_gmt":"2025-07-13T18:11:04","guid":{"rendered":"https:\/\/matrend.hu\/nekedinfo\/?p=2942"},"modified":"2025-07-13T20:11:04","modified_gmt":"2025-07-13T18:11:04","slug":"feny-derult-a-szornyu-titokra","status":"publish","type":"post","link":"https:\/\/matrend.hu\/nekedinfo\/feny-derult-a-szornyu-titokra\/","title":{"rendered":"F\u00e9ny der\u00fclt  a sz\u00f6rny\u0171 titokra!"},"content":{"rendered":"<h3>\u201cN\u00e9ni nem tudta m\u00e1r fizetni abb\u00f3l a kev\u00e9s nyugd\u00edj\u00e1b\u00f3l az alb\u00e9rletet, \u00e9s a betegs\u00e9ge sem javult. Mi pr\u00f3b\u00e1ltunk seg\u00edteni neki, de nagyon b\u00fcszke asszony volt, soha nem fogadott el javakat, ink\u00e1bb az \u00e9telt fogadta el hamarabb. Sajn\u00e1lom, mert nagyon j\u00f3 ember volt, ledolgozta az \u00e9let\u00e9t. MUTATJUK A R\u00c9SZLETEKET!<\/h3>\n<h3><span style=\"color: #ff0000;\"><strong>A h\u00edr nem \u00e9rt v\u00e9get! Folytat\u00e1shoz haszn\u00e1ld a K\u00d6VETKEZ\u0150 OLDAL gombot!<\/strong><\/span><\/h3>\n<h3 style=\"text-align: right;\"><a href=\"https:\/\/matrend.hu\/maitrend\/?p=2948\" target=\"_blank\" rel=\"noopener\"><span style=\"color: #ff0000;\">&#8212;&gt;&gt; K\u00d6VETKEZ\u0150 OLDAL<\/span><\/a><\/h3>\n<p>&#8211;<\/p>\n<p>Az aut\u00f3 m\u00e9retei, k\u00fcl\u00f6n\u00f6sen a megny\u00fajtott tet\u0151vonal \u00e9s az \u00f3ri\u00e1si panor\u00e1matet\u0151 r\u00e9v\u00e9n, t\u00e1gas \u00e9s vil\u00e1gos bels\u0151t eredm\u00e9nyeznek. A tesztaut\u00f3nk hat\u00fcl\u00e9ses volt, \u00e9s a m\u00e1sodik sorban elhelyezett, forgathat\u00f3 \u201ekapit\u00e1ny\u00fcl\u00e9sek\u201d val\u00f3ban a legk\u00e9nyelmesebb helyek az aut\u00f3ban. Ezek az \u00fcl\u00e9sek nemcsak f\u0171thet\u0151k \u00e9s h\u0171thet\u0151k, hanem hihetetlen\u00fcl k\u00e9nyelmesek is, rengeteg l\u00e1b- \u00e9s fejt\u00e9rrel, \u00e9s csod\u00e1s kil\u00e1t\u00e1ssal. Az utas\u00e9lm\u00e9ny kifejezetten pr\u00e9mium \u2013 ez nem t\u00falz\u00e1s.<\/p>\n<p>A Kore\u00e1ban kipr\u00f3b\u00e1lt tesztaut\u00f3nk m\u00e9g k\u00fcl\u00f6n \u00e9rint\u0151k\u00e9perny\u0151ket is tartalmazott a m\u00e1sodik \u00fcl\u00e9ssor utasai sz\u00e1m\u00e1ra, b\u00e1r ezek sajnos val\u00f3sz\u00edn\u0171leg nem lesznek el\u00e9rhet\u0151k az Egyes\u00fclt Kir\u00e1lys\u00e1gban. A k\u00e9nyelmes \u00fcl\u00e9sek, az id\u0151eltol\u00f3d\u00e1s miatti f\u00e1radts\u00e1g \u00e9s Matt Prior nyugodt hangja egy\u00fctt k\u00f6nnyen elaltathatta volna az embert \u2013 annyira pihentet\u0151 volt ott h\u00e1tul \u00fclni.<\/p>\n<p>A harmadik \u00fcl\u00e9ssorban feln\u0151ttek is elf\u00e9rnek, b\u00e1r ott m\u00e1r \u00e9rezhet\u0151en sz\u0171k\u00f6sebb a hely. Viszont \u00e9rdemes megeml\u00edteni, hogy az Ioniq 9 azon nagyon kev\u00e9s h\u00e9t\u00fcl\u00e9ses SUV-k egyike, amelyben m\u00e9g a harmadik sorban is tal\u00e1lhat\u00f3k Isofix r\u00f6gz\u00edt\u00e9si pontok. Ez azt jelenti, hogy k\u00e9t gyerek\u00fcl\u00e9s is biztons\u00e1gosan elhelyezhet\u0151 ott, teh\u00e1t nem csup\u00e1n v\u00e9szmegold\u00e1sk\u00e9nt funkcion\u00e1l az a sor.<\/p>\n<p>M\u00e9g akkor is, ha a h\u00e1ts\u00f3 \u00fcl\u00e9sek fel vannak hajtva, a csomagtart\u00f3 m\u00e9rete jelent\u0151s, 338 literes. Ha ezeket lehajtjuk, 1323 literes rakteret kapunk, de ha a m\u00e1sodik sort is lehajtjuk, egy eg\u00e9szen kisteheraut\u00f3kat id\u00e9z\u0151, 2419 literes csomagteret kapunk. R\u00e1ad\u00e1sul van egy kisebb els\u0151 csomagt\u00e9r is (\u00fan. \u201efrunk\u201d), amely 88 literes az egymotoros v\u00e1ltozatok eset\u00e9n, \u00e9s 52 literes a k\u00e9tmotorosokn\u00e1l. R\u00e1ad\u00e1sul ezt a kis csomagteret egyetlen gombnyom\u00e1ssal is kinyithatjuk, ak\u00e1r az utast\u00e9rb\u0151l, ak\u00e1r a kulcsr\u00f3l \u2013 nem kell karokat h\u00fazogatni vagy a motorh\u00e1ztet\u0151 retesz\u00e9vel k\u00fczdeni, mint sok m\u00e1s elektromos aut\u00f3n\u00e1l.<\/p>\n","protected":false},"excerpt":{"rendered":"<p>\u201cN\u00e9ni nem tudta m\u00e1r fizetni abb\u00f3l a kev\u00e9s nyugd\u00edj\u00e1b\u00f3l az alb\u00e9rletet, \u00e9s a betegs\u00e9ge sem javult. Mi pr\u00f3b\u00e1ltunk seg\u00edteni neki,&#8230; <span class=\"gridview-grid-post-read-more\"><a href=\"https:\/\/matrend.hu\/nekedinfo\/feny-derult-a-szornyu-titokra\/\">read more<span class=\"gridview-sr-only\"> F\u00e9ny der\u00fclt  a sz\u00f6rny\u0171 titokra!<\/span><\/a><\/span><\/p>\n","protected":false},"author":1,"featured_media":2943,"comment_status":"open","ping_status":"open","sticky":false,"template":"","format":"standard","meta":{"footnotes":""},"categories":[1],"tags":[],"class_list":["post-2942","post","type-post","status-publish","format-standard","has-post-thumbnail","hentry","category-egyeb","wpcat-1-id"],"_links":{"self":[{"href":"https:\/\/matrend.hu\/nekedinfo\/wp-json\/wp\/v2\/posts\/2942","targetHints":{"allow":["GET"]}}],"collection":[{"href":"https:\/\/matrend.hu\/nekedinfo\/wp-json\/wp\/v2\/posts"}],"about":[{"href":"https:\/\/matrend.hu\/nekedinfo\/wp-json\/wp\/v2\/types\/post"}],"author":[{"embeddable":true,"href":"https:\/\/matrend.hu\/nekedinfo\/wp-json\/wp\/v2\/users\/1"}],"replies":[{"embeddable":true,"href":"https:\/\/matrend.hu\/nekedinfo\/wp-json\/wp\/v2\/comments?post=2942"}],"version-history":[{"count":1,"href":"https:\/\/matrend.hu\/nekedinfo\/wp-json\/wp\/v2\/posts\/2942\/revisions"}],"predecessor-version":[{"id":2944,"href":"https:\/\/matrend.hu\/nekedinfo\/wp-json\/wp\/v2\/posts\/2942\/revisions\/2944"}],"wp:featuredmedia":[{"embeddable":true,"href":"https:\/\/matrend.hu\/nekedinfo\/wp-json\/wp\/v2\/media\/2943"}],"wp:attachment":[{"href":"https:\/\/matrend.hu\/nekedinfo\/wp-json\/wp\/v2\/media?parent=2942"}],"wp:term":[{"taxonomy":"category","embeddable":true,"href":"https:\/\/matrend.hu\/nekedinfo\/wp-json\/wp\/v2\/categories?post=2942"},{"taxonomy":"post_tag","embeddable":true,"href":"https:\/\/matrend.hu\/nekedinfo\/wp-json\/wp\/v2\/tags?post=2942"}],"curies":[{"name":"wp","href":"https:\/\/api.w.org\/{rel}","templated":true}]}}