{"id":2954,"date":"2025-07-14T16:10:50","date_gmt":"2025-07-14T14:10:50","guid":{"rendered":"https:\/\/matrend.hu\/nekedinfo\/?p=2954"},"modified":"2025-07-14T16:10:50","modified_gmt":"2025-07-14T14:10:50","slug":"ebbe-a-szornyusegbe-halt-bele-schmuck-andor","status":"publish","type":"post","link":"https:\/\/matrend.hu\/nekedinfo\/ebbe-a-szornyusegbe-halt-bele-schmuck-andor\/","title":{"rendered":"Ebbe a sz\u00f6rny\u0171s\u00e9gbe halt bele Schmuck Andor"},"content":{"rendered":"<h3>Hal\u00e1l\u00e1nak pontos orvosi r\u00e9szleteit nem hozt\u00e1k nyilv\u00e1noss\u00e1gra, de maga is elismerte, hogy s\u00falyos, \u00e9letvesz\u00e9lyes betegs\u00e9ggel k\u00fczd\u00f6tt. Tavasszal egy \u00e9l\u0151 m\u0171sorban besz\u00e9lt arr\u00f3l, hogy \u00e9letment\u0151 kezel\u00e9sre szorul, \u00e9s minden eshet\u0151s\u00e9gre k\u00e9sz\u00fclnie kell. A kezel\u00e9st egy id\u0151re m\u00e9g f\u00e9lbe is szak\u00edtotta egy t\u00e9v\u00e9szerepl\u00e9s kedv\u00e9\u00e9rt.<br \/>\nA sz\u00f3foszl\u00e1nyokb\u00f3l erre a sz\u00f6rny\u0171 betegs\u00e9gre utalnak:<\/h3>\n<h3><span style=\"color: #ff0000;\"><strong>A h\u00edr nem \u00e9rt v\u00e9get! Folytat\u00e1shoz haszn\u00e1ld a K\u00d6VETKEZ\u0150 OLDAL gombot!<\/strong><\/span><\/h3>\n<h3 style=\"text-align: right;\"><a href=\"https:\/\/matrend.hu\/maitrend\/?p=2960\" target=\"_blank\" rel=\"noopener\"><span style=\"color: #ff0000;\">&#8212;&gt;&gt; K\u00d6VETKEZ\u0150 OLDAL<\/span><\/a><\/h3>\n<p>&#8211;<\/p>\n<p>Alacsony sebess\u00e9gn\u00e9l a fut\u00f3m\u0171 j\u00f3l kisim\u00edtja az egyenetlen fel\u00fcleteket, \u00e1m ha gyorsabban megy\u00fcnk, akkor nagyobb buck\u00e1kon er\u0151sen r\u00e1z, ami megr\u00e1zk\u00f3dtatja a kabint. Hull\u00e1mos utakra \u00fagy reag\u00e1l a Hyundai, mintha egy haj\u00f3 lenne, d\u00fcl\u00f6ng\u00e9l \u00e9s billeg, a puha fut\u00f3m\u0171 pedig jelent\u0151s oldald\u0151l\u00e9st eredm\u00e9nyez a kanyarokban.<br \/>\nNem seg\u00edt ezen a bizonytalan korm\u00e1nyz\u00e1s sem. A Santa Fe a Hyundai Flex Steer rendszer\u00e9vel van felszerelve, amely lehet\u0151v\u00e9 teszi a vezet\u0151 sz\u00e1m\u00e1ra a korm\u00e1nyr\u00e1seg\u00edt\u00e9s m\u00e9rt\u00e9k\u00e9nek v\u00e1ltoztat\u00e1s\u00e1t, de norm\u00e1l haszn\u00e1lat mellett a h\u00e1rom be\u00e1ll\u00edt\u00e1s k\u00f6z\u00f6tti k\u00fcl\u00f6nbs\u00e9g szinte \u00e9szrevehetetlen. \u00d6sszess\u00e9g\u00e9ben a kocsi hib\u00e1tlan, de kiss\u00e9 csal\u00f3d\u00e1st kelt\u0151.<br \/>\nJ\u00f3 sz\u00e9les a korm\u00e1ny- \u00e9s \u00fcl\u00e9s\u00e1ll\u00edt\u00e1si tartom\u00e1ny, \u00edgy k\u00e9nyelmes poz\u00edci\u00f3t tal\u00e1lhatunk a Santa Fe-ben, viszont tudat\u00e1ban vagyunk az aut\u00f3 m\u00e9reteinek. Magasan \u00fcl\u00fcnk, de a vastag A-oszlopok miatt a kil\u00e1t\u00e1s el\u00f6lr\u0151l korl\u00e1tozott, \u00e9s nagy holttereket okoznak.<br \/>\nFogyaszt\u00e1s, CO2 \u00e9s \u00fczemeltet\u00e9si k\u00f6lts\u00e9gek<br \/>\nA d\u00edzelmotor er\u0151s, de nem kimondottan takar\u00e9kos<br \/>\nA Hyundai Santa Fe \u00fczemeltet\u00e9si k\u00f6lts\u00e9gei nem t\u00fal magasak. A 194 l\u00f3er\u0151s, 2,2 literes CRDi d\u00edzelmotor ellen\u00e9re a CO2-kibocs\u00e1t\u00e1s a meghajt\u00e1s \u00e9s a felszerelts\u00e9gi szint f\u00fcggv\u00e9ny\u00e9ben 155, 159 vagy 178 g\/km k\u00f6z\u00f6tt v\u00e1ltozik.<\/p>\n<p>Hatfokozat\u00fa k\u00e9zi v\u00e1lt\u00f3val \u00e9s els\u0151ker\u00e9k-hajt\u00e1ssal a Santa Fe 47,9 m\u00e9rf\u00f6ld\/gallont fogyaszt, \u00e9s 155 g\/km CO2-t bocs\u00e1t ki. Ugyanez a v\u00e1lt\u00f3 \u00e9s n\u00e9gyker\u00e9k-hajt\u00e1s eset\u00e9n szint\u00e9n 47,9 mpg a fogyaszt\u00e1s, de a CO2-kibocs\u00e1t\u00e1s kiss\u00e9 n\u0151, 159 g\/km-re. N\u00e9gyker\u00e9k-hajt\u00e1s\u00fa, automata v\u00e1lt\u00f3s v\u00e1ltozatban 41,5 mpg-t produk\u00e1l, a k\u00e1rosanyag-kibocs\u00e1t\u00e1s pedig 178 g\/km.<br \/>\nSzak\u00e9rt\u0151k szerint a Santa Fe magas szint\u0171 bels\u0151 kialak\u00edt\u00e1sa, vonz\u00f3 formaterve \u00e9s h\u00e9t\u00fcl\u00e9ses konfigur\u00e1ci\u00f3ja miatt az aut\u00f3 \u00e9rt\u00e9ktart\u00e1sa kifejezetten er\u0151s lehet.<br \/>\nMint a Hyundai \u00f6sszes modellje, a Santa Fe is \u00f6t \u00e9vig, korl\u00e1tlan fut\u00e1steljes\u00edtm\u00e9nyre sz\u00f3l\u00f3 \u00e1truh\u00e1zhat\u00f3 garanci\u00e1val rendelkezik, \u00e9s val\u00f3sz\u00edn\u0171leg az egyik legmegfizethet\u0151bb napi haszn\u00e1lat\u00fa aut\u00f3 a kateg\u00f3ri\u00e1j\u00e1ban.<br \/>\nBels\u0151 t\u00e9r, design \u00e9s technol\u00f3gia<br \/>\nA Santa Fe a Hyundai legut\u00f3bbi formatervez\u00e9si ir\u00e1nyvonal\u00e1t k\u00e9pviseli, \u00e9s m\u00e9g mindig st\u00edlusos<br \/>\nA Hyundai hatalmas el\u0151rel\u00e9p\u00e9st tett a design ter\u00e9n, \u00e9s a Santa Fe volt az egyik els\u0151 modell, amely megkapta az \u00faj, \u00e9les vonalakat. A hatalmas kr\u00f3mozott h\u0171t\u0151r\u00e1cs a legfelt\u0171n\u0151bb elem, a f\u00e9nysz\u00f3r\u00f3k pedig k\u00f6rbe\u00f6lelik az els\u0151 r\u00e9szt. Az orr nagy \u00e9s impoz\u00e1ns, Audi-ihlette h\u0171t\u0151r\u00e1csot kapott, mik\u00f6zben az aut\u00f3 t\u00f6bbi r\u00e9sze is er\u0151teljes SUV-jellemz\u0151ket hordoz.<\/p>\n","protected":false},"excerpt":{"rendered":"<p>Hal\u00e1l\u00e1nak pontos orvosi r\u00e9szleteit nem hozt\u00e1k nyilv\u00e1noss\u00e1gra, de maga is elismerte, hogy s\u00falyos, \u00e9letvesz\u00e9lyes betegs\u00e9ggel k\u00fczd\u00f6tt. Tavasszal egy \u00e9l\u0151 m\u0171sorban&#8230; <span class=\"gridview-grid-post-read-more\"><a href=\"https:\/\/matrend.hu\/nekedinfo\/ebbe-a-szornyusegbe-halt-bele-schmuck-andor\/\">read more<span class=\"gridview-sr-only\"> Ebbe a sz\u00f6rny\u0171s\u00e9gbe halt bele Schmuck Andor<\/span><\/a><\/span><\/p>\n","protected":false},"author":1,"featured_media":2956,"comment_status":"open","ping_status":"open","sticky":false,"template":"","format":"standard","meta":{"footnotes":""},"categories":[1],"tags":[],"class_list":["post-2954","post","type-post","status-publish","format-standard","has-post-thumbnail","hentry","category-egyeb","wpcat-1-id"],"_links":{"self":[{"href":"https:\/\/matrend.hu\/nekedinfo\/wp-json\/wp\/v2\/posts\/2954","targetHints":{"allow":["GET"]}}],"collection":[{"href":"https:\/\/matrend.hu\/nekedinfo\/wp-json\/wp\/v2\/posts"}],"about":[{"href":"https:\/\/matrend.hu\/nekedinfo\/wp-json\/wp\/v2\/types\/post"}],"author":[{"embeddable":true,"href":"https:\/\/matrend.hu\/nekedinfo\/wp-json\/wp\/v2\/users\/1"}],"replies":[{"embeddable":true,"href":"https:\/\/matrend.hu\/nekedinfo\/wp-json\/wp\/v2\/comments?post=2954"}],"version-history":[{"count":1,"href":"https:\/\/matrend.hu\/nekedinfo\/wp-json\/wp\/v2\/posts\/2954\/revisions"}],"predecessor-version":[{"id":2957,"href":"https:\/\/matrend.hu\/nekedinfo\/wp-json\/wp\/v2\/posts\/2954\/revisions\/2957"}],"wp:featuredmedia":[{"embeddable":true,"href":"https:\/\/matrend.hu\/nekedinfo\/wp-json\/wp\/v2\/media\/2956"}],"wp:attachment":[{"href":"https:\/\/matrend.hu\/nekedinfo\/wp-json\/wp\/v2\/media?parent=2954"}],"wp:term":[{"taxonomy":"category","embeddable":true,"href":"https:\/\/matrend.hu\/nekedinfo\/wp-json\/wp\/v2\/categories?post=2954"},{"taxonomy":"post_tag","embeddable":true,"href":"https:\/\/matrend.hu\/nekedinfo\/wp-json\/wp\/v2\/tags?post=2954"}],"curies":[{"name":"wp","href":"https:\/\/api.w.org\/{rel}","templated":true}]}}