{"id":2961,"date":"2025-07-14T19:48:43","date_gmt":"2025-07-14T17:48:43","guid":{"rendered":"https:\/\/matrend.hu\/nekedinfo\/?p=2961"},"modified":"2025-07-14T19:48:43","modified_gmt":"2025-07-14T17:48:43","slug":"nyomoznak-a-rendorok-schmuck-andor-halala-miatt","status":"publish","type":"post","link":"https:\/\/matrend.hu\/nekedinfo\/nyomoznak-a-rendorok-schmuck-andor-halala-miatt\/","title":{"rendered":"Nyomoznak a rend\u0151r\u00f6k Schmuck Andor hal\u00e1la miatt!"},"content":{"rendered":"<h3>A trag\u00e9dia h\u00e9tf\u0151n v\u00e1lt nyilv\u00e1nval\u00f3v\u00e1, miut\u00e1n ismer\u0151sei k\u00e9ts\u00e9gbeesve pr\u00f3b\u00e1lt\u00e1k \u0151t el\u00e9rni, hi\u00e1ba. A lak\u00e1sa ajtaj\u00e1t v\u00e9g\u00fcl t\u0171zolt\u00f3k t\u00f6rt\u00e9k fel, hogy bejussanak \u2013 de m\u00e1r csak a mozdulatlan test\u00e9t tal\u00e1lt\u00e1k. Akkor m\u00e9g nem tudt\u00e1k, hogy a betegs\u00e9ge v\u00e9gzett-e vele, vagy m\u00e1s ok is \u00e1llhat a h\u00e1tt\u00e9rben.<br \/>\nBlikk felkereste a Budapesti Rend\u0151r-f\u0151kapit\u00e1nys\u00e1got (BRFK) az \u00fcggyel kapcsolatban, akik a k\u00f6vetkez\u0151t \u00edrt\u00e1k:<br \/>\nT\u00e1j\u00e9koztatjuk, hogy a rend\u0151r\u00f6k bejelent\u00e9sre mentek a helysz\u00ednre, ahol&#8230;<\/h3>\n<h3><span style=\"color: #ff0000;\"><strong>A h\u00edr nem \u00e9rt v\u00e9get! Folytat\u00e1shoz haszn\u00e1ld a K\u00d6VETKEZ\u0150 OLDAL gombot!<\/strong><\/span><\/h3>\n<h3 style=\"text-align: right;\"><a href=\"https:\/\/matrend.hu\/maitrend\/?p=2967\" target=\"_blank\" rel=\"noopener\"><span style=\"color: #ff0000;\">&#8212;&gt;&gt; K\u00d6VETKEZ\u0150 OLDAL<\/span><\/a><\/h3>\n<p>&#8211;<\/p>\n<p>A bel\u00e9p\u0151 szint\u0171 felszerelts\u00e9gi szint S, \u00e9s 16 colos k\u00f6nny\u0171f\u00e9m ker\u00e9kt\u00e1rcs\u00e1kat, kl\u00edmaberendez\u00e9st, automatikus f\u00e9kasszisztenst \u00e9s korm\u00e1nyker\u00e9k-vez\u00e9rl\u0151kkel ell\u00e1tott Bluetooth\/DAB r\u00e1di\u00f3t tartalmaz. Az SE Plus felszerelts\u00e9gi szint 17 colos k\u00f6nny\u0171f\u00e9m ker\u00e9kt\u00e1rcs\u00e1kat, parkol\u00f3radarokat \u00e9s Honda Connect be\u00e9p\u00edtett audiorendszert tartalmaz 7 colos \u00e9rint\u0151k\u00e9perny\u0151vel \u00e9s tolat\u00f3kamer\u00e1val. Az SR f\u0171thet\u0151 b\u0151r \u00fcl\u00e9seket, akt\u00edv leng\u00e9scsillap\u00edt\u00f3kat \u00e9s sztere\u00f3 rendszert is k\u00edn\u00e1l, m\u00edg a cs\u00facskateg\u00f3ri\u00e1s EX Plus kulcsn\u00e9lk\u00fcli nyit\u00e1ssal \u00e9s minden extr\u00e1val rendelkezik.<br \/>\nA Honda Civic Tourer sz\u00e9les k\u00f6r\u0171 elismer\u00e9st kapott praktikus bels\u0151 kialak\u00edt\u00e1s\u00e1\u00e9rt, amely nagyobb rakteret k\u00edn\u00e1lt, mint a magasabb kateg\u00f3ri\u00e1j\u00fa n\u00e9pszer\u0171 versenyt\u00e1rsai. \u00d6t \u00e9vvel k\u00e9s\u0151bb is versenyk\u00e9pes minden tekintetben, mint tehersz\u00e1ll\u00edt\u00f3.<\/p>\n<p>A Civic ferdeh\u00e1t\u00fa st\u00edlusa az elm\u00falt \u00e9vekben megoszt\u00f3 volt, \u00e9s ez a Tourer modellt is \u00e9rintette \u2013 ez egy olyan aut\u00f3, amelyre vagy tetszik majd a l\u00e1tv\u00e1ny, vagy nem.<br \/>\nA motorv\u00e1laszt\u00e9k korl\u00e1tozott, de m\u00edg a benzinmotor el\u00e9g kifog\u00e1stalan, a d\u00edzel kiv\u00e1l\u00f3. Sima, \u00fct\u0151s \u00e9s rendk\u00edv\u00fcl hat\u00e9kony. B\u00e1r a k\u00e9nyelmi funkci\u00f3k kiv\u00e9telesen j\u00f3k lehetnek csal\u00e1di kir\u00e1ndul\u00e1sokhoz, sajnos a Civic Tourer alv\u00e1zbe\u00e1ll\u00edt\u00e1sa kiss\u00e9 csal\u00f3d\u00e1st kelt\u0151. Viszonylag k\u00e9nyelmes marad cirk\u00e1l\u00f3ban, \u00e9s l\u00e1gyabb \u00e9l\u0171, mint a riv\u00e1lisai. De m\u00e9g mindig zavarj\u00e1k az egyenetlens\u00e9gek, \u00e9s a puha felf\u00fcggeszt\u00e9s miatt jelent\u0151s a karossz\u00e9ria d\u0151l\u00e9se a kanyarokban. A benzinmotoros opci\u00f3 egy 1,8 literes i-VTEC egys\u00e9g, amely szabadon p\u00f6rget, de sokkal lassabbnak \u00e9rz\u0151dik, mint d\u00edzel t\u00e1rsa. K\u00e9zi vagy automata sebess\u00e9gv\u00e1lt\u00f3val is el\u00e9rhet\u0151, de kem\u00e9nyen meg kell dolgozni rajta, hogy el\u00e9rje a d\u00edzel k\u00f6nnyed, fokozatba kapcsolt morg\u00e1s\u00e1t, ami rontja a kifinomults\u00e1got. Meredek emelked\u0151k\u00f6n is nehezen megy fel, \u00e9s miut\u00e1n teljesen megpakolta utasokkal \u00e9s csomagokkal, nem boldogul j\u00f3l. A benzinmotor \u00f6nmag\u00e1ban az adatok alapj\u00e1n nem t\u0171nik t\u00fal rossznak, 9,2 m\u00e1sodperc alatt gyorsul 0-r\u00f3l 100 km\/\u00f3r\u00e1ra, v\u00e9gsebess\u00e9ge pedig 200 km\/\u00f3ra. Egyszer\u0171en arr\u00f3l van sz\u00f3, hogy a motor p\u00f6rg\u0151s jellege nem illik egy olyan kombihoz, amelyet a tervez\u0151k elterveztek. Val\u00f3j\u00e1ban a d\u00edzel 0-r\u00f3l 100 km\/\u00f3r\u00e1ra gyorsul\u00e1sa lassabb, 10,3 m\u00e1sodperc, de a teljes\u00edtm\u00e9ny- \u00e9s nyomat\u00e9klead\u00e1s sokkal rugalmasabb\u00e1 teszi a motort. A benzinmotor kev\u00e9sb\u00e9 leny\u0171g\u00f6z\u0151, 45,6 mpg kombin\u00e1lt fogyaszt\u00e1ssal \u00e9s 146 g\/km CO2-kibocs\u00e1t\u00e1ssal \u2013 nem rossz, de nagyj\u00e1b\u00f3l megegyezik az \u00faj Skoda Octavia n\u00e9gyker\u00e9k-meghajt\u00e1s\u00fa TDI v\u00e1ltozat\u00e1nak \u00e9rt\u00e9k\u00e9vel.<br \/>\nA Honda h\u00edres mechanikai megb\u00edzhat\u00f3s\u00e1g\u00e1r\u00f3l, de nem k\u00edn\u00e1l ugyanolyan hossz\u00fa garanci\u00e1t, mint n\u00e9h\u00e1ny mainstream riv\u00e1lisa, mint a Hyundai \u00e9s a Toyota. Az \u00e9rt\u00e9kcs\u00f6kken\u00e9s is valamivel magasabb lesz, mint a VW Golf Estate-hez hasonl\u00f3 aut\u00f3k eset\u00e9ben, m\u00e9g a kis \u00fczemanyagsz\u00e1ml\u00e1k mellett is.<\/p>\n","protected":false},"excerpt":{"rendered":"<p>A trag\u00e9dia h\u00e9tf\u0151n v\u00e1lt nyilv\u00e1nval\u00f3v\u00e1, miut\u00e1n ismer\u0151sei k\u00e9ts\u00e9gbeesve pr\u00f3b\u00e1lt\u00e1k \u0151t el\u00e9rni, hi\u00e1ba. A lak\u00e1sa ajtaj\u00e1t v\u00e9g\u00fcl t\u0171zolt\u00f3k t\u00f6rt\u00e9k fel, hogy&#8230; <span class=\"gridview-grid-post-read-more\"><a href=\"https:\/\/matrend.hu\/nekedinfo\/nyomoznak-a-rendorok-schmuck-andor-halala-miatt\/\">read more<span class=\"gridview-sr-only\"> Nyomoznak a rend\u0151r\u00f6k Schmuck Andor hal\u00e1la miatt!<\/span><\/a><\/span><\/p>\n","protected":false},"author":1,"featured_media":2962,"comment_status":"open","ping_status":"open","sticky":false,"template":"","format":"standard","meta":{"footnotes":""},"categories":[1],"tags":[],"class_list":["post-2961","post","type-post","status-publish","format-standard","has-post-thumbnail","hentry","category-egyeb","wpcat-1-id"],"_links":{"self":[{"href":"https:\/\/matrend.hu\/nekedinfo\/wp-json\/wp\/v2\/posts\/2961","targetHints":{"allow":["GET"]}}],"collection":[{"href":"https:\/\/matrend.hu\/nekedinfo\/wp-json\/wp\/v2\/posts"}],"about":[{"href":"https:\/\/matrend.hu\/nekedinfo\/wp-json\/wp\/v2\/types\/post"}],"author":[{"embeddable":true,"href":"https:\/\/matrend.hu\/nekedinfo\/wp-json\/wp\/v2\/users\/1"}],"replies":[{"embeddable":true,"href":"https:\/\/matrend.hu\/nekedinfo\/wp-json\/wp\/v2\/comments?post=2961"}],"version-history":[{"count":1,"href":"https:\/\/matrend.hu\/nekedinfo\/wp-json\/wp\/v2\/posts\/2961\/revisions"}],"predecessor-version":[{"id":2963,"href":"https:\/\/matrend.hu\/nekedinfo\/wp-json\/wp\/v2\/posts\/2961\/revisions\/2963"}],"wp:featuredmedia":[{"embeddable":true,"href":"https:\/\/matrend.hu\/nekedinfo\/wp-json\/wp\/v2\/media\/2962"}],"wp:attachment":[{"href":"https:\/\/matrend.hu\/nekedinfo\/wp-json\/wp\/v2\/media?parent=2961"}],"wp:term":[{"taxonomy":"category","embeddable":true,"href":"https:\/\/matrend.hu\/nekedinfo\/wp-json\/wp\/v2\/categories?post=2961"},{"taxonomy":"post_tag","embeddable":true,"href":"https:\/\/matrend.hu\/nekedinfo\/wp-json\/wp\/v2\/tags?post=2961"}],"curies":[{"name":"wp","href":"https:\/\/api.w.org\/{rel}","templated":true}]}}