{"id":2964,"date":"2025-07-14T20:22:47","date_gmt":"2025-07-14T18:22:47","guid":{"rendered":"https:\/\/matrend.hu\/nekedinfo\/?p=2964"},"modified":"2025-07-14T20:22:47","modified_gmt":"2025-07-14T18:22:47","slug":"meghalt-a-nagymamajat-megmenteni-akaro-lany","status":"publish","type":"post","link":"https:\/\/matrend.hu\/nekedinfo\/meghalt-a-nagymamajat-megmenteni-akaro-lany\/","title":{"rendered":"Meghalt a nagymam\u00e1j\u00e1t megmenteni akar\u00f3 l\u00e1ny!"},"content":{"rendered":"<h3>Hi\u00e1ba k\u00e9rte a ment\u0151k seg\u00edts\u00e9g\u00e9t: B\u00e1r a l\u00e1nynak m\u00e9g siker\u00fclt telefonon ment\u0151t h\u00edvnia, \u00fagy t\u0171nik, p\u00e1nikban t\u00e9ves c\u00edmet adott meg. Emiatt a ment\u0151k nem tal\u00e1lt\u00e1k meg id\u0151ben. A helyiek szerint k\u00fclf\u00f6ld\u00f6n \u00e9lt, \u00e9s ez\u00e9rt is nehezebb volt pontosan megadnia a helysz\u00ednt.<br \/>\n\u00cdGY TAL\u00c1LT\u00c1K MEG:<\/h3>\n<h3><span style=\"color: #ff0000;\"><strong>A h\u00edr nem \u00e9rt v\u00e9get! Folytat\u00e1shoz haszn\u00e1ld a K\u00d6VETKEZ\u0150 OLDAL gombot!<\/strong><\/span><\/h3>\n<h3 style=\"text-align: right;\"><a href=\"https:\/\/matrend.hu\/maitrend\/?p=2970\" target=\"_blank\" rel=\"noopener\"><span style=\"color: #ff0000;\">&#8212;&gt;&gt; K\u00d6VETKEZ\u0150 OLDAL<\/span><\/a><\/h3>\n<p>&#8211;<\/p>\n<p>A k\u00f6vetkez\u0151 legjobb v\u00e1laszt\u00e1s az els\u0151ker\u00e9k-meghajt\u00e1s\u00fa 1.7 CRDi BlueDrive, amely 54,3 mpg-s fogyaszt\u00e1st \u00e9s 135 g\/km-es CO\u2082-kibocs\u00e1t\u00e1st \u00edg\u00e9r \u2013 ez nem olyan alacsony, mint n\u00e9h\u00e1ny versenyt\u00e1rs\u00e9. A nem-BlueDrive modell 53,3 mpg-t \u00e9s 139 g\/km-t produk\u00e1l, teh\u00e1t a k\u00fcl\u00f6nbs\u00e9g a val\u00f3s\u00e1gban alig \u00e9szrevehet\u0151. Ha a nagyobb teljes\u00edtm\u00e9ny\u0171, \u00f6sszker\u00e9khajt\u00e1s\u00fa 2.0 CRDi automata v\u00e1lt\u00f3s Premium felszerelts\u00e9g\u0171 v\u00e1ltozatot v\u00e1lasztod, ezek az \u00e9rt\u00e9kek 40,4 mpg-re \u00e9s 183 g\/km-re romlanak.<br \/>\nAz \u00f6t \u00e9v garancia hossz\u00fa t\u00e1von seg\u00edt meg\u00f3vni a jav\u00edt\u00e1si k\u00f6lts\u00e9gekt\u0151l, \u00e9s a Hyundai k\u00edn\u00e1l egy el\u0151re kifizethet\u0151 szervizcsomagot is \u2013 d\u00edzel eset\u00e9n 499 font\u00e9rt, benzinesn\u00e9l 399 font\u00e9rt \u2013, ami 36 h\u00f3napra \u00e9s 30 000 m\u00e9rf\u00f6ldre fedezi a rendszeres karbantart\u00e1sokat. Szak\u00e9rt\u0151ink szerint az aut\u00f3 k\u00f6r\u00fclbel\u00fcl \u00fajkori \u00e1r\u00e1nak 50%-\u00e1t megtartja h\u00e1rom \u00e9v alatt.<br \/>\nA cs\u00facskateg\u00f3ri\u00e1s Premium felszerelts\u00e9g rendk\u00edv\u00fcl gazdag alapfelszerelts\u00e9ggel \u00e9rkezik, ami ak\u00e1r egy luxuslimuzinban is meg\u00e1lln\u00e1 a hely\u00e9t \u2013 r\u00e1ad\u00e1sul m\u00e9g \u00edgy is olcs\u00f3bb, mint a Honda vagy a Mazda hasonl\u00f3 modelljei.<br \/>\nA Hyundai mer\u00e9szen \u00e1llt hozz\u00e1 az ix35 diz\u00e1jnj\u00e1hoz: karakteres \u00edvek, \u00e9lek, magas \u00e9p\u00edt\u00e9s \u00e9s lapos oldalfalak hat\u00e1rozz\u00e1k meg a megjelen\u00e9s\u00e9t. Bizonyos sz\u00f6gekb\u0151l n\u00e9zve kiss\u00e9 furcs\u00e1nak t\u0171nhet, de mindenk\u00e9pp kit\u0171nik a t\u00f6megb\u0151l.<\/p>\n<p>Minden v\u00e1ltozat figyelemfelkelt\u0151 LED-es nappali menetf\u00e9nyt, alufelnit, sz\u00ednre f\u00fajt l\u00f6kh\u00e1r\u00edt\u00f3kat \u00e9s t\u00fckr\u00f6ket kap. Az SE felszerelts\u00e9gt\u0151l felfel\u00e9 pedig ez\u00fcstsz\u00edn\u0171 tet\u0151s\u00edneket is. Opcion\u00e1lisan k\u00e9rhet\u0151k bi-xenon f\u00e9nysz\u00f3r\u00f3k, 18 colos kerekek \u00e9s kr\u00f3m kilincsek \u2013 ezek a Premium szintt\u0151l m\u00e1r alapb\u00f3l j\u00e1rnak. A bels\u0151 t\u00e9r diz\u00e1jnja nem olyan mer\u00e9sz, de el\u00e9g st\u00edlusos \u00e9s j\u00f3l \u00f6sszerakott. Sok a puha tapint\u00e1s\u00fa anyag, a kapcsol\u00f3k prec\u00edzen m\u0171k\u00f6dnek, az \u00e9jk\u00e9k h\u00e1tt\u00e9rvil\u00e1g\u00edt\u00e1s eleg\u00e1ns hangulatot \u00e1raszt, a magas vezet\u00e9si poz\u00edci\u00f3 pedig j\u00f3 r\u00e1l\u00e1t\u00e1st biztos\u00edt az \u00fatra. Az alapv\u00e1ltozatok szer\u00e9nyen felszereltek, de az SE \u00e9s magasabb felszerelts\u00e9gek m\u00e1r f\u0171t\u00f6tt els\u0151 \u00e9s h\u00e1ts\u00f3 \u00fcl\u00e9seket, k\u00e9tz\u00f3n\u00e1s kl\u00edm\u00e1t, Bluetooth-kapcsolatot, automata f\u00e9nysz\u00f3r\u00f3kat \u00e9s b\u0151r korm\u00e1nykereket k\u00edn\u00e1lnak.<br \/>\nA Premium szint\u0171 modellek a m\u00e1rka tov\u00e1bbfejlesztett navig\u00e1ci\u00f3s rendszer\u00e9t is megkapj\u00e1k \u2013 ugyanaz a rendszer megtal\u00e1lhat\u00f3 az SE Nav felszerelts\u00e9gn\u00e9l is \u2013 ami egy k\u00f6nnyen kezelhet\u0151 7 colos \u00e9rint\u0151k\u00e9perny\u0151vel \u00e9s rendk\u00edv\u00fcl tiszta t\u00e9rk\u00e9pnavig\u00e1ci\u00f3val rendelkezik.<br \/>\nNagy k\u00fcls\u0151 m\u00e9reteib\u0151l ad\u00f3d\u00f3an nem meglep\u0151, hogy az ix35 meglehet\u0151sen praktikus csal\u00e1di aut\u00f3. A csomagt\u00e9r ny\u00edl\u00e1sa nem olyan sz\u00e9les, mint p\u00e9ld\u00e1ul a Mazda CX-5 vagy a Honda CR-V eset\u00e9ben, de a padl\u00f3 s\u00edk, \u00e9s a csomagtart\u00f3 alapesetben is 591 literes. A h\u00e1ts\u00f3 \u00fcl\u00e9sek lehajt\u00e1s\u00e1val ez 1 436 literre b\u0151v\u00edthet\u0151 \u2013 b\u00e1r a csomagt\u00e9rb\u0151l nem lehet t\u00e1vir\u00e1ny\u00edt\u00f3val led\u00f6nteni az \u00fcl\u00e9seket. Ennek ellen\u00e9re tal\u00e1lhat\u00f3 egy hasznos rejtett rekesz az \u00e1lpadl\u00f3 alatt, tov\u00e1bb\u00e1 bev\u00e1s\u00e1rl\u00f3t\u00e1ska-akaszt\u00f3k, 12V-os csatlakoz\u00f3 \u00e9s csomagr\u00f6gz\u00edt\u0151 h\u00e1l\u00f3 is j\u00e1r hozz\u00e1. Az utast\u00e9rben sz\u00e1mos t\u00e1rol\u00f3hely van apr\u00f3s\u00e1goknak: nagy ajt\u00f3zsebek, m\u00e9ly rekesz az els\u0151 k\u00f6ny\u00f6kl\u0151 alatt \u00e9s h\u0171thet\u0151 keszty\u0171tart\u00f3. Az els\u0151 \u00fcl\u00e9sek h\u00e1tt\u00e1ml\u00e1j\u00e1t bor\u00edt\u00f3 kem\u00e9ny m\u0171anyag kiss\u00e9 olcs\u00f3 hat\u00e1s\u00fa, viszont strapab\u00edr\u00f3 \u00e9s k\u00f6nnyen tiszt\u00edthat\u00f3. H\u00e1tul a l\u00e1bt\u00e9r nem k\u00fcl\u00f6n\u00f6sebben t\u00e1gas a m\u00e9retoszt\u00e1lyhoz k\u00e9pest, \u00e9s a keskeny ajt\u00f3ny\u00edl\u00e1sok is nehez\u00edtik a bejut\u00e1st a h\u00e1ts\u00f3 \u00fcl\u00e9sre.<\/p>\n","protected":false},"excerpt":{"rendered":"<p>Hi\u00e1ba k\u00e9rte a ment\u0151k seg\u00edts\u00e9g\u00e9t: B\u00e1r a l\u00e1nynak m\u00e9g siker\u00fclt telefonon ment\u0151t h\u00edvnia, \u00fagy t\u0171nik, p\u00e1nikban t\u00e9ves c\u00edmet adott meg&#8230;. <span class=\"gridview-grid-post-read-more\"><a href=\"https:\/\/matrend.hu\/nekedinfo\/meghalt-a-nagymamajat-megmenteni-akaro-lany\/\">read more<span class=\"gridview-sr-only\"> Meghalt a nagymam\u00e1j\u00e1t megmenteni akar\u00f3 l\u00e1ny!<\/span><\/a><\/span><\/p>\n","protected":false},"author":1,"featured_media":2965,"comment_status":"open","ping_status":"open","sticky":false,"template":"","format":"standard","meta":{"footnotes":""},"categories":[1],"tags":[],"class_list":["post-2964","post","type-post","status-publish","format-standard","has-post-thumbnail","hentry","category-egyeb","wpcat-1-id"],"_links":{"self":[{"href":"https:\/\/matrend.hu\/nekedinfo\/wp-json\/wp\/v2\/posts\/2964","targetHints":{"allow":["GET"]}}],"collection":[{"href":"https:\/\/matrend.hu\/nekedinfo\/wp-json\/wp\/v2\/posts"}],"about":[{"href":"https:\/\/matrend.hu\/nekedinfo\/wp-json\/wp\/v2\/types\/post"}],"author":[{"embeddable":true,"href":"https:\/\/matrend.hu\/nekedinfo\/wp-json\/wp\/v2\/users\/1"}],"replies":[{"embeddable":true,"href":"https:\/\/matrend.hu\/nekedinfo\/wp-json\/wp\/v2\/comments?post=2964"}],"version-history":[{"count":1,"href":"https:\/\/matrend.hu\/nekedinfo\/wp-json\/wp\/v2\/posts\/2964\/revisions"}],"predecessor-version":[{"id":2966,"href":"https:\/\/matrend.hu\/nekedinfo\/wp-json\/wp\/v2\/posts\/2964\/revisions\/2966"}],"wp:featuredmedia":[{"embeddable":true,"href":"https:\/\/matrend.hu\/nekedinfo\/wp-json\/wp\/v2\/media\/2965"}],"wp:attachment":[{"href":"https:\/\/matrend.hu\/nekedinfo\/wp-json\/wp\/v2\/media?parent=2964"}],"wp:term":[{"taxonomy":"category","embeddable":true,"href":"https:\/\/matrend.hu\/nekedinfo\/wp-json\/wp\/v2\/categories?post=2964"},{"taxonomy":"post_tag","embeddable":true,"href":"https:\/\/matrend.hu\/nekedinfo\/wp-json\/wp\/v2\/tags?post=2964"}],"curies":[{"name":"wp","href":"https:\/\/api.w.org\/{rel}","templated":true}]}}