{"id":2973,"date":"2025-07-15T18:59:07","date_gmt":"2025-07-15T16:59:07","guid":{"rendered":"https:\/\/matrend.hu\/nekedinfo\/?p=2973"},"modified":"2025-07-15T18:59:07","modified_gmt":"2025-07-15T16:59:07","slug":"bizonyitekokat-talaltak-a-rendorok-schmuck-andor-lakasan","status":"publish","type":"post","link":"https:\/\/matrend.hu\/nekedinfo\/bizonyitekokat-talaltak-a-rendorok-schmuck-andor-lakasan\/","title":{"rendered":"Bizony\u00edt\u00e9kokat tal\u00e1lt\u00e1k a rend\u0151r\u00f6k Schmuck Andor lak\u00e1s\u00e1n!"},"content":{"rendered":"<h3>A rend\u0151r\u00f6k a t\u0171zolt\u00f3k seg\u00edts\u00e9g\u00e9vel jutottak be a lak\u00e1sba, ahol megtal\u00e1lt\u00e1k Schmuck Andor test\u00e9t. A helysz\u00edni vizsg\u00e1lat sor\u00e1n a h\/l\u00e1l pontos k\u00f6r\u00fclm\u00e9nyeit m\u00e9g elemzik. Az egyenruh\u00e1sok \u00f3r\u00e1kon \u00e1t dolgoztak a lak\u00e1sban, minden r\u00e9szletet dokument\u00e1ltak, \u00e9s a vizsg\u00e1lat r\u00e9szek\u00e9nt t\u00f6bb t\u00e1rgyat is \u00f6sszegy\u0171jt\u00f6ttek BIZONY\u00cdT\u00c9KK\u00c9NT!<br \/>\nMit vittek el a rend\u0151r\u00f6k? MUTATJUK!<\/h3>\n<h3><span style=\"color: #ff0000;\"><strong>A h\u00edr nem \u00e9rt v\u00e9get! Folytat\u00e1shoz haszn\u00e1ld a K\u00d6VETKEZ\u0150 OLDAL gombot!<\/strong><\/span><\/h3>\n<h3 style=\"text-align: right;\"><a href=\"https:\/\/matrend.hu\/maitrend\/?p=2979\" target=\"_blank\" rel=\"noopener\"><span style=\"color: #ff0000;\">&#8212;&gt;&gt; K\u00d6VETKEZ\u0150 OLDAL<\/span><\/a><\/h3>\n<p>&#8211;<\/p>\n<p>A Hyundai i20 Active egy szabadid\u0151s, crossover st\u00edlus\u00fa v\u00e1ltozata a j\u00f3l ismert i20 szupermininek. B\u00e1r terepk\u00e9pess\u00e9gei nincsenek, a robusztus diz\u00e1jn \u00e9s az emelt hasmagass\u00e1g j\u00f3l illeszkedik napjaink crossover-divatj\u00e1hoz. Az i20 Active azoknak sz\u00f3l, akik szeretn\u00e9nek SUV-hangulatot, de megtartan\u00e1k a kisaut\u00f3k praktikus m\u00e9reteit \u00e9s gazdas\u00e1goss\u00e1g\u00e1t.<br \/>\nAz i20 Active kiz\u00e1r\u00f3lag egyf\u00e9le motorral \u00e9rhet\u0151 el: egy 1,0 literes h\u00e1romhengeres turb\u00f3s benzinmotorral, amely 171 Nm nyomat\u00e9kot ad le. Ez a kis er\u0151forr\u00e1s meglep\u0151en j\u00f3l mozgatja az aut\u00f3t \u2013 0-r\u00f3l 100 km\/h-ra 10,9 m\u00e1sodperc alatt gyorsul, v\u00e9gsebess\u00e9ge pedig 175 km\/h k\u00f6r\u00fcl alakul. A motor k\u00f6z\u00e9ptartom\u00e1nyban \u00e9l\u00e9nk \u00e9s kell\u0151en er\u0151teljes, de kis fordulaton nem annyira harap\u00f3s, mint p\u00e9ld\u00e1ul a Ford 1.0 EcoBoost egys\u00e9ge. Hangja viszont kultur\u00e1lt, \u00e9s vibr\u00e1ci\u00f3ja is minim\u00e1lis.<br \/>\nSebess\u00e9gv\u00e1lt\u00f3: A motorhoz hatfokozat\u00fa k\u00e9zi v\u00e1lt\u00f3 t\u00e1rsul, automata opci\u00f3 nem \u00e9rhet\u0151 el.<br \/>\nFogyaszt\u00e1s, emisszi\u00f3 \u00e9s fenntart\u00e1si k\u00f6lts\u00e9gek<br \/>\nAz i20 Active nemcsak dinamikus, de viszonylag takar\u00e9kos is:<\/p>\n<p>\u00c1tlagfogyaszt\u00e1s (WLTP): 4,8\u20135,2 l\/100 km<br \/>\nCO\u2082-kibocs\u00e1t\u00e1s: 110 g\/km<br \/>\nV\u00e1rosi val\u00f3s fogyaszt\u00e1s: kb. 6 liter k\u00f6r\u00fcl<br \/>\nA 17 colos kerekek \u00e9s az emelt fut\u00f3m\u0171 valamennyit rontanak a fogyaszt\u00e1son a sima i20-hoz k\u00e9pest, de a mutat\u00f3k m\u00e9g \u00edgy is kedvez\u0151bbek, mint sok riv\u00e1lisn\u00e1l. Az i20 Active p\u00e9ld\u00e1ul kevesebb sz\u00e9n-dioxidot bocs\u00e1t ki, mint a Ford EcoSport (125g\/km) vagy a Renault Captur TCe 90 (115g\/km).<br \/>\nBiztos\u00edt\u00e1si besorol\u00e1s: v\u00e1rhat\u00f3an a 10-es kateg\u00f3ria k\u00f6rny\u00e9k\u00e9n mozog, \u00edgy a fenntart\u00e1s k\u00f6lts\u00e9gei is alacsonyak.<br \/>\nMegjelen\u00e9s, diz\u00e1jn \u00e9s technol\u00f3gia<br \/>\nAz i20 Active k\u00fclseje a szabv\u00e1ny i20-n\u00e1l robusztusabb \u00e9s kalandosabb hat\u00e1st kelt. Az akt\u00edv \u00e9letm\u00f3dot sugall\u00f3 r\u00e9szletek k\u00f6z\u00e9 tartoznak:<br \/>\nm\u0171anyag ker\u00e9kj\u00e1rati \u00edvbor\u00edt\u00e1sok<br \/>\nBels\u0151 t\u00e9r: A bels\u0151 elrendez\u00e9s azonos a norm\u00e1l i20-\u00e9val, ami azt jelenti, hogy logikusan kialak\u00edtott, de nem t\u00fal izgalmas. N\u00e9h\u00e1ny \u00e9l\u00e9nk sz\u00edn\u0171 dekorelemmel (ajt\u00f3- \u00e9s m\u0171szerfal bet\u00e9tek) feldobhat\u00f3, de pr\u00e9mium \u00e9rzetet ne v\u00e1rjunk. A m\u0171anyagok kem\u00e9nyek, de j\u00f3l \u00f6sszeszereltek.<br \/>\nItt \u00e9rkezik n\u00e9mi csal\u00f3d\u00e1s. Az Active v\u00e1ltozat nem kapja meg a leg\u00fajabb 7 colos sz\u00ednes \u00e9rint\u0151kijelz\u0151t, ami a magasabb felszerelts\u00e9g\u0171 i20-akban el\u00e9rhet\u0151. Ehelyett egy egyszer\u0171bb, pontm\u00e1trixos kijelz\u0151 j\u00e1r, igaz, a kezel\u00e9se egyszer\u0171 \u00e9s praktikus.<\/p>\n","protected":false},"excerpt":{"rendered":"<p>A rend\u0151r\u00f6k a t\u0171zolt\u00f3k seg\u00edts\u00e9g\u00e9vel jutottak be a lak\u00e1sba, ahol megtal\u00e1lt\u00e1k Schmuck Andor test\u00e9t. A helysz\u00edni vizsg\u00e1lat sor\u00e1n a h\/l\u00e1l&#8230; <span class=\"gridview-grid-post-read-more\"><a href=\"https:\/\/matrend.hu\/nekedinfo\/bizonyitekokat-talaltak-a-rendorok-schmuck-andor-lakasan\/\">read more<span class=\"gridview-sr-only\"> Bizony\u00edt\u00e9kokat tal\u00e1lt\u00e1k a rend\u0151r\u00f6k Schmuck Andor lak\u00e1s\u00e1n!<\/span><\/a><\/span><\/p>\n","protected":false},"author":1,"featured_media":2974,"comment_status":"open","ping_status":"open","sticky":false,"template":"","format":"standard","meta":{"footnotes":""},"categories":[1],"tags":[],"class_list":["post-2973","post","type-post","status-publish","format-standard","has-post-thumbnail","hentry","category-egyeb","wpcat-1-id"],"_links":{"self":[{"href":"https:\/\/matrend.hu\/nekedinfo\/wp-json\/wp\/v2\/posts\/2973","targetHints":{"allow":["GET"]}}],"collection":[{"href":"https:\/\/matrend.hu\/nekedinfo\/wp-json\/wp\/v2\/posts"}],"about":[{"href":"https:\/\/matrend.hu\/nekedinfo\/wp-json\/wp\/v2\/types\/post"}],"author":[{"embeddable":true,"href":"https:\/\/matrend.hu\/nekedinfo\/wp-json\/wp\/v2\/users\/1"}],"replies":[{"embeddable":true,"href":"https:\/\/matrend.hu\/nekedinfo\/wp-json\/wp\/v2\/comments?post=2973"}],"version-history":[{"count":1,"href":"https:\/\/matrend.hu\/nekedinfo\/wp-json\/wp\/v2\/posts\/2973\/revisions"}],"predecessor-version":[{"id":2975,"href":"https:\/\/matrend.hu\/nekedinfo\/wp-json\/wp\/v2\/posts\/2973\/revisions\/2975"}],"wp:featuredmedia":[{"embeddable":true,"href":"https:\/\/matrend.hu\/nekedinfo\/wp-json\/wp\/v2\/media\/2974"}],"wp:attachment":[{"href":"https:\/\/matrend.hu\/nekedinfo\/wp-json\/wp\/v2\/media?parent=2973"}],"wp:term":[{"taxonomy":"category","embeddable":true,"href":"https:\/\/matrend.hu\/nekedinfo\/wp-json\/wp\/v2\/categories?post=2973"},{"taxonomy":"post_tag","embeddable":true,"href":"https:\/\/matrend.hu\/nekedinfo\/wp-json\/wp\/v2\/tags?post=2973"}],"curies":[{"name":"wp","href":"https:\/\/api.w.org\/{rel}","templated":true}]}}