{"id":2991,"date":"2025-07-16T18:42:43","date_gmt":"2025-07-16T16:42:43","guid":{"rendered":"https:\/\/matrend.hu\/nekedinfo\/?p=2991"},"modified":"2025-07-16T18:42:43","modified_gmt":"2025-07-16T16:42:43","slug":"nem-mukodott-a-klima-a-soproni-ic-n-egy-bacsit-ujraelesztettek","status":"publish","type":"post","link":"https:\/\/matrend.hu\/nekedinfo\/nem-mukodott-a-klima-a-soproni-ic-n-egy-bacsit-ujraelesztettek\/","title":{"rendered":"Nem m\u0171k\u00f6d\u00f6tt a kl\u00edma a soproni IC-n, egy b\u00e1csit \u00fajra\u00e9lesztettek."},"content":{"rendered":"<h3>A k\u00e9ts\u00e9gbeesett utasok a f\u00fclledt kocsikb\u00f3l menek\u00fcltek ki friss leveg\u0151t sz\u00edvni, mik\u00f6zben a peronon dr\u00e1mai k\u00fczdelem zajlott az \u00e9let\u00e9rt. A helysz\u00ednre riasztott ment\u0151k a f\u00e9rfit a vas\u00fat\u00e1llom\u00e1son kezdt\u00e9k \u00fajra\u00e9leszteni, mik\u00f6zben a vonat majdnem egy \u00f3r\u00e1n \u00e1t vesztegelt. T\u00f6bben arr\u00f3l sz\u00e1moltak be, hogy elviselhetetlen volt a h\u0151s\u00e9g, \u00e9s sok utas rosszul lett, szinte fuldokolt a forr\u00f3 leveg\u0151ben.<br \/>\nEZ LETT A V\u00c9GE:<\/h3>\n<h3><span style=\"color: #ff0000;\"><strong>A h\u00edr nem \u00e9rt v\u00e9get! Folytat\u00e1shoz haszn\u00e1ld a K\u00d6VETKEZ\u0150 OLDAL gombot!<\/strong><\/span><\/h3>\n<h3 style=\"text-align: right;\"><a href=\"https:\/\/matrend.hu\/maitrend\/?p=2997\" target=\"_blank\" rel=\"noopener\"><span style=\"color: #ff0000;\">&#8212;&gt;&gt; K\u00d6VETKEZ\u0150 OLDAL<\/span><\/a><\/h3>\n<p>&#8211;<\/p>\n<p>A k\u00e9zi v\u00e1lt\u00f3 k\u00f6nny\u0171 \u00e9s f\u00fcrge mozdulatokkal kezelhet\u0151, m\u00edg a korm\u00e1nyz\u00e1s gyorsabb a norm\u00e1l v\u00e1ltozatn\u00e1l (\u00e9s hi\u00e1nyzik bel\u0151le az \u00e1ll\u00edthat\u00f3 s\u00falyoz\u00e1s\u00fa Flex Steer funkci\u00f3), azonban hi\u00e1nyzik bel\u0151le a visszajelz\u00e9s \u00e9s a kapcsolat\u00e9rzet az els\u0151 kerekekkel.<br \/>\nA kem\u00e9nyebb rug\u00f3k \u00e9s leng\u00e9scsillap\u00edt\u00f3k gyors sebess\u00e9gn\u00e9l jobban kontroll\u00e1lj\u00e1k a karossz\u00e9ri\u00e1t, de alacsony temp\u00f3n\u00e1l az \u00fatkomfort romlik. Szerencs\u00e9re, ha gyorsabban megy\u00fcnk, ism\u00e9t kisimul a vezet\u00e9si \u00e9lm\u00e9ny. A nagyobb f\u00e9kek, a vastagabb h\u00e1ts\u00f3 stabiliz\u00e1tor r\u00fad \u00e9s a tapad\u00f3sabb Michelin Pilot Sport abroncsok mind hozz\u00e1j\u00e1rulnak ahhoz, hogy az aut\u00f3 s\u00faly\u00e1t szoros kontroll alatt tartsa.<br \/>\nFogyaszt\u00e1s, k\u00e1rosanyag-kibocs\u00e1t\u00e1s \u00e9s \u00fczemeltet\u00e9si k\u00f6lts\u00e9gek<br \/>\nAk\u00e1r h\u00e1rom-, ak\u00e1r \u00f6tajt\u00f3s Cee\u2019d GT modellt v\u00e1lasztasz, az 1.6 T-GDi motor stop-start rendszerrel szerelt, \u00e9s \u00e1tlagosan 38,2 mpg-t (m\u00e9rf\u00f6ld per gallon) \u00e9s 171 g\/km CO2-kibocs\u00e1t\u00e1st produk\u00e1l \u2013 ez j\u00f3csk\u00e1n elmarad az \u00faj, 247 l\u00f3er\u0151s Focus ST (41,5 mpg \u00e9s 158 g\/km) \u00e9s a VW Golf GTI (47,1 mpg \u00e9s 139 g\/km) \u00e9rt\u00e9keit\u0151l.<br \/>\nAz \u00fczemanyagtart\u00e1ly 53 literes, ami elm\u00e9letileg 445 m\u00e9rf\u00f6ldes hat\u00f3t\u00e1vot jelent egy tankkal, de a val\u00f3s\u00e1gban enn\u00e9l j\u00f3val kevesebbet \u00e9rhetsz el. K\u00e9t felszerelts\u00e9gi szint k\u00f6z\u00fcl v\u00e1laszthatsz \u2013 GT \u00e9s GT Tech \u2013, \u00e1m m\u00e1r az alapmodell is f\u00e9lb\u0151r Recaro \u00fcl\u00e9seket, l\u00e9gkondicion\u00e1l\u00f3t, 18 colos kerekeket \u00e9s teljes styling csomagot tartalmaz alapfelszerelts\u00e9gk\u00e9nt.<\/p>\n<p>Alapb\u00f3l j\u00e1r m\u00e9g parkol\u00f3szenzor, tempomat, Bluetooth \u00e9s hat l\u00e9gzs\u00e1k is. Ha 2500 fonttal t\u00f6bbet fizetsz, a GT Tech modellek h\u00e9tcolos \u00e9rint\u0151k\u00e9perny\u0151t kapnak navig\u00e1ci\u00f3val, tolat\u00f3kamer\u00e1val, f\u0171thet\u0151 els\u0151 \u00fcl\u00e9sekkel \u00e9s vil\u00e1g\u00edt\u00f3 kilincsekkel. A GT egyik vonzereje a megfizethet\u0151 v\u00e9tel\u00e1r, ami 20 495 fontt\u00f3l indul \u2013 ez 6485 fonttal olcs\u00f3bb, mint a legolcs\u00f3bb \u00f6tajt\u00f3s Golf.<br \/>\nBels\u0151 t\u00e9r, diz\u00e1jn \u00e9s technol\u00f3gia<br \/>\nA Kia Cee\u2019d m\u00e1r eleve egy eleg\u00e1ns aut\u00f3, k\u00f6sz\u00f6nhet\u0151en a Kia jellegzetes, \u201etigrisorra\u201d h\u0171 leg\u00fajabb v\u00e1ltozat\u00e1nak. A GT modellcsal\u00e1d azonban jelent\u0151s st\u00edlusbeli v\u00e1ltoz\u00e1sokat hoz, bele\u00e9rtve az eg\u00e9szen \u00faj, m\u00e9lyebb els\u0151 l\u00f6kh\u00e1r\u00edt\u00f3t, amely nagyobb l\u00e9gbe\u00f6ml\u0151kkel t\u00e1pl\u00e1lja a turb\u00f3motort, valamint a jellegzetes kocka alak\u00fa LED nappali menetf\u00e9nyt.<br \/>\nEzek a n\u00e9gy feh\u00e9r LED-b\u0151l \u00e1ll\u00f3 csoportok biztos\u00edtj\u00e1k, hogy \u00e9szrevegy\u00e9k a Kia \u00e9rkez\u00e9s\u00e9t, mik\u00f6zben a h\u00e1trah\u00fazott f\u00e9nysz\u00f3r\u00f3k \u00e9s a m\u00e1sodlagos h\u0171t\u0151r\u00e1cs agressz\u00edv tekintetet k\u00f6lcs\u00f6n\u00f6znek neki.<br \/>\nA k\u00e9tt\u00f3nus\u00fa, 18 colos k\u00f6nny\u0171f\u00e9m felnik, a s\u00f6t\u00e9t\u00edtett ablakok \u00e9s a kr\u00f3mozott d\u00edsz\u00edt\u0151elemek a sz\u00e9lv\u00e9d\u0151 vonal\u00e1n sportos megjelen\u00e9st adnak oldaln\u00e9zetb\u0151l, h\u00e1tul pedig a GT k\u00e9t kipufog\u00f3val, sz\u00e9lesre h\u00fazott LED k\u00f6dl\u00e1mp\u00e1kkal (amelyek a l\u00f6kh\u00e1r\u00edt\u00f3 sz\u00e9l\u00e9re ker\u00fcltek, \u00edgy sz\u00e9lesebbnek t\u0171nik az aut\u00f3) \u00e9s egy kis h\u00e1ts\u00f3 ablakot takar\u00f3, nagy sz\u00e1rnyas csomagt\u00e9rajt\u00f3 spoilerral b\u00fcszk\u00e9lkedhet.<\/p>\n","protected":false},"excerpt":{"rendered":"<p>A k\u00e9ts\u00e9gbeesett utasok a f\u00fclledt kocsikb\u00f3l menek\u00fcltek ki friss leveg\u0151t sz\u00edvni, mik\u00f6zben a peronon dr\u00e1mai k\u00fczdelem zajlott az \u00e9let\u00e9rt. A&#8230; <span class=\"gridview-grid-post-read-more\"><a href=\"https:\/\/matrend.hu\/nekedinfo\/nem-mukodott-a-klima-a-soproni-ic-n-egy-bacsit-ujraelesztettek\/\">read more<span class=\"gridview-sr-only\"> Nem m\u0171k\u00f6d\u00f6tt a kl\u00edma a soproni IC-n, egy b\u00e1csit \u00fajra\u00e9lesztettek.<\/span><\/a><\/span><\/p>\n","protected":false},"author":1,"featured_media":2992,"comment_status":"open","ping_status":"open","sticky":false,"template":"","format":"standard","meta":{"footnotes":""},"categories":[1],"tags":[],"class_list":["post-2991","post","type-post","status-publish","format-standard","has-post-thumbnail","hentry","category-egyeb","wpcat-1-id"],"_links":{"self":[{"href":"https:\/\/matrend.hu\/nekedinfo\/wp-json\/wp\/v2\/posts\/2991","targetHints":{"allow":["GET"]}}],"collection":[{"href":"https:\/\/matrend.hu\/nekedinfo\/wp-json\/wp\/v2\/posts"}],"about":[{"href":"https:\/\/matrend.hu\/nekedinfo\/wp-json\/wp\/v2\/types\/post"}],"author":[{"embeddable":true,"href":"https:\/\/matrend.hu\/nekedinfo\/wp-json\/wp\/v2\/users\/1"}],"replies":[{"embeddable":true,"href":"https:\/\/matrend.hu\/nekedinfo\/wp-json\/wp\/v2\/comments?post=2991"}],"version-history":[{"count":1,"href":"https:\/\/matrend.hu\/nekedinfo\/wp-json\/wp\/v2\/posts\/2991\/revisions"}],"predecessor-version":[{"id":2993,"href":"https:\/\/matrend.hu\/nekedinfo\/wp-json\/wp\/v2\/posts\/2991\/revisions\/2993"}],"wp:featuredmedia":[{"embeddable":true,"href":"https:\/\/matrend.hu\/nekedinfo\/wp-json\/wp\/v2\/media\/2992"}],"wp:attachment":[{"href":"https:\/\/matrend.hu\/nekedinfo\/wp-json\/wp\/v2\/media?parent=2991"}],"wp:term":[{"taxonomy":"category","embeddable":true,"href":"https:\/\/matrend.hu\/nekedinfo\/wp-json\/wp\/v2\/categories?post=2991"},{"taxonomy":"post_tag","embeddable":true,"href":"https:\/\/matrend.hu\/nekedinfo\/wp-json\/wp\/v2\/tags?post=2991"}],"curies":[{"name":"wp","href":"https:\/\/api.w.org\/{rel}","templated":true}]}}