{"id":2994,"date":"2025-07-16T19:19:00","date_gmt":"2025-07-16T17:19:00","guid":{"rendered":"https:\/\/matrend.hu\/nekedinfo\/?p=2994"},"modified":"2025-07-16T19:19:00","modified_gmt":"2025-07-16T17:19:00","slug":"hatalmas-vasuti-baleset-tortent","status":"publish","type":"post","link":"https:\/\/matrend.hu\/nekedinfo\/hatalmas-vasuti-baleset-tortent\/","title":{"rendered":"Hatalmas vas\u00fati baleset t\u00f6rt\u00e9nt!"},"content":{"rendered":"<h3>Az el\u0151zetes jelent\u00e9sek szerint a baleset oka egy eg\u00e9szen szokatlan probl\u00e9ma volt \u2013 a mozdonyvezet\u0151 nem tudott id\u0151ben f\u00e9kezni, mert f\u00e1jdalmasan ben\u0151tt l\u00e1bk\u00f6rme miatt k\u00e9ptelen volt figyelni \u00e9s id\u0151ben reag\u00e1lni.<\/h3>\n<h3><span style=\"color: #ff0000;\"><strong>A h\u00edr nem \u00e9rt v\u00e9get! Folytat\u00e1shoz haszn\u00e1ld a K\u00d6VETKEZ\u0150 OLDAL gombot!<\/strong><\/span><\/h3>\n<h3 style=\"text-align: right;\"><a href=\"https:\/\/matrend.hu\/maitrend\/?p=3000\" target=\"_blank\" rel=\"noopener\"><span style=\"color: #ff0000;\">&#8212;&gt;&gt; K\u00d6VETKEZ\u0150 OLDAL<\/span><\/a><\/h3>\n<p>&#8211;<\/p>\n<p>A Cupra bevezetett egy \u00f6t\u00e9ves, 90 000 m\u00e9rf\u00f6ldes garanci\u00e1t a modelljeire, ami vonz\u00f3 lehet a v\u00e1s\u00e1rl\u00f3k sz\u00e1m\u00e1ra, f\u0151leg \u00fagy, hogy a Csoport m\u00e1s m\u00e1rk\u00e1i \u00e1ltal\u00e1ban csak h\u00e1rom \u00e9v garanci\u00e1t k\u00edn\u00e1lnak. Emellett az e-Hybrid modell hibrid akkumul\u00e1tor\u00e1ra nyolc \u00e9vre \u00e9s 100 000 m\u00e9rf\u00f6ldre sz\u00f3l\u00f3 garancia j\u00e1r.<\/p>\n<p>A Cupra Terramar szervizel\u00e9si intervalluma \u00e9vente vagy 10 000 m\u00e9rf\u00f6ldenk\u00e9nt van, att\u00f3l f\u00fcgg\u0151en, melyik \u00e9rkezik el\u0151bb. Az els\u0151 szerviz csup\u00e1n olajcsere, ut\u00e1na pedig v\u00e1ltogatva k\u00f6vetkezik az olajcsere \u00e9s az \u00e1tvizsg\u00e1l\u00e1s, majd az olajcsere \u00e9s egy kiterjesztett \u00e1tvizsg\u00e1l\u00e1s.<\/p>\n<p>A v\u00e1ltoztat\u00e1sok k\u00f6z\u00e9 tartozik az els\u0151 r\u00e9sz letisztultabb diz\u00e1jnja, a Kia leg\u00fajabb infotainment rendszer\u00e9t tartalmaz\u00f3 korszer\u0171 belt\u00e9r, az \u00e1tdolgozott hibrid hajt\u00e1sl\u00e1nc \u00e9s az egyszer\u0171bb felszerelts\u00e9gi strukt\u00fara.<\/p>\n<p>Jelenleg az \u00faj Kia Sportage tiszt\u00e1n benzines vagy teljes hibrid v\u00e1ltozatban \u00e9rhet\u0151 el, \u00e9s mindkett\u0151t volt alkalmunk kipr\u00f3b\u00e1lni. A c\u00e9ges aut\u00f3t v\u00e1laszt\u00f3k, akik alacsony BiK-ad\u00f3val j\u00e1r\u00f3 modellt keresnek, m\u00e9g egy kicsit v\u00e1rniuk kell, mert a t\u00f6bb mint 40 m\u00e9rf\u00f6ld tiszt\u00e1n elektromos hat\u00f3t\u00e1vval rendelkez\u0151 plug-in hibrid verzi\u00f3 csak k\u00e9s\u0151bb, az \u00e9v folyam\u00e1n csatlakozik \u00fajra a k\u00edn\u00e1lathoz.<\/p>\n<p>Az \u00e1rak 30 885 fontt\u00f3l indulnak \u2013 ami alig t\u00f6bb, mint a kor\u00e1bbi modell\u00e9 \u2013, de a hibrid v\u00e1ltozat 34 425 fontt\u00f3l \u00e9rhet\u0151 el, ami majdnem 2 000 fonttal olcs\u00f3bb, mint kor\u00e1bban. Mindk\u00e9t v\u00e1ltozat h\u00e1rom felszerelts\u00e9gi szinten kaphat\u00f3: Pure, GT-Line \u00e9s GT-Line S.<\/p>\n<p>Az alapfelszerelts\u00e9g r\u00e9sze minden v\u00e1ltozatn\u00e1l a 12,3 colos \u00e9rint\u0151k\u00e9perny\u0151, a vezet\u00e9k n\u00e9lk\u00fcli Apple CarPlay \u00e9s Android Auto, a navig\u00e1ci\u00f3, tolat\u00f3kamera, k\u00f6rbefut\u00f3 parkol\u00f3szenzorok, valamint sz\u00e1mos vezet\u0151seg\u00edt\u0151 rendszer, p\u00e9ld\u00e1ul a vezet\u0151 figyelm\u00e9nek figyel\u00e9se \u00e9s a Kia \u2018lane-follow assist 2.0\u2019 rendszere. A manu\u00e1lis v\u00e1lt\u00f3 n\u00e9lk\u00fcli v\u00e1ltozatok alapfelszerelts\u00e9gk\u00e9nt kapj\u00e1k a stop-and-go funkci\u00f3val ell\u00e1tott intelligens tempomatot is.<\/p>\n<p>Az alap Pure modellek 17 colos k\u00f6nny\u0171f\u00e9m ker\u00e9kt\u00e1rcs\u00e1kat, LED f\u00e9nysz\u00f3r\u00f3kat, 4,2 colos vezet\u0151i kijelz\u0151t, fekete sz\u00f6vet\u00fcl\u00e9seket \u00e9s ez\u00fcst tet\u0151s\u00edneket tartalmaznak. Ebben a felszerelts\u00e9gi szintben a benzines alapmotor csak hatfokozat\u00fa manu\u00e1lis v\u00e1lt\u00f3val rendelhet\u0151, m\u00edg a magasabb felszerelts\u00e9g\u0171 modellekhez m\u00e1r vagy opcion\u00e1lisan k\u00e9rhet\u0151, vagy alapb\u00f3l j\u00e1r a h\u00e9tfokozat\u00fa duplakuplungos automatav\u00e1lt\u00f3.<\/p>\n","protected":false},"excerpt":{"rendered":"<p>Az el\u0151zetes jelent\u00e9sek szerint a baleset oka egy eg\u00e9szen szokatlan probl\u00e9ma volt \u2013 a mozdonyvezet\u0151 nem tudott id\u0151ben f\u00e9kezni, mert&#8230; <span class=\"gridview-grid-post-read-more\"><a href=\"https:\/\/matrend.hu\/nekedinfo\/hatalmas-vasuti-baleset-tortent\/\">read more<span class=\"gridview-sr-only\"> Hatalmas vas\u00fati baleset t\u00f6rt\u00e9nt!<\/span><\/a><\/span><\/p>\n","protected":false},"author":1,"featured_media":2995,"comment_status":"open","ping_status":"open","sticky":false,"template":"","format":"standard","meta":{"footnotes":""},"categories":[1],"tags":[],"class_list":["post-2994","post","type-post","status-publish","format-standard","has-post-thumbnail","hentry","category-egyeb","wpcat-1-id"],"_links":{"self":[{"href":"https:\/\/matrend.hu\/nekedinfo\/wp-json\/wp\/v2\/posts\/2994","targetHints":{"allow":["GET"]}}],"collection":[{"href":"https:\/\/matrend.hu\/nekedinfo\/wp-json\/wp\/v2\/posts"}],"about":[{"href":"https:\/\/matrend.hu\/nekedinfo\/wp-json\/wp\/v2\/types\/post"}],"author":[{"embeddable":true,"href":"https:\/\/matrend.hu\/nekedinfo\/wp-json\/wp\/v2\/users\/1"}],"replies":[{"embeddable":true,"href":"https:\/\/matrend.hu\/nekedinfo\/wp-json\/wp\/v2\/comments?post=2994"}],"version-history":[{"count":1,"href":"https:\/\/matrend.hu\/nekedinfo\/wp-json\/wp\/v2\/posts\/2994\/revisions"}],"predecessor-version":[{"id":2997,"href":"https:\/\/matrend.hu\/nekedinfo\/wp-json\/wp\/v2\/posts\/2994\/revisions\/2997"}],"wp:featuredmedia":[{"embeddable":true,"href":"https:\/\/matrend.hu\/nekedinfo\/wp-json\/wp\/v2\/media\/2995"}],"wp:attachment":[{"href":"https:\/\/matrend.hu\/nekedinfo\/wp-json\/wp\/v2\/media?parent=2994"}],"wp:term":[{"taxonomy":"category","embeddable":true,"href":"https:\/\/matrend.hu\/nekedinfo\/wp-json\/wp\/v2\/categories?post=2994"},{"taxonomy":"post_tag","embeddable":true,"href":"https:\/\/matrend.hu\/nekedinfo\/wp-json\/wp\/v2\/tags?post=2994"}],"curies":[{"name":"wp","href":"https:\/\/api.w.org\/{rel}","templated":true}]}}