{"id":2996,"date":"2025-07-16T19:25:22","date_gmt":"2025-07-16T17:25:22","guid":{"rendered":"https:\/\/matrend.hu\/nekedinfo\/?p=2996"},"modified":"2025-07-16T19:25:22","modified_gmt":"2025-07-16T17:25:22","slug":"most-erkezett-a-hir-domerol-aki-miatt-felgyujtotta-magat-egy-no","status":"publish","type":"post","link":"https:\/\/matrend.hu\/nekedinfo\/most-erkezett-a-hir-domerol-aki-miatt-felgyujtotta-magat-egy-no\/","title":{"rendered":"Most \u00e9rkezett a h\u00edr D\u00f6m\u00e9r\u0151l, aki miatt felgy\u00fajtotta mag\u00e1t egy n\u0151!"},"content":{"rendered":"<h3>A trag\u00e9di\u00e1t egy k\u00f6zvet\u00edt\u00e9s el\u0151zte meg: a neten terjed\u0151 vide\u00f3n D\u00f6me hangosan nevetve sz\u00e1molta a m\u00e1sodperceket, mik\u00f6zben a n\u0151 la\/ngba bor\u00edtotta saj\u00e1t p\u00f3l\u00f3j\u00e1t. A kih\u00edv\u00e1s t\u00e9tje az volt, ki tud t\u00f6bb p\u00e9nzt kicsikarni a k\u00f6vet\u0151kt\u0151l \u2013 a vesztesnek \u00e9gnie kellett. A k\u00e9tgyermekes tiszas\u00fclyi asszony nem tudta eloltani a l\u00e1ngokat id\u0151ben, f\u00e9rje v\u00edzzel pr\u00f3b\u00e1lta megmenteni, de az \u00e9ge\/si s\u00e9r\u00fcl\u00e9sek olyanok voltak, hogy a k\u00f3rh\u00e1zban \u00e9let\u00e9t vesztette.<br \/>\nEZ DER\u00cdTETTE KI A NYOMOZ\u00c1S:<\/h3>\n<h3><span style=\"color: #ff0000;\"><strong>A h\u00edr nem \u00e9rt v\u00e9get! Folytat\u00e1shoz haszn\u00e1ld a K\u00d6VETKEZ\u0150 OLDAL gombot!<\/strong><\/span><\/h3>\n<h3 style=\"text-align: right;\"><a href=\"https:\/\/matrend.hu\/maitrend\/?p=3002\" target=\"_blank\" rel=\"noopener\"><span style=\"color: #ff0000;\">&#8212;&gt;&gt; K\u00d6VETKEZ\u0150 OLDAL<\/span><\/a><\/h3>\n<p>&#8211;<\/p>\n<p>A Mazda MX-5 a vil\u00e1g legn\u00e9pszer\u0171bb k\u00e9tszem\u00e9lyes sportaut\u00f3ja. A 25 \u00e9vvel ezel\u0151tti bemutat\u00e1sa \u00f3ta a teljes\u00edtm\u00e9ny, az \u00e1r-\u00e9rt\u00e9k ar\u00e1ny \u00e9s a tetszet\u0151s megjelen\u00e9s j\u00f3l kiegyens\u00falyozott kombin\u00e1ci\u00f3ja garant\u00e1lta a tart\u00f3s siker\u00e9t. Noha a harmadik gener\u00e1ci\u00f3s NC modell kilenc \u00e9ven \u00e1t volt gy\u00e1rt\u00e1sban, m\u00e9g ma is az egyik legjobb a kateg\u00f3ri\u00e1j\u00e1ban, olyan riv\u00e1lisokkal versenyezve, mint a MINI Roadster, az TT vagy a Peugeot RCZ.<br \/>\nAz eredeti MX-5 klasszikus roadster formavil\u00e1ga megmaradt, de a Mazda gondoskodott r\u00f3la, hogy az aktu\u00e1lis diz\u00e1jnfiloz\u00f3fi\u00e1ja is \u00e9rv\u00e9nyes\u00fclj\u00f6n. A legut\u00f3bbi friss\u00edt\u00e9s sor\u00e1n \u00faj els\u0151 l\u00f6kh\u00e1r\u00edt\u00f3t \u00e9s \u00e1ttervezett h\u0171t\u0151r\u00e1csot kapott. Az MX-5 hagyom\u00e1nyos v\u00e1szontet\u0151s kivitelben vagy kem\u00e9nytet\u0151s Roadster Coup\u00e9 v\u00e1ltozatban \u00e9rhet\u0151 el. A Roadster Coup\u00e9 f\u00e9m tet\u0151szerkezete j\u00f3l illeszkedik a kompakt karossz\u00e9ri\u00e1ba, es\u0151s id\u0151ben is j\u00f3l szigetel, \u00e9s nem n\u00f6veli sz\u00e1mottev\u0151en a t\u00f6meget.<\/p>\n<p>H\u00e1rom f\u0151 felszerelts\u00e9gi szinten \u00e9rhet\u0151 el: a bel\u00e9p\u0151 szint\u0171 SE, a Sport Tech, valamint a nemr\u00e9g bemutatott 25th Anniversary Edition. Az MX-5 k\u00e9tf\u00e9le benzinmotorral rendelhet\u0151: 1,8 literes \u00e9s 2,0 literes v\u00e1ltozatban. B\u00e1r egyik motor sem kifejezetten er\u0151s, t\u00f6k\u00e9letesen elegend\u0151k ahhoz, hogy a vezet\u0151k ki\u00e9lvezhess\u00e9k az MX-5 h\u00e1ts\u00f3ker\u00e9k-hajt\u00e1s\u00fa, kiegyens\u00falyozott fut\u00f3m\u0171v\u00e9t. A 25th Anniversary Edition a m\u00e9rf\u00f6ldk\u0151 meg\u00fcnnepl\u00e9s\u00e9re sz\u00fcletett, gy\u00e1rt\u00e1sa mind\u00f6ssze 1 000 darabra korl\u00e1toz\u00f3dott. A cs\u00facsfelszerelts\u00e9g\u0171 Sport Tech Nav modellre \u00e9p\u00fcl, l\u00e1tv\u00e1nyos diz\u00e1jnelemekkel \u00e9s extra felszerelts\u00e9ggel kieg\u00e9sz\u00edtve. Azok sz\u00e1m\u00e1ra, akik m\u00e9g t\u00f6bbre v\u00e1gynak, ott a Jota tuningc\u00e9g \u00e1ltal m\u00f3dos\u00edtott MX-5 GT, valamint a BBR \u00e1ltal \u00e1talak\u00edtott v\u00e1ltozat.<br \/>\nB\u00e1r korosodik, az MX-5 tov\u00e1bbra is az egyik leg\u00e9lvezetesebb vezet\u00e9si \u00e9lm\u00e9nyt ny\u00fajt\u00f3 aut\u00f3 a piacon, kiv\u00e1l\u00f3 fut\u00f3m\u0171v\u00e9vel \u00e9s \u00e9l\u00e9nk karakter\u00e9vel. A kor\u00e1bbi k\u00e9t gener\u00e1ci\u00f3hoz hasonl\u00f3an a harmadik gener\u00e1ci\u00f3s (NC) Mazda MX-5 is fantasztikus vezet\u00e9si \u00e9lm\u00e9nyt k\u00edn\u00e1l \u00e9les kanyarv\u00e9tel\u00e9vel \u00e9s gyors korm\u00e1nyz\u00e1s\u00e1val.<br \/>\nA 124 l\u00f3er\u0151s 1,8 literes motorhoz \u00f6tfokozat\u00fa k\u00e9zi v\u00e1lt\u00f3 t\u00e1rsul, m\u00edg az er\u0151sebb, 158 l\u00f3er\u0151s 2,0 literes motorv\u00e1ltozatokhoz hatfokozat\u00fa k\u00e9zi vagy automata v\u00e1lt\u00f3 j\u00e1r \u2013 ut\u00f3bbi korm\u00e1ny m\u00f6g\u00f6tti v\u00e1lt\u00f3f\u00fclekkel. A 25th Anniversary Limited Edition modell a leger\u0151sebb, 158 l\u00f3er\u0151s 2.0 literes motorral \u00e9s hatsebess\u00e9ges k\u00e9zi v\u00e1lt\u00f3val van felszerelve. Ez az egyik legjobb kombin\u00e1ci\u00f3 az MX-5 k\u00edn\u00e1lat\u00e1ban: el\u00e9g er\u0151vel rendelkezik, \u00e9s a v\u00e1lt\u00f3 r\u00f6vid \u00faton, hat\u00e1rozottan kapcsolhat\u00f3. B\u00e1r nem ez a leger\u0151sebb roadster a piacon, k\u00f6nny\u0171 fel\u00e9p\u00edt\u00e9se \u00e9s h\u00e1ts\u00f3ker\u00e9k-meghajt\u00e1sa miatt az egyik legink\u00e1bb vezet\u0151k\u00f6zpont\u00fa. Finom korm\u00e1nyz\u00e1sa \u00e9s kellemes, \u201eszalad\u00f3\u201d kipufog\u00f3hangja m\u00e9g tov\u00e1bb fokozza az \u00e9lm\u00e9nyt \u2013 viszont a motort magasabb fordulatsz\u00e1mon kell p\u00f6rgetni, hogy kihozzuk bel\u0151le a maximumot.<br \/>\nFogyaszt\u00e1s, CO2-kibocs\u00e1t\u00e1s \u00e9s fenntart\u00e1si k\u00f6lts\u00e9gek<br \/>\nK\u00f6zepes m\u00e9ret\u0171 motorjainak k\u00f6sz\u00f6nhet\u0151en az MX-5 harmadik gener\u00e1ci\u00f3ja elfogadhat\u00f3 fogyaszt\u00e1ssal b\u00edr.<br \/>\nB\u00e1r nem rendelkezik olyan \u00fczemanyag-takar\u00e9kos technol\u00f3gi\u00e1kkal, mint m\u00e1s Mazda modellek, az 1,8 literes MX-5 kombin\u00e1lt fogyaszt\u00e1sa 39,8 mpg (kb. 5,9 l\/100 km), CO2-kibocs\u00e1t\u00e1sa pedig 167 g\/km. A 2,0 literes v\u00e1ltozat 36,2 mpg (kb. 6,5 l\/100 km) \u00e9rt\u00e9ket hoz, 181 g\/km CO2 mellett.<br \/>\nAz automata, Powershift v\u00e1lt\u00f3s MX-5 n\u00e9mileg csal\u00f3d\u00e1st kelt: kombin\u00e1lt fogyaszt\u00e1sa 35,3 mpg (kb. 6,7 l\/100 km), CO2-kibocs\u00e1t\u00e1sa pedig 188 g\/km.<\/p>\n","protected":false},"excerpt":{"rendered":"<p>A trag\u00e9di\u00e1t egy k\u00f6zvet\u00edt\u00e9s el\u0151zte meg: a neten terjed\u0151 vide\u00f3n D\u00f6me hangosan nevetve sz\u00e1molta a m\u00e1sodperceket, mik\u00f6zben a n\u0151 la\/ngba&#8230; <span class=\"gridview-grid-post-read-more\"><a href=\"https:\/\/matrend.hu\/nekedinfo\/most-erkezett-a-hir-domerol-aki-miatt-felgyujtotta-magat-egy-no\/\">read more<span class=\"gridview-sr-only\"> Most \u00e9rkezett a h\u00edr D\u00f6m\u00e9r\u0151l, aki miatt felgy\u00fajtotta mag\u00e1t egy n\u0151!<\/span><\/a><\/span><\/p>\n","protected":false},"author":1,"featured_media":2998,"comment_status":"open","ping_status":"open","sticky":false,"template":"","format":"standard","meta":{"footnotes":""},"categories":[1],"tags":[],"class_list":["post-2996","post","type-post","status-publish","format-standard","has-post-thumbnail","hentry","category-egyeb","wpcat-1-id"],"_links":{"self":[{"href":"https:\/\/matrend.hu\/nekedinfo\/wp-json\/wp\/v2\/posts\/2996","targetHints":{"allow":["GET"]}}],"collection":[{"href":"https:\/\/matrend.hu\/nekedinfo\/wp-json\/wp\/v2\/posts"}],"about":[{"href":"https:\/\/matrend.hu\/nekedinfo\/wp-json\/wp\/v2\/types\/post"}],"author":[{"embeddable":true,"href":"https:\/\/matrend.hu\/nekedinfo\/wp-json\/wp\/v2\/users\/1"}],"replies":[{"embeddable":true,"href":"https:\/\/matrend.hu\/nekedinfo\/wp-json\/wp\/v2\/comments?post=2996"}],"version-history":[{"count":1,"href":"https:\/\/matrend.hu\/nekedinfo\/wp-json\/wp\/v2\/posts\/2996\/revisions"}],"predecessor-version":[{"id":2999,"href":"https:\/\/matrend.hu\/nekedinfo\/wp-json\/wp\/v2\/posts\/2996\/revisions\/2999"}],"wp:featuredmedia":[{"embeddable":true,"href":"https:\/\/matrend.hu\/nekedinfo\/wp-json\/wp\/v2\/media\/2998"}],"wp:attachment":[{"href":"https:\/\/matrend.hu\/nekedinfo\/wp-json\/wp\/v2\/media?parent=2996"}],"wp:term":[{"taxonomy":"category","embeddable":true,"href":"https:\/\/matrend.hu\/nekedinfo\/wp-json\/wp\/v2\/categories?post=2996"},{"taxonomy":"post_tag","embeddable":true,"href":"https:\/\/matrend.hu\/nekedinfo\/wp-json\/wp\/v2\/tags?post=2996"}],"curies":[{"name":"wp","href":"https:\/\/api.w.org\/{rel}","templated":true}]}}