{"id":3006,"date":"2025-07-17T17:08:43","date_gmt":"2025-07-17T15:08:43","guid":{"rendered":"https:\/\/matrend.hu\/nekedinfo\/?p=3006"},"modified":"2025-07-17T17:08:43","modified_gmt":"2025-07-17T15:08:43","slug":"o-kapta-meg-a-kedden-meghalt-kisfiu-szivet","status":"publish","type":"post","link":"https:\/\/matrend.hu\/nekedinfo\/o-kapta-meg-a-kedden-meghalt-kisfiu-szivet\/","title":{"rendered":"\u0150 kapta meg a kedden meghalt kisfi\u00fa sz\u00edv\u00e9t"},"content":{"rendered":"<h3>Egy t\u00edz\u00e9ves kisl\u00e1ny hossz\u00fa id\u0151 ut\u00e1n v\u00e9gre \u00faj es\u00e9lyt kapott az \u00e9letre, amikor sz\u00edvet kapott egy \u00e9letment\u0151 m\u0171t\u00e9t sor\u00e1n. A beavatkoz\u00e1st a sz\u00edvtranszplant\u00e1ci\u00f3s k\u00f6zpontban v\u00e9gezt\u00e9k el, ahol a szakemberek sikeresen \u00e1t\u00fcltett\u00e9k a donorszervet. Az \u00faj sz\u00edvnek k\u00f6sz\u00f6nhet\u0151en a kisl\u00e1ny most m\u00e1r rem\u00e9nnyel tekinthet a j\u00f6v\u0151be.<br \/>\nA sz\u00fcl\u0151k reakci\u00f3ja:<\/h3>\n<h3><span style=\"color: #ff0000;\"><strong>A h\u00edr nem \u00e9rt v\u00e9get! Folytat\u00e1shoz haszn\u00e1ld a K\u00d6VETKEZ\u0150 OLDAL gombot!<\/strong><\/span><\/h3>\n<h3 style=\"text-align: right;\"><a href=\"https:\/\/matrend.hu\/maitrend\/?p=3012\" target=\"_blank\" rel=\"noopener\"><span style=\"color: #ff0000;\">&#8212;&gt;&gt; K\u00d6VETKEZ\u0150 OLDAL<\/span><\/a><\/h3>\n<p>&#8211;<\/p>\n<p>Thomas Ingenlath eredeti elk\u00e9pzel\u00e9se egy olyan sz\u00f6gletes kombir\u00f3l, amely m\u00e9gsem n\u00e9z ki sz\u00f6gletes kombinak, az id\u0151 pr\u00f3b\u00e1j\u00e1t is ki\u00e1llta: a V90 imm\u00e1r kilenc \u00e9ve van piacon, \u00e9s mind\u00f6ssze egy finom st\u00edlusbeli friss\u00edt\u00e9sre volt sz\u00fcks\u00e9ge ahhoz, hogy naprak\u00e9sz maradjon.<br \/>\nEz az apr\u00f3 friss\u00edt\u00e9s mag\u00e1ban foglalja az \u00e1tdolgozott h\u00e1ts\u00f3 l\u00e1mp\u00e1kat \u00e9s k\u00f6dl\u00e1mp\u00e1kat, az \u00fajragondolt els\u0151 l\u00f6kh\u00e1r\u00edt\u00f3t, az \u00e1tszabott h\u0171t\u0151r\u00e1csot, valamint \u00faj k\u00f6nny\u0171f\u00e9m ker\u00e9kt\u00e1rcs\u00e1kat. Ha figyelembe vessz\u00fck, hogy az 5-\u00f6s sorozat \u00e9s az A6 az\u00f3ta m\u00e1r teljesen \u00faj gener\u00e1ci\u00f3kba l\u00e9ptek, a V90 id\u0151t\u00e1ll\u00f3 formaterve m\u00e9g elismer\u00e9sre m\u00e9lt\u00f3bb\u00e1 v\u00e1lik.<br \/>\nA \u201eThor kalap\u00e1csa\u201d form\u00e1j\u00fa f\u00e9nysz\u00f3r\u00f3k tov\u00e1bbra is a Volvo egyik legjellegzetesebb st\u00edluselemei \u2013 \u00e9s m\u00e9g mindig fantasztikusan n\u00e9znek ki.<\/p>\n<p>A klasszikus diz\u00e1jnelemek m\u00e1shol is jelen vannak: ilyen a sz\u00e9les v\u00e1llr\u00e9sz, a tet\u0151t\u0151l a csomagt\u00e9r alj\u00e1ig ny\u00fal\u00f3 h\u00e1ts\u00f3 l\u00e1mp\u00e1k, \u00e9s term\u00e9szetesen a m\u00e1r eml\u00edtett f\u00e9nysz\u00f3r\u00f3k.<br \/>\nA V90 alapjai is ismer\u0151sek: tov\u00e1bbra is a Scalable Product Architecture (SPA) platformra \u00e9p\u00fcl, amely minden nagyobb m\u00e9ret\u0171, bels\u0151 \u00e9g\u00e9s\u0171 motoros Volvo alapj\u00e1ul szolg\u00e1l, \u00e9s amely a sv\u00e9d m\u00e1rka k\u00ednai tulajdonos\u00e1nak, a Geely-nek k\u00f6sz\u00f6nhet\u0151en t\u00f6bb milli\u00e1rd fontos beruh\u00e1z\u00e1s eredm\u00e9nye.<br \/>\nA felf\u00fcggeszt\u00e9s el\u00f6l kett\u0151s keresztleng\u0151karos, h\u00e1tul t\u00f6bbleng\u0151karos kialak\u00edt\u00e1s\u00fa, mindenhol passz\u00edv leng\u00e9scsillap\u00edt\u00f3kkal. Ahogy kor\u00e1bban is, a v\u00e1s\u00e1rl\u00f3k v\u00e1laszthatj\u00e1k az alap\u00e9rtelmezett kompozit laprug\u00f3s h\u00e1ts\u00f3 rendszert, vagy k\u00e9rhetnek opci\u00f3k\u00e9nt l\u00e9grug\u00f3kat \u00e9s adapt\u00edv leng\u00e9scsillap\u00edt\u00e1st is.<\/p>\n","protected":false},"excerpt":{"rendered":"<p>Egy t\u00edz\u00e9ves kisl\u00e1ny hossz\u00fa id\u0151 ut\u00e1n v\u00e9gre \u00faj es\u00e9lyt kapott az \u00e9letre, amikor sz\u00edvet kapott egy \u00e9letment\u0151 m\u0171t\u00e9t sor\u00e1n. A&#8230; <span class=\"gridview-grid-post-read-more\"><a href=\"https:\/\/matrend.hu\/nekedinfo\/o-kapta-meg-a-kedden-meghalt-kisfiu-szivet\/\">read more<span class=\"gridview-sr-only\"> \u0150 kapta meg a kedden meghalt kisfi\u00fa sz\u00edv\u00e9t<\/span><\/a><\/span><\/p>\n","protected":false},"author":1,"featured_media":3007,"comment_status":"open","ping_status":"open","sticky":false,"template":"","format":"standard","meta":{"footnotes":""},"categories":[1],"tags":[],"class_list":["post-3006","post","type-post","status-publish","format-standard","has-post-thumbnail","hentry","category-egyeb","wpcat-1-id"],"_links":{"self":[{"href":"https:\/\/matrend.hu\/nekedinfo\/wp-json\/wp\/v2\/posts\/3006","targetHints":{"allow":["GET"]}}],"collection":[{"href":"https:\/\/matrend.hu\/nekedinfo\/wp-json\/wp\/v2\/posts"}],"about":[{"href":"https:\/\/matrend.hu\/nekedinfo\/wp-json\/wp\/v2\/types\/post"}],"author":[{"embeddable":true,"href":"https:\/\/matrend.hu\/nekedinfo\/wp-json\/wp\/v2\/users\/1"}],"replies":[{"embeddable":true,"href":"https:\/\/matrend.hu\/nekedinfo\/wp-json\/wp\/v2\/comments?post=3006"}],"version-history":[{"count":1,"href":"https:\/\/matrend.hu\/nekedinfo\/wp-json\/wp\/v2\/posts\/3006\/revisions"}],"predecessor-version":[{"id":3008,"href":"https:\/\/matrend.hu\/nekedinfo\/wp-json\/wp\/v2\/posts\/3006\/revisions\/3008"}],"wp:featuredmedia":[{"embeddable":true,"href":"https:\/\/matrend.hu\/nekedinfo\/wp-json\/wp\/v2\/media\/3007"}],"wp:attachment":[{"href":"https:\/\/matrend.hu\/nekedinfo\/wp-json\/wp\/v2\/media?parent=3006"}],"wp:term":[{"taxonomy":"category","embeddable":true,"href":"https:\/\/matrend.hu\/nekedinfo\/wp-json\/wp\/v2\/categories?post=3006"},{"taxonomy":"post_tag","embeddable":true,"href":"https:\/\/matrend.hu\/nekedinfo\/wp-json\/wp\/v2\/tags?post=3006"}],"curies":[{"name":"wp","href":"https:\/\/api.w.org\/{rel}","templated":true}]}}