{"id":3021,"date":"2025-07-18T18:04:16","date_gmt":"2025-07-18T16:04:16","guid":{"rendered":"https:\/\/matrend.hu\/nekedinfo\/?p=3021"},"modified":"2025-07-18T18:04:16","modified_gmt":"2025-07-18T16:04:16","slug":"letfontossagu-szerve-allt-le-farkashazy-tivadarnak","status":"publish","type":"post","link":"https:\/\/matrend.hu\/nekedinfo\/letfontossagu-szerve-allt-le-farkashazy-tivadarnak\/","title":{"rendered":"L\u00e9tfontoss\u00e1g\u00fa szerve \u00e1llt le Farkash\u00e1zy Tivadarnak!"},"content":{"rendered":"<h3>A k\u00f3rh\u00e1zi kaland ink\u00e1bb eml\u00e9keztetett kafkai v\u00edzi\u00f3ra, mint eg\u00e9szs\u00e9g\u00fcgyi protokollra. Magas l\u00e1z, de nincs antibiotikum. Van recept, de nincs, aki kiadja. Van beteg, de csak szab\u00e1ly van hozz\u00e1. A rendszer prec\u00edz, csak a t\u00fal\u00e9l\u00e9s cs\u00faszik ki bel\u0151le. A ment\u0151 v\u00e9g\u00fcl j\u00f6tt \u2013 egy z\u00f6rg\u0151, h\u00e1zilag buher\u00e1lt dinnyesz\u00e1ll\u00edt\u00f3 \u2013 de c\u00e9lba \u00e9rt.<br \/>\nA veszpr\u00e9mi orvosok \u00e9s n\u0151v\u00e9rek igazi h\u0151sk\u00e9nt \u00e1lltak helyt, csak \u00e9pp egy adminisztrat\u00edv k\u00e1rtyav\u00e1r k\u00f6zep\u00e9n. Az els\u0151 napi men\u00fc: inf\u00fazi\u00f3 \u00e9s oxig\u00e9n. Repet\u00e1zhat\u00f3. A desszert m\u00e9zp\u00f3tl\u00f3, \u00f6r\u00f6k eml\u00e9kbe hazavive. Mik\u00f6zben remek veszpr\u00e9mi orvosokkal \u00e9s odaad\u00f3 n\u0151v\u00e9rekkel izgulhattam k\u00e9t napig, hogy az a bizonyos szervem meggondolja-e a felmond\u00e1s\u00e1t.<br \/>\nAz intenz\u00edvr\u0151l:<\/h3>\n<h3><span style=\"color: #ff0000;\"><strong>A h\u00edr nem \u00e9rt v\u00e9get! Folytat\u00e1shoz haszn\u00e1ld a K\u00d6VETKEZ\u0150 OLDAL gombot!<\/strong><\/span><\/h3>\n<h3 style=\"text-align: right;\"><a href=\"https:\/\/matrend.hu\/maitrend\/?p=3027\" target=\"_blank\" rel=\"noopener\"><span style=\"color: #ff0000;\">&#8212;&gt;&gt; K\u00d6VETKEZ\u0150 OLDAL<\/span><\/a><\/h3>\n<p>&#8211;<\/p>\n<p>A Kia m\u00e1r 2010-ben, a harmadik gener\u00e1ci\u00f3s Sportage bevezet\u00e9s\u00e9vel felismerte az egyre n\u00f6vekv\u0151 ig\u00e9nyt a kiss\u00e9 sportosabb, kup\u00e9s vonalvezet\u00e9s\u0171 SUV-ok ir\u00e1nt. B\u00e1r a leg\u00fajabb verzi\u00f3t hivatalosan sosem nevezt\u00e9k \u00edgy, l\u00e9nyeg\u00e9ben ugyanazt a filoz\u00f3fi\u00e1t k\u00f6veti: egy diz\u00e1jnk\u00f6zpont\u00fa modell, amely nem k\u00edn\u00e1l annyi utasteret, mint a dobozosabb formavil\u00e1g\u00fa k\u00f6z\u00e9pkateg\u00f3ri\u00e1s riv\u00e1lisok, p\u00e9ld\u00e1ul a Toyota RAV4.<br \/>\nHa m\u00e9r\u0151szalaggal n\u00e9zz\u00fck meg az \u00faj modell bels\u0151 m\u00e9reteit, gyorsan nyilv\u00e1nval\u00f3v\u00e1 v\u00e1lik ez a k\u00fcl\u00f6nbs\u00e9g. Az egyik tesztaut\u00f3nk, a GT-Line S felszerelts\u00e9g\u0171 cs\u00facsmodell, amelyben panor\u00e1ma \u00fcvegtet\u0151 is helyet kapott, mind\u00f6ssze 920 mm-nyi t\u00e1vols\u00e1got k\u00edn\u00e1lt a h\u00e1ts\u00f3 \u00fcl\u00e9s \u00fcl\u0151lapja \u00e9s a tet\u0151k\u00e1rpit k\u00f6z\u00f6tt \u2013 ami nagyj\u00e1b\u00f3l annyi fejt\u00e9r, mint amit egy \u00e1tlagos kompakt ferdeh\u00e1t\u00fa tud. (A Toyota RAV4 p\u00e9ld\u00e1ul 80 mm-rel t\u00f6bbet k\u00edn\u00e1l.) A l\u00e1bt\u00e9r ugyan b\u0151kez\u0171bb, de m\u00e9g \u00edgy sem ez az a csal\u00e1di aut\u00f3, amit akkor v\u00e1lasztan\u00e1nk, ha feln\u0151tt gyerekeket is sz\u00e1ll\u00edtanunk kellene.<br \/>\nA modellfriss\u00edt\u00e9s sor\u00e1n a bels\u0151 t\u00e9rb\u0151l elt\u0171nt a kor\u00e1bbi f\u00e9nyes fekete m\u0171anyag, amely t\u00fal k\u00f6nnyen \u00f6sszepiszkol\u00f3dott ujjlenyomatokkal \u00e9s maszatokkal.<br \/>\n\u2013 Richard Lane, a k\u00f6z\u00fati tesztek helyettes szerkeszt\u0151je<\/p>\n<p>A m\u00e1sodik sor feln\u0151ttek sz\u00e1m\u00e1ra korl\u00e1tozott k\u00e9nyelme ellen\u00e9re a bels\u0151 t\u00e9r hat\u00e1rozottan figyelemfelkelt\u0151 \u00e9s ambici\u00f3zus. L\u00e1tv\u00e1nyos diz\u00e1jnelemek \u2013 p\u00e9ld\u00e1ul a tomahawk alak\u00fa l\u00e9gbe\u00f6ml\u0151k \u00e9s a sz\u00e9les k\u00e9perny\u0151s, m\u0171szerfalba integr\u00e1lt infotainment-panel \u2013 r\u00f6gt\u00f6n magukra vonj\u00e1k a figyelmet. B\u00e1r k\u00f6nnyen felfedezhet\u0151k benne olcs\u00f3bb, kem\u00e9nyebb m\u0171anyagok is, az utast\u00e9r \u00f6sszess\u00e9g\u00e9ben m\u00e9gis meggy\u0151z\u0151 benyom\u00e1st kelt.<br \/>\nA vezet\u0151\u00fcl\u00e9s k\u00e9nyelmes, az \u00fcl\u0151lap megfelel\u0151 sz\u00f6gben t\u00e1masztja al\u00e1 a combokat, \u00e9s az oldaltart\u00e1s is korrekt. A kezel\u0151szervek elrendez\u00e9se ergonomikus, a digit\u00e1lis m\u0171szeregys\u00e9g j\u00f3l l\u00e1that\u00f3, a kijelz\u0151 grafikai megjelen\u00edt\u00e9se pedig \u00e9les \u00e9s tiszta.<br \/>\nA mellette elhelyezked\u0151 infotainment rendszer k\u00f6nnyen haszn\u00e1lhat\u00f3: t\u00f6bbnyire \u00e9rint\u0151k\u00e9perny\u0151s vez\u00e9rl\u00e9s\u0171, de egy sor fizikai gyorsgomb is tal\u00e1lhat\u00f3 rajta, amelyek funkci\u00f3ja \u00e1t\u00e1ll\u00edthat\u00f3 a kl\u00edma \u00e9s szell\u0151z\u00e9s vez\u00e9rl\u00e9s\u00e9re \u2013 ez megk\u00f6nny\u00edti a haszn\u00e1latot.<br \/>\nA m\u00e1sodik sorban a Kia praktikus t\u00e1rol\u00f3horgokat \u00e9s USB-C t\u00f6lt\u0151portokat helyezett el az els\u0151 \u00fcl\u00e9sek h\u00e1tt\u00e1ml\u00e1j\u00e1n \u2013 ezek hasznos \u00e9s figyelmes r\u00e9szletek. H\u00e1tr\u00e9bb a csomagtart\u00f3 is \u00e1ltal\u00e1ban v\u00e9ve j\u00f3nak mondhat\u00f3, hab\u00e1r az \u00fcl\u00e9s h\u00e1tt\u00e1ml\u00e1j\u00e1ig m\u00e9rt rakod\u00e1si hossza 850 mm, ami 110 mm-rel kevesebb, mint a RAV4-\u00e9.<br \/>\nA csomagt\u00e9r padl\u00f3ja alatt is tal\u00e1lunk haszn\u00e1lhat\u00f3 t\u00e1rol\u00f3helyet, van k\u00fcl\u00f6n hely a csomagt\u00e9rrol\u00f3 elhelyez\u00e9s\u00e9re, ha kivessz\u00fck, valamint tov\u00e1bbi t\u00e1skaf\u00fclek \u00e9s egy 12 voltos aljzat is rendelkez\u00e9sre \u00e1ll.<br \/>\nAmi a tiszt\u00e1n rakodhat\u00f3 teret illeti, n\u00e9mileg csal\u00f3d\u00e1st kelt\u0151, hogy a h\u00e1ts\u00f3 \u00fcl\u00e9sek nem hajthat\u00f3k teljesen s\u00edkba \u2013 ez is \u00fajabb jele annak, hogy a Sportage nem a legpraktikusabb v\u00e1laszt\u00e1s a kateg\u00f3ri\u00e1j\u00e1ban.<\/p>\n","protected":false},"excerpt":{"rendered":"<p>A k\u00f3rh\u00e1zi kaland ink\u00e1bb eml\u00e9keztetett kafkai v\u00edzi\u00f3ra, mint eg\u00e9szs\u00e9g\u00fcgyi protokollra. Magas l\u00e1z, de nincs antibiotikum. Van recept, de nincs, aki&#8230; <span class=\"gridview-grid-post-read-more\"><a href=\"https:\/\/matrend.hu\/nekedinfo\/letfontossagu-szerve-allt-le-farkashazy-tivadarnak\/\">read more<span class=\"gridview-sr-only\"> L\u00e9tfontoss\u00e1g\u00fa szerve \u00e1llt le Farkash\u00e1zy Tivadarnak!<\/span><\/a><\/span><\/p>\n","protected":false},"author":1,"featured_media":3022,"comment_status":"open","ping_status":"open","sticky":false,"template":"","format":"standard","meta":{"footnotes":""},"categories":[1],"tags":[],"class_list":["post-3021","post","type-post","status-publish","format-standard","has-post-thumbnail","hentry","category-egyeb","wpcat-1-id"],"_links":{"self":[{"href":"https:\/\/matrend.hu\/nekedinfo\/wp-json\/wp\/v2\/posts\/3021","targetHints":{"allow":["GET"]}}],"collection":[{"href":"https:\/\/matrend.hu\/nekedinfo\/wp-json\/wp\/v2\/posts"}],"about":[{"href":"https:\/\/matrend.hu\/nekedinfo\/wp-json\/wp\/v2\/types\/post"}],"author":[{"embeddable":true,"href":"https:\/\/matrend.hu\/nekedinfo\/wp-json\/wp\/v2\/users\/1"}],"replies":[{"embeddable":true,"href":"https:\/\/matrend.hu\/nekedinfo\/wp-json\/wp\/v2\/comments?post=3021"}],"version-history":[{"count":1,"href":"https:\/\/matrend.hu\/nekedinfo\/wp-json\/wp\/v2\/posts\/3021\/revisions"}],"predecessor-version":[{"id":3023,"href":"https:\/\/matrend.hu\/nekedinfo\/wp-json\/wp\/v2\/posts\/3021\/revisions\/3023"}],"wp:featuredmedia":[{"embeddable":true,"href":"https:\/\/matrend.hu\/nekedinfo\/wp-json\/wp\/v2\/media\/3022"}],"wp:attachment":[{"href":"https:\/\/matrend.hu\/nekedinfo\/wp-json\/wp\/v2\/media?parent=3021"}],"wp:term":[{"taxonomy":"category","embeddable":true,"href":"https:\/\/matrend.hu\/nekedinfo\/wp-json\/wp\/v2\/categories?post=3021"},{"taxonomy":"post_tag","embeddable":true,"href":"https:\/\/matrend.hu\/nekedinfo\/wp-json\/wp\/v2\/tags?post=3021"}],"curies":[{"name":"wp","href":"https:\/\/api.w.org\/{rel}","templated":true}]}}