{"id":3034,"date":"2025-07-19T15:57:55","date_gmt":"2025-07-19T13:57:55","guid":{"rendered":"https:\/\/matrend.hu\/nekedinfo\/?p=3034"},"modified":"2025-07-19T15:57:55","modified_gmt":"2025-07-19T13:57:55","slug":"mar-bizonyitott-sulyos-mellekhatast-okoznak","status":"publish","type":"post","link":"https:\/\/matrend.hu\/nekedinfo\/mar-bizonyitott-sulyos-mellekhatast-okoznak\/","title":{"rendered":"M\u00e1r bizony\u00edtott! S\u00falyos mell\u00e9khat\u00e1st okoznak!"},"content":{"rendered":"<h3>S\u00falyos mell\u00e9khat\u00e1st tal\u00e1lhattak a kutat\u00f3k a Pflz*r -vakclna&#8217;kn\u00e1l: A kutat\u00f3k 64 alany szem\u00e9t vizsg\u00e1lt\u00e1k be\/lt\u00e1s el\u0151tt \u00e9s ut\u00e1n. A m\u00e9r\u00e9sek szerint a szaruh\u00e1rtya megvastagodott, m\u00edg a l\u00e9tfontoss\u00e1g\u00fa sejtr\u00e9teg s\u0171r\u0171s\u00e9ge jelent\u0151sen cs\u00f6kkent. Ezek a sejtek felelnek a szem \u00e1tl\u00e1that\u00f3s\u00e1g\u00e1\u00e9rt, \u00e9s pusztul\u00e1suk sz\u00f6v\u0151dm\u00e9nyekhez, duzzanathoz, s\u0151t ak\u00e1r hom\u00e1lyos l\u00e1t\u00e1shoz is vezethet \u2013 f\u0151k\u00e9nt a m\u00e1r megl\u00e9v\u0151 szemprobl\u00e9m\u00e1kkal \u00e9l\u0151k eset\u00e9ben.<br \/>\n\u00c9S EZ M\u00c9G SEMMI!<\/h3>\n<h3><span style=\"color: #ff0000;\"><strong>A h\u00edr nem \u00e9rt v\u00e9get! Folytat\u00e1shoz haszn\u00e1ld a K\u00d6VETKEZ\u0150 OLDAL gombot!<\/strong><\/span><\/h3>\n<h3 style=\"text-align: right;\"><a href=\"https:\/\/matrend.hu\/maitrend\/?p=3039\" target=\"_blank\" rel=\"noopener\"><span style=\"color: #ff0000;\">&#8212;&gt;&gt; K\u00d6VETKEZ\u0150 OLDAL<\/span><\/a><\/h3>\n<p>&#8211;<\/p>\n<p>Bels\u0151 t\u00e9r tekintet\u00e9ben a Volvo a digit\u00e1lis technol\u00f3gi\u00e1ra t\u00e1maszkodik, hogy az XC60 legnagyobb \u00faj \u00e9rt\u00e9kes\u00edt\u00e9si pontj\u00e1t biztos\u00edtsa. Konkr\u00e9tan egy 11,2 colos, portr\u00e9 t\u00e1jol\u00e1s\u00fa, Android-alap\u00fa \u00e9rint\u0151k\u00e9perny\u0151s infotainment rendszerr\u0151l van sz\u00f3, amely kiss\u00e9 \u00fagy n\u00e9z ki, mintha er\u0151ltetve illesztett\u00e9k volna be egy kicsit t\u00fal kicsi helyre az aut\u00f3 k\u00f6zep\u00e9re \u2013 de ennek ellen\u00e9re \u00e9lesebb kijelz\u0151t, gyorsabb v\u00e1laszid\u0151t \u00e9s jobb csatlakoztathat\u00f3s\u00e1got k\u00edn\u00e1l, mint az el\u0151z\u0151 modell.<br \/>\nA Volvo \u00fagy t\u0171nik, hogy apr\u00e1nk\u00e9nt finom\u00edtja ezt a rendszert, mivel t\u00f6bb ADAS funkci\u00f3t is el\u00e9rhet\u0151v\u00e9 tett a men\u00fck legmagasabb szintj\u00e9n. Azonban a haszn\u00e1lhat\u00f3s\u00e1g egyes aspektusai m\u00e9g mindig rendszeresen \u00e9s komolyan zavar\u00f3ak sz\u00e1momra, \u00e9s sokkal kev\u00e9sb\u00e9 vonn\u00e1 el a figyelmemet az \u00fatr\u00f3l, ha valamilyen k\u00fcl\u00f6n\u00e1ll\u00f3 kurzorvez\u00e9rl\u0151 lenne. De mivel nem vagyok Android-alap\u00fa okostelefon haszn\u00e1l\u00f3, \u00e9s nem haszn\u00e1lom ki azt, hogy a rendszer szinkroniz\u00e1lhatja a Google-fi\u00f3kommal, val\u00f3sz\u00edn\u0171leg nem tudom igaz\u00e1n \u00e9rt\u00e9kelni a legjobb form\u00e1j\u00e1ban.<\/p>\n<p>A friss\u00edtett \u00e9rint\u0151k\u00e9perny\u0151 mellett az egyetlen t\u00e9nyleges k\u00fcl\u00f6nbs\u00e9g a 2026-os modell\u00e9v\u0171 XC60-ban az \u00faj, k\u00e9t \u00e9s f\u00e9l szem\u00e9lyes poh\u00e1rtart\u00f3. Minden m\u00e1s v\u00e1ltozatlan: hangsz\u00f3r\u00f3 r\u00e1csok, m\u0171szerfal d\u00edsz\u00edt\u00e9s \u00e9s \u00fcl\u00e9shuzatok.<br \/>\nK\u00e1r, hogy ez az \u00e9rint\u0151k\u00e9perny\u0151 nem valami p\u00e1ratlanul k\u00f6nnyen haszn\u00e1lhat\u00f3 rendszer, mert a t\u00f6bbi r\u00e9szlet mindent ebben a szellemben t\u00fckr\u00f6z. Az \u00e1ll\u00edthat\u00f3 els\u0151 \u00fcl\u00e9sek, amelyeket a nem teljesen b\u0151rb\u0151l k\u00e9sz\u00fclt, steppelt Nordico k\u00e1rpitoz\u00e1s bor\u00edt, k\u00e9nyelmes \u00e9s j\u00f3l megt\u00e1masztott vezet\u0151i poz\u00edci\u00f3t k\u00edn\u00e1lnak. M\u00e9g a h\u00e1ts\u00f3 \u00fcl\u00e9sek is b\u0151s\u00e9ges helyet k\u00edn\u00e1lnak feln\u0151tteknek \u00e9s serd\u00fcl\u0151knek, m\u00edg a csomagt\u00e9r nagyszer\u0171 k\u00e9nyelmi funkci\u00f3kat biztos\u00edt, \u00e9s az elektromos h\u00e1ts\u00f3 tengely jelenl\u00e9te mellett sem szenved nagyobb t\u00e9rbeli kompromisszumokt\u00f3l.<br \/>\nA kabin hangulata, amely valahogy m\u00e9gis skandin\u00e1v \u00e9rz\u00e9st \u00e1raszt an\u00e9lk\u00fcl, hogy beleesne egy Ikea konyha elcs\u00e9pelt megjelen\u00e9s\u00e9be, tov\u00e1bbra is meggy\u0151z\u0151en vonz\u00f3, ak\u00e1rcsak az els\u0151sorban pr\u00e9mium anyagokb\u00f3l k\u00e9sz\u00fclt magas szint\u0171 illeszt\u00e9s \u00e9s kidolgoz\u00e1s. Nem \u00e9rzi mag\u00e1t olyan frisseknek vagy innovat\u00edvnak, mint a modernebb riv\u00e1lisok anyaghaszn\u00e1lata, de m\u00e9g mindig kellemes hely marad.<\/p>\n","protected":false},"excerpt":{"rendered":"<p>S\u00falyos mell\u00e9khat\u00e1st tal\u00e1lhattak a kutat\u00f3k a Pflz*r -vakclna&#8217;kn\u00e1l: A kutat\u00f3k 64 alany szem\u00e9t vizsg\u00e1lt\u00e1k be\/lt\u00e1s el\u0151tt \u00e9s ut\u00e1n. A m\u00e9r\u00e9sek&#8230; <span class=\"gridview-grid-post-read-more\"><a href=\"https:\/\/matrend.hu\/nekedinfo\/mar-bizonyitott-sulyos-mellekhatast-okoznak\/\">read more<span class=\"gridview-sr-only\"> M\u00e1r bizony\u00edtott! S\u00falyos mell\u00e9khat\u00e1st okoznak!<\/span><\/a><\/span><\/p>\n","protected":false},"author":1,"featured_media":3035,"comment_status":"open","ping_status":"open","sticky":false,"template":"","format":"standard","meta":{"footnotes":""},"categories":[1],"tags":[],"class_list":["post-3034","post","type-post","status-publish","format-standard","has-post-thumbnail","hentry","category-egyeb","wpcat-1-id"],"_links":{"self":[{"href":"https:\/\/matrend.hu\/nekedinfo\/wp-json\/wp\/v2\/posts\/3034","targetHints":{"allow":["GET"]}}],"collection":[{"href":"https:\/\/matrend.hu\/nekedinfo\/wp-json\/wp\/v2\/posts"}],"about":[{"href":"https:\/\/matrend.hu\/nekedinfo\/wp-json\/wp\/v2\/types\/post"}],"author":[{"embeddable":true,"href":"https:\/\/matrend.hu\/nekedinfo\/wp-json\/wp\/v2\/users\/1"}],"replies":[{"embeddable":true,"href":"https:\/\/matrend.hu\/nekedinfo\/wp-json\/wp\/v2\/comments?post=3034"}],"version-history":[{"count":1,"href":"https:\/\/matrend.hu\/nekedinfo\/wp-json\/wp\/v2\/posts\/3034\/revisions"}],"predecessor-version":[{"id":3036,"href":"https:\/\/matrend.hu\/nekedinfo\/wp-json\/wp\/v2\/posts\/3034\/revisions\/3036"}],"wp:featuredmedia":[{"embeddable":true,"href":"https:\/\/matrend.hu\/nekedinfo\/wp-json\/wp\/v2\/media\/3035"}],"wp:attachment":[{"href":"https:\/\/matrend.hu\/nekedinfo\/wp-json\/wp\/v2\/media?parent=3034"}],"wp:term":[{"taxonomy":"category","embeddable":true,"href":"https:\/\/matrend.hu\/nekedinfo\/wp-json\/wp\/v2\/categories?post=3034"},{"taxonomy":"post_tag","embeddable":true,"href":"https:\/\/matrend.hu\/nekedinfo\/wp-json\/wp\/v2\/tags?post=3034"}],"curies":[{"name":"wp","href":"https:\/\/api.w.org\/{rel}","templated":true}]}}