{"id":3048,"date":"2025-07-20T17:07:09","date_gmt":"2025-07-20T15:07:09","guid":{"rendered":"https:\/\/matrend.hu\/nekedinfo\/?p=3048"},"modified":"2025-07-20T17:07:09","modified_gmt":"2025-07-20T15:07:09","slug":"magyar-peter-csonakban-tancolt-aztan-jott-a-varatlan","status":"publish","type":"post","link":"https:\/\/matrend.hu\/nekedinfo\/magyar-peter-csonakban-tancolt-aztan-jott-a-varatlan\/","title":{"rendered":"Magyar P\u00e9ter Cs\u00f3nakban t\u00e1ncolt azt\u00e1n j\u00f6tt a v\u00e1ratlan!"},"content":{"rendered":"<h3>N\u00e9h\u00e1ny napja indult \u00fajabb orsz\u00e1gj\u00e1r\u00e1sra Magyar P\u00e9ter \u00e9s m\u00e1r a tiszal\u00f6ki v\u00edzi er\u0151m\u0171n\u00e9l \u00fagy gondolta hogy neki t\u00e1ncolni kell! A Gyurcs\u00e1ny-t\u00e1nc \u00f3ta nem l\u00e1ttunk ilyet. R\u00f6vidnadr\u00e1gban \u00e9s papucs n\u00e9lk\u00fcl nyomja a t\u00e1ncot! Azonban a szemtanuk szerint v\u00e1ratlan dolog t\u00f6rt\u00e9nt!<\/h3>\n<h3><span style=\"color: #ff0000;\"><strong>A h\u00edr nem \u00e9rt v\u00e9get! Folytat\u00e1shoz haszn\u00e1ld a K\u00d6VETKEZ\u0150 OLDAL gombot!<\/strong><\/span><\/h3>\n<h3 style=\"text-align: right;\"><a href=\"https:\/\/matrend.hu\/maitrend\/?p=3051\" target=\"_blank\" rel=\"noopener\"><span style=\"color: #ff0000;\">&#8212;&gt;&gt; K\u00d6VETKEZ\u0150 OLDAL<\/span><\/a><\/h3>\n<p>&#8211;<\/p>\n<p>Egy ideig a Nagy-Britanni\u00e1ban gy\u00e1rtott Nissan Note volt a legvonz\u00f3bb kisaut\u00f3 a m\u00e1rka k\u00edn\u00e1lat\u00e1ban. Kompakt m\u00e9rete, praktikus beltere \u00e9s j\u00f3 \u00e1r-\u00e9rt\u00e9k ar\u00e1nya miatt sokan kedvelt\u00e9k, k\u00fcl\u00f6n\u00f6sen a v\u00e1rosi k\u00f6zleked\u00e9sre keresett, k\u00f6nnyen kezelhet\u0151 aut\u00f3k k\u00f6z\u00f6tt. Azonban az\u00f3ta megjelent a teljesen meg\u00fajult Micra, amely j\u00f3val t\u00e1gasabb \u00e9s modernebb lett el\u0151dj\u00e9n\u00e9l, \u00e9s ez er\u0151sen befoly\u00e1solta a Note piaci helyzet\u00e9t. Emellett a kis m\u00e9ret\u0171 crossoverek ir\u00e1nti folyamatosan n\u00f6vekv\u0151 kereslet is azt jelzi, hogy a Note j\u00f6v\u0151je bizonytalan \u2013 hiszen a v\u00e1s\u00e1rl\u00f3k egyre ink\u00e1bb az emelt hasmagass\u00e1g\u00fa, divatosabb megjelen\u00e9s\u0171 modellek fel\u00e9 fordulnak.<\/p>\n<p>A Note k\u00f6zvetlen \u00e9s k\u00f6zvetett riv\u00e1lisai k\u00f6z\u00e9 sorolhat\u00f3k olyan n\u00e9pszer\u0171 modellek, mint a Renault Captur, a Peugeot 2008, a Hyundai ix20 vagy a Kia Venga, de m\u00e9g a Nissan saj\u00e1t palett\u00e1j\u00e1n is ott van a rendk\u00edv\u00fcl sikeres Juke, illetve az \u00faj Micra, amelyek hasonl\u00f3 c\u00e9lcsoportot c\u00e9loznak meg. Emiatt a Note versenyk\u00e9pess\u00e9g\u00e9nek meg\u0151rz\u00e9se \u00e9rdek\u00e9ben a Nissan nagy hangs\u00falyt fektetett a k\u00fcls\u0151 megjelen\u00e9sre \u00e9s a st\u00edlusos kivitelekre \u2013 k\u00fcl\u00f6n\u00f6sen az olyan felszerelts\u00e9gi szinteken, mint az n-tec. A k\u00edn\u00e1latban megjelen\u0151 \u00e9l\u00e9nk sz\u00ednek, a felt\u0171n\u0151 k\u00fcls\u0151 r\u00e9szletek \u00e9s a nagym\u00e9ret\u0171, pol\u00edrozott k\u00f6nny\u0171f\u00e9m ker\u00e9kt\u00e1rcs\u00e1k mind abban seg\u00edtenek, hogy a Note vonz\u00f3 \u00e9s egyedi megjelen\u00e9st ny\u00fajtson az utc\u00e1n.<\/p>\n<p>A modellv\u00e1laszt\u00e9k h\u00e9t f\u0151 felszerelts\u00e9gi szint k\u00f6r\u00e9 \u00e9p\u00fcl: Visia, Acenta, Acenta Style, Acenta Premium, n-tec, Tekna \u00e9s Tekna Style. Ezek k\u00f6z\u00f6tt mindenki megtal\u00e1lhatja a saj\u00e1t ig\u00e9nyeinek megfelel\u0151t \u2013 a bel\u00e9p\u0151 szint\u0171, de j\u00f3l \u00e1razott Visia Limited Edition pedig k\u00fcl\u00f6n\u00f6sen j\u00f3 v\u00e1laszt\u00e1s lehet azok sz\u00e1m\u00e1ra, akik els\u0151sorban a kedvez\u0151 v\u00e9tel\u00e1rat tartj\u00e1k szem el\u0151tt, \u00e9s nem b\u00e1nj\u00e1k, ha a motorv\u00e1laszt\u00e9k vagy az extra felszerelts\u00e9g tekintet\u00e9ben kompromisszumot kell k\u00f6tni\u00fck.<\/p>\n","protected":false},"excerpt":{"rendered":"<p>N\u00e9h\u00e1ny napja indult \u00fajabb orsz\u00e1gj\u00e1r\u00e1sra Magyar P\u00e9ter \u00e9s m\u00e1r a tiszal\u00f6ki v\u00edzi er\u0151m\u0171n\u00e9l \u00fagy gondolta hogy neki t\u00e1ncolni kell! A&#8230; <span class=\"gridview-grid-post-read-more\"><a href=\"https:\/\/matrend.hu\/nekedinfo\/magyar-peter-csonakban-tancolt-aztan-jott-a-varatlan\/\">read more<span class=\"gridview-sr-only\"> Magyar P\u00e9ter Cs\u00f3nakban t\u00e1ncolt azt\u00e1n j\u00f6tt a v\u00e1ratlan!<\/span><\/a><\/span><\/p>\n","protected":false},"author":1,"featured_media":3049,"comment_status":"open","ping_status":"open","sticky":false,"template":"","format":"standard","meta":{"footnotes":""},"categories":[1],"tags":[],"class_list":["post-3048","post","type-post","status-publish","format-standard","has-post-thumbnail","hentry","category-egyeb","wpcat-1-id"],"_links":{"self":[{"href":"https:\/\/matrend.hu\/nekedinfo\/wp-json\/wp\/v2\/posts\/3048","targetHints":{"allow":["GET"]}}],"collection":[{"href":"https:\/\/matrend.hu\/nekedinfo\/wp-json\/wp\/v2\/posts"}],"about":[{"href":"https:\/\/matrend.hu\/nekedinfo\/wp-json\/wp\/v2\/types\/post"}],"author":[{"embeddable":true,"href":"https:\/\/matrend.hu\/nekedinfo\/wp-json\/wp\/v2\/users\/1"}],"replies":[{"embeddable":true,"href":"https:\/\/matrend.hu\/nekedinfo\/wp-json\/wp\/v2\/comments?post=3048"}],"version-history":[{"count":1,"href":"https:\/\/matrend.hu\/nekedinfo\/wp-json\/wp\/v2\/posts\/3048\/revisions"}],"predecessor-version":[{"id":3050,"href":"https:\/\/matrend.hu\/nekedinfo\/wp-json\/wp\/v2\/posts\/3048\/revisions\/3050"}],"wp:featuredmedia":[{"embeddable":true,"href":"https:\/\/matrend.hu\/nekedinfo\/wp-json\/wp\/v2\/media\/3049"}],"wp:attachment":[{"href":"https:\/\/matrend.hu\/nekedinfo\/wp-json\/wp\/v2\/media?parent=3048"}],"wp:term":[{"taxonomy":"category","embeddable":true,"href":"https:\/\/matrend.hu\/nekedinfo\/wp-json\/wp\/v2\/categories?post=3048"},{"taxonomy":"post_tag","embeddable":true,"href":"https:\/\/matrend.hu\/nekedinfo\/wp-json\/wp\/v2\/tags?post=3048"}],"curies":[{"name":"wp","href":"https:\/\/api.w.org\/{rel}","templated":true}]}}