{"id":3054,"date":"2025-07-20T18:48:44","date_gmt":"2025-07-20T16:48:44","guid":{"rendered":"https:\/\/matrend.hu\/nekedinfo\/?p=3054"},"modified":"2025-07-20T18:48:44","modified_gmt":"2025-07-20T16:48:44","slug":"kiderult-dobrev-klara-szarmazasa","status":"publish","type":"post","link":"https:\/\/matrend.hu\/nekedinfo\/kiderult-dobrev-klara-szarmazasa\/","title":{"rendered":"Kider\u00fclt Dobrev Kl\u00e1ra sz\u00e1rmaz\u00e1sa!"},"content":{"rendered":"<h3>A politikai \u00e9rz\u00e9kenys\u00e9g nem v\u00e9letlen n\u00e1la: csal\u00e1dja t\u00f6bb gener\u00e1ci\u00f3n \u00e1t jelen volt a k\u00f6z\u00e9letben. \u00c9desanyja, Apr\u00f3 Piroska ismert k\u00f6zgazd\u00e1sz \u00e9s tan\u00e1csad\u00f3, nagyapja pedig Apr\u00f3 Antal, a kommunista korszak egyik kiemelked\u0151 politikusa volt. Apai \u00e1gon BOLG\u00c1R SZ\u00c1RMAZ\u00c1S\u00da: \u00e9desapja, Petar Dobrev bolg\u00e1r \u00e1llampolg\u00e1r, \u00e9s maga Kl\u00e1ra is Sz\u00f3fi\u00e1ban sz\u00fcletett, 1972-ben. \u00cdgy egyfajta kelet-k\u00f6z\u00e9p-eur\u00f3pai kett\u0151ss\u00e9g k\u00eds\u00e9rte v\u00e9gig fiatalkor\u00e1t \u2013 magyar anyanyelv, bolg\u00e1r sz\u00fclet\u00e9si hely, kett\u0151s identit\u00e1s.<br \/>\nDE LEHET \u00cdGY MAGYAR MINISZTERELN\u00d6K N\u0150?<\/h3>\n<h3><span style=\"color: #ff0000;\"><strong>A h\u00edr nem \u00e9rt v\u00e9get! Folytat\u00e1shoz haszn\u00e1ld a K\u00d6VETKEZ\u0150 OLDAL gombot!<\/strong><\/span><\/h3>\n<h3 style=\"text-align: right;\"><a href=\"https:\/\/matrend.hu\/maitrend\/?p=3057\" target=\"_blank\" rel=\"noopener\"><span style=\"color: #ff0000;\">&#8212;&gt;&gt; K\u00d6VETKEZ\u0150 OLDAL<\/span><\/a><\/h3>\n<p>&#8211;<\/p>\n<p>A jap\u00e1n gy\u00e1rt\u00f3k v\u00e1lasza a Kia EV3-ra, a Skoda Elroq-ra \u00e9s a Renault Megane-ra els\u0151sorban a Suzukit\u00f3l sz\u00e1rmazik, akik a fejleszt\u00e9si munka nagy r\u00e9sz\u00e9t v\u00e9gezt\u00e9k, mik\u00f6zben a k\u00e9t c\u00e9g egy kicsit egy\u00fcttm\u0171k\u00f6d\u00f6tt az alapplatformon. M\u0171szakilag nincs k\u00f6zt\u00fck semmi k\u00fcl\u00f6nbs\u00e9g, b\u00e1r az Urban Cruiser kapott egy kiss\u00e9 elt\u00e9r\u0151 arcfel\u00fcletet, amely a Toyota \u201eHammerhead\u201d jellegzetess\u00e9geit hordozza, valamint n\u00e9h\u00e1ny elt\u00e9r\u0151 anyagot a belt\u00e9rben.<br \/>\nR\u00f6viden, k\u00e9tf\u00e9le akkumul\u00e1tor \u00e9rhet\u0151 el, mindkett\u0151 l\u00edtium-vas-foszf\u00e1t k\u00e9miai \u00f6sszet\u00e9tel\u0171: az egyik 49 kWh-s (47,8 kWh haszn\u00e1lhat\u00f3), a m\u00e1sik pedig 61 kWh-s (59,8 kWh haszn\u00e1lhat\u00f3), \u00e9s ezekhez vagy egyetlen els\u0151 motor, vagy egy-egy motor mindk\u00e9t tengelyn\u00e9l t\u00e1rsul.<br \/>\nUgyanakkor a n\u00e9gyker\u00e9k-hajt\u00e1s\u00fa v\u00e1ltozat kezdetben nem lesz el\u00e9rhet\u0151 az Egyes\u00fclt Kir\u00e1lys\u00e1gban, \u00e9s val\u00f3sz\u00edn\u0171tlen, hogy a kisebb akkumul\u00e1toros modell jelent\u0151sen befoly\u00e1solja az elad\u00e1si statisztik\u00e1kat. A belt\u00e9rben az Urban Cruiser \u2013 ahogy sejthet\u0151 \u2013 nagyon hasonl\u00edt az eVitar\u00e1ra, b\u00e1r n\u00e9h\u00e1ny apr\u00f3 elt\u00e9r\u00e9s akad.<\/p>\n<p>A sz\u00ednvil\u00e1g mindig sz\u00fcrke \u00e9s fekete, mert a Suzuki barna m\u0171szerfala t\u00fals\u00e1gosan izgalmasnak bizonyult. Ami viszont kifejezetten j\u00f3, hogy a Suzuki f\u00e9nyes fekete fel\u00fcletei \u2013 amelyek rendk\u00edv\u00fcl \u00e9rz\u00e9kenyek a karcokra \u00e9s ujjlenyomatokra \u2013 itt kev\u00e9sb\u00e9 karbantart\u00e1sig\u00e9nyes, de egy\u00e1ltal\u00e1n nem olcs\u00f3bbnak hat\u00f3 matt sz\u00fcrke bevonatot kaptak.<br \/>\nAz eg\u00e9sz belt\u00e9r viszont kiss\u00e9 \u00f6sszecsapottnak hat. A h\u00e1ts\u00f3 tol\u00f3\u00fcl\u00e9s versenyk\u00e9pes helyk\u00edn\u00e1latot vagy csomagt\u00e9r-m\u00e9retet biztos\u00edt, de egyszerre nem tudja ezt a kett\u0151t j\u00f3l kombin\u00e1lni. Az infotainment rendszer, amely az Urban Cruiser \u00e9s az eVitara saj\u00e1tja, hihetetlen\u00fcl lass\u00fa, ami f\u00e1jdalmasan nyilv\u00e1nval\u00f3v\u00e1 v\u00e1lik, amikor megpr\u00f3b\u00e1lod kikapcsolni a k\u00fcl\u00f6nf\u00e9le ADAS rendszereket \u2013 \u00e9s ezt val\u00f3sz\u00edn\u0171leg meg is akarod majd tenni, amir\u0151l hamarosan sz\u00f3 lesz.<\/p>\n","protected":false},"excerpt":{"rendered":"<p>A politikai \u00e9rz\u00e9kenys\u00e9g nem v\u00e9letlen n\u00e1la: csal\u00e1dja t\u00f6bb gener\u00e1ci\u00f3n \u00e1t jelen volt a k\u00f6z\u00e9letben. \u00c9desanyja, Apr\u00f3 Piroska ismert k\u00f6zgazd\u00e1sz \u00e9s&#8230; <span class=\"gridview-grid-post-read-more\"><a href=\"https:\/\/matrend.hu\/nekedinfo\/kiderult-dobrev-klara-szarmazasa\/\">read more<span class=\"gridview-sr-only\"> Kider\u00fclt Dobrev Kl\u00e1ra sz\u00e1rmaz\u00e1sa!<\/span><\/a><\/span><\/p>\n","protected":false},"author":1,"featured_media":3055,"comment_status":"open","ping_status":"open","sticky":false,"template":"","format":"standard","meta":{"footnotes":""},"categories":[1],"tags":[],"class_list":["post-3054","post","type-post","status-publish","format-standard","has-post-thumbnail","hentry","category-egyeb","wpcat-1-id"],"_links":{"self":[{"href":"https:\/\/matrend.hu\/nekedinfo\/wp-json\/wp\/v2\/posts\/3054","targetHints":{"allow":["GET"]}}],"collection":[{"href":"https:\/\/matrend.hu\/nekedinfo\/wp-json\/wp\/v2\/posts"}],"about":[{"href":"https:\/\/matrend.hu\/nekedinfo\/wp-json\/wp\/v2\/types\/post"}],"author":[{"embeddable":true,"href":"https:\/\/matrend.hu\/nekedinfo\/wp-json\/wp\/v2\/users\/1"}],"replies":[{"embeddable":true,"href":"https:\/\/matrend.hu\/nekedinfo\/wp-json\/wp\/v2\/comments?post=3054"}],"version-history":[{"count":1,"href":"https:\/\/matrend.hu\/nekedinfo\/wp-json\/wp\/v2\/posts\/3054\/revisions"}],"predecessor-version":[{"id":3056,"href":"https:\/\/matrend.hu\/nekedinfo\/wp-json\/wp\/v2\/posts\/3054\/revisions\/3056"}],"wp:featuredmedia":[{"embeddable":true,"href":"https:\/\/matrend.hu\/nekedinfo\/wp-json\/wp\/v2\/media\/3055"}],"wp:attachment":[{"href":"https:\/\/matrend.hu\/nekedinfo\/wp-json\/wp\/v2\/media?parent=3054"}],"wp:term":[{"taxonomy":"category","embeddable":true,"href":"https:\/\/matrend.hu\/nekedinfo\/wp-json\/wp\/v2\/categories?post=3054"},{"taxonomy":"post_tag","embeddable":true,"href":"https:\/\/matrend.hu\/nekedinfo\/wp-json\/wp\/v2\/tags?post=3054"}],"curies":[{"name":"wp","href":"https:\/\/api.w.org\/{rel}","templated":true}]}}