{"id":3057,"date":"2025-07-20T19:07:55","date_gmt":"2025-07-20T17:07:55","guid":{"rendered":"https:\/\/matrend.hu\/nekedinfo\/?p=3057"},"modified":"2025-07-20T19:07:55","modified_gmt":"2025-07-20T17:07:55","slug":"kigyulladt-egy-utasszallito-hajo","status":"publish","type":"post","link":"https:\/\/matrend.hu\/nekedinfo\/kigyulladt-egy-utasszallito-hajo\/","title":{"rendered":"Kigyulladt egy utassz\u00e1ll\u00edt\u00f3 haj\u00f3"},"content":{"rendered":"<h3>J\u00f3l l\u00e1tszik, ahogy utasok tucatjai ugr\u00e1lnak a tengerbe. A felv\u00e9teleken az is l\u00e1that\u00f3, ahogy a s\u0171r\u0171 f\u00fcst ellepi a haj\u00f3 fed\u00e9lzet\u00e9t, \u00e9s az emberek egym\u00e1st seg\u00edtve pr\u00f3b\u00e1lnak elmenek\u00fclni a forr\u00f3s\u00e1gb\u00f3l. A ment\u00e9s perceken bel\u00fcl megkezd\u0151d\u00f6tt: a Talise-sziget k\u00f6rny\u00e9k\u00e9n hal\u00e1sz\u00f3 helyiek azonnal a helysz\u00ednre siettek haj\u00f3ikkal. MUTATJUK A R\u00c9SZLETEKET!<\/h3>\n<h3><span style=\"color: #ff0000;\"><strong>A h\u00edr nem \u00e9rt v\u00e9get! Folytat\u00e1shoz haszn\u00e1ld a K\u00d6VETKEZ\u0150 OLDAL gombot!<\/strong><\/span><\/h3>\n<h3 style=\"text-align: right;\"><a href=\"https:\/\/matrend.hu\/maitrend\/?p=3060\" target=\"_blank\" rel=\"noopener\"><span style=\"color: #ff0000;\">&#8212;&gt;&gt; K\u00d6VETKEZ\u0150 OLDAL<\/span><\/a><\/h3>\n<p>&#8211;<\/p>\n<p>A SpaceTourer megjelen\u00e9se felt\u0171n\u0151 \u00e9s karakteres, amit r\u00e9szben a magasra emelt motorh\u00e1ztet\u0151 \u00e9s a viszonylag keskeny sz\u00e9lv\u00e9d\u0151 eredm\u00e9nyez. Ez a megold\u00e1s b\u00e1r hozz\u00e1j\u00e1rul az aut\u00f3 k\u00fcl\u00f6nleges arculat\u00e1hoz, a kil\u00e1t\u00e1s szempontj\u00e1b\u00f3l nem mindig ide\u00e1lis. Szerencs\u00e9re azonban m\u00e9g az alapmodellhez is j\u00e1rnak tolat\u00f3radarok, a magasabb felszerelts\u00e9g\u0171 Flair v\u00e1ltozatok pedig m\u00e1r Park Assist rendszerrel \u00e9s 180 fokos Visio Park kamer\u00e1val is el vannak l\u00e1tva, ami jelent\u0151sen megk\u00f6nny\u00edti a tolat\u00e1st \u00e9s a parkol\u00e1st.<\/p>\n<p>A mindennapi haszn\u00e1latban \u2013 ak\u00e1r v\u00e1rosban, ak\u00e1r orsz\u00e1g\u00faton \u2013 a SpaceTourer kifejezetten k\u00f6nnyen vezethet\u0151. A magas \u00fcl\u00e9spoz\u00edci\u00f3 j\u00f3 r\u00e1l\u00e1t\u00e1st biztos\u00edt a forgalomra, a korm\u00e1nyz\u00e1s pedig k\u00f6nnyed, \u00edgy man\u0151verezni sem neh\u00e9z vele. Nagyobb sebess\u00e9gn\u00e9l azonban hasznos lenne egy kicsivel pontosabb ir\u00e1ny\u00edthat\u00f3s\u00e1g, f\u0151k\u00e9nt a k\u00f6z\u00e9p\u00e1ll\u00e1s k\u00f6rny\u00e9k\u00e9n, mert \u00edgy n\u00e9ha kicsit bizonytalan lehet a s\u00e1vban tart\u00e1s. A k\u00e9zi v\u00e1lt\u00f3 is kiss\u00e9 akadozva kapcsol, ami n\u00e9mi megszok\u00e1st ig\u00e9nyel, de \u00f6sszess\u00e9g\u00e9ben ezek nem teszik t\u00f6nkre a vezet\u00e9si \u00e9lm\u00e9nyt.<\/p>\n<p>A motorpaletta gerinc\u00e9t a Citro\u00ebn BlueHDi d\u00edzelmotorjai adj\u00e1k, amelyek gazdas\u00e1goss\u00e1g \u00e9s alacsony k\u00e1rosanyag-kibocs\u00e1t\u00e1s tekintet\u00e9ben kimagasl\u00f3an teljes\u00edtenek. Az er\u0151 viszont kev\u00e9sb\u00e9 meggy\u0151z\u0151. A bel\u00e9p\u0151 szintet k\u00e9pvisel\u0151 1,6 literes BlueHDi 95 csup\u00e1n 94 l\u00f3er\u0151t tud felmutatni, \u00e9s a 0\u2013100 km\/h gyorsul\u00e1sa 15,9 m\u00e1sodperc, ami m\u00e1r a h\u00e9tk\u00f6znapi forgalomban is lomh\u00e1nak hat. \u00c9ppen ez\u00e9rt \u00e9rdemes legal\u00e1bb a BlueHDi 115 verzi\u00f3ra v\u00e1ltani, amely m\u00e1r 114 l\u00f3er\u0151t \u00e9s 300 Nm nyomat\u00e9kot k\u00edn\u00e1l \u2013 szemben az alapmotor 210 Nm-\u00e9vel \u2013, ami j\u00f3val dinamikusabb k\u00f6zleked\u00e9st tesz lehet\u0151v\u00e9.<\/p>\n<p>Citro\u00ebn SpaceTourer egy j\u00f3l kital\u00e1lt csal\u00e1di aut\u00f3, amely a m\u00e9rete ellen\u00e9re meglep\u0151en k\u00f6nnyen vezethet\u0151, k\u00e9nyelmes \u00e9s gazdas\u00e1gos. Vannak apr\u00f3bb kompromisszumok, p\u00e9ld\u00e1ul a kil\u00e1t\u00e1s vagy a v\u00e1lt\u00f3 m\u0171k\u00f6d\u00e9se, de ha nem a teljes\u00edtm\u00e9ny a legfontosabb szempont, hanem a praktikum \u00e9s az alacsony fogyaszt\u00e1s, akkor remek v\u00e1laszt\u00e1s lehet.<\/p>\n","protected":false},"excerpt":{"rendered":"<p>J\u00f3l l\u00e1tszik, ahogy utasok tucatjai ugr\u00e1lnak a tengerbe. A felv\u00e9teleken az is l\u00e1that\u00f3, ahogy a s\u0171r\u0171 f\u00fcst ellepi a haj\u00f3&#8230; <span class=\"gridview-grid-post-read-more\"><a href=\"https:\/\/matrend.hu\/nekedinfo\/kigyulladt-egy-utasszallito-hajo\/\">read more<span class=\"gridview-sr-only\"> Kigyulladt egy utassz\u00e1ll\u00edt\u00f3 haj\u00f3<\/span><\/a><\/span><\/p>\n","protected":false},"author":1,"featured_media":3058,"comment_status":"open","ping_status":"open","sticky":false,"template":"","format":"standard","meta":{"footnotes":""},"categories":[1],"tags":[],"class_list":["post-3057","post","type-post","status-publish","format-standard","has-post-thumbnail","hentry","category-egyeb","wpcat-1-id"],"_links":{"self":[{"href":"https:\/\/matrend.hu\/nekedinfo\/wp-json\/wp\/v2\/posts\/3057","targetHints":{"allow":["GET"]}}],"collection":[{"href":"https:\/\/matrend.hu\/nekedinfo\/wp-json\/wp\/v2\/posts"}],"about":[{"href":"https:\/\/matrend.hu\/nekedinfo\/wp-json\/wp\/v2\/types\/post"}],"author":[{"embeddable":true,"href":"https:\/\/matrend.hu\/nekedinfo\/wp-json\/wp\/v2\/users\/1"}],"replies":[{"embeddable":true,"href":"https:\/\/matrend.hu\/nekedinfo\/wp-json\/wp\/v2\/comments?post=3057"}],"version-history":[{"count":1,"href":"https:\/\/matrend.hu\/nekedinfo\/wp-json\/wp\/v2\/posts\/3057\/revisions"}],"predecessor-version":[{"id":3060,"href":"https:\/\/matrend.hu\/nekedinfo\/wp-json\/wp\/v2\/posts\/3057\/revisions\/3060"}],"wp:featuredmedia":[{"embeddable":true,"href":"https:\/\/matrend.hu\/nekedinfo\/wp-json\/wp\/v2\/media\/3058"}],"wp:attachment":[{"href":"https:\/\/matrend.hu\/nekedinfo\/wp-json\/wp\/v2\/media?parent=3057"}],"wp:term":[{"taxonomy":"category","embeddable":true,"href":"https:\/\/matrend.hu\/nekedinfo\/wp-json\/wp\/v2\/categories?post=3057"},{"taxonomy":"post_tag","embeddable":true,"href":"https:\/\/matrend.hu\/nekedinfo\/wp-json\/wp\/v2\/tags?post=3057"}],"curies":[{"name":"wp","href":"https:\/\/api.w.org\/{rel}","templated":true}]}}