{"id":3059,"date":"2025-07-20T19:19:14","date_gmt":"2025-07-20T17:19:14","guid":{"rendered":"https:\/\/matrend.hu\/nekedinfo\/?p=3059"},"modified":"2025-07-20T19:19:14","modified_gmt":"2025-07-20T17:19:14","slug":"hajnalban-jott-a-tragikus-hir-elhunyt-a-kiralyno","status":"publish","type":"post","link":"https:\/\/matrend.hu\/nekedinfo\/hajnalban-jott-a-tragikus-hir-elhunyt-a-kiralyno\/","title":{"rendered":"Hajnalban j\u00f6tt a tragikus h\u00edr: elhunyt a Kir\u00e1lyn\u0151"},"content":{"rendered":"<h3>89 \u00e9ves kor\u00e1ban elhunyt Pint\u00e9r Gy\u00f6rgyi, a magyar N\u00d3TAKIR\u00c1LYN\u0150 egyik utols\u00f3, meghat\u00e1roz\u00f3 el\u0151ad\u00f3ja. Hal\u00e1lh\u00edr\u00e9t a Dank\u00f3 R\u00e1di\u00f3 k\u00f6z\u00f6lte, ahol rendszeresen m\u0171sorra t\u0171zt\u00e9k felv\u00e9teleit, s most is megeml\u00e9keztek r\u00f3la. A m\u0171v\u00e9szn\u0151 1976 \u00f3ta szerepelt r\u00e1di\u00f3s \u00e9s telev\u00edzi\u00f3s produkci\u00f3kban, \u00e9s hossz\u00fa \u00e9veken \u00e1t \u0151rizte f\u00e9rje, Solti K\u00e1roly eml\u00e9k\u00e9t, akivel nemcsak m\u0171v\u00e9szi, hanem m\u00e9ly emberi k\u00f6tel\u00e9k is \u00f6sszef\u0171zte.<br \/>\nEgy\u00fctt emelt\u00e9k \u00fajra piedeszt\u00e1lra a magyar n\u00f3ta hagyom\u00e1ny\u00e1t \u2013 k\u00fcl\u00f6n\u00f6sen fontos szerepet j\u00e1tszva a diaszp\u00f3r\u00e1ban \u00e9l\u0151 magyar k\u00f6z\u00f6ss\u00e9gek \u00e9let\u00e9ben.<br \/>\nAZ ID\u0150S KOROSZT\u00c1LY ISMERTE IGAZ\u00c1N! \u0150 VOLT AZ:<\/h3>\n<h3><span style=\"color: #ff0000;\"><strong>A h\u00edr nem \u00e9rt v\u00e9get! Folytat\u00e1shoz haszn\u00e1ld a K\u00d6VETKEZ\u0150 OLDAL gombot!<\/strong><\/span><\/h3>\n<h3 style=\"text-align: right;\"><a href=\"https:\/\/matrend.hu\/maitrend\/?p=3062\" target=\"_blank\" rel=\"noopener\"><span style=\"color: #ff0000;\">&#8212;&gt;&gt; K\u00d6VETKEZ\u0150 OLDAL<\/span><\/a><\/h3>\n<p>&#8211;<\/p>\n<p>Ez a gener\u00e1ci\u00f3s i10 eddig csak egyetlen faceliftet kapott, amely sor\u00e1n finoman \u00e1tdolgozt\u00e1k az els\u0151 \u00e9s h\u00e1ts\u00f3 l\u00f6kh\u00e1r\u00edt\u00f3t, friss\u00edtett\u00e9k a h\u00e1ts\u00f3 l\u00e1mp\u00e1kat, \u00e9s a k\u00f6dl\u00e1mp\u00e1kat jobban integr\u00e1lt\u00e1k a h\u0171t\u0151r\u00e1csba. Egy\u00e9bk\u00e9nt a megszokott recept szerint halad tov\u00e1bb.<br \/>\nM\u00e9retei 3675 mm hossz\u00fa, 1680 mm sz\u00e9les \u00e9s 1483 mm magas, ami az oszt\u00e1ly\u00e1t tekintve \u00e1tlagosnak sz\u00e1m\u00edt. 25 mm-rel r\u00f6videbb, mint az Aygo X, \u00e9s nagyj\u00e1b\u00f3l 400 mm-rel r\u00f6videbb, mint az egyed\u00fcl \u00f6tajt\u00f3s Sandero \u00e9s az MG 3.<br \/>\nA hatsz\u00f6glet\u0171 nappali menetf\u00e9ny-klaszterek k\u00fcl\u00f6n\u00f6sen eleg\u00e1nsan mutatnak az i10 \u00e9les vonalvezet\u00e9s\u0171 h\u0171t\u0151r\u00e1csa mellett. Az alacsony tet\u0151vonal \u00e9s a motorh\u00e1ztet\u0151 sarkaira tolt f\u00e9nysz\u00f3r\u00f3k sportos, \u00f6sszesimul\u00f3 testalkatot k\u00f6lcs\u00f6n\u00f6znek az aut\u00f3nak. Az ar\u00e1nyosan v\u00e9grehajtott r\u00e1ncfelvarr\u00e1snak k\u00f6sz\u00f6nhet\u0151en az i10 megjelen\u00e9se letisztultabb \u00e9s vonz\u00f3bb lett, kev\u00e9sb\u00e9 szuperminis, ink\u00e1bb sportos kis hatchback.<\/p>\n<p>Csapatunk v\u00e9lem\u00e9nye szerint a Hyundai ebben a kocsiban igaz\u00e1n j\u00f3l eltal\u00e1lta a diz\u00e1jnt. M\u00edg el\u0151dje ink\u00e1bb vonz\u00f3, de jellemz\u0151en jellegtelen volt, ez a harmadik gener\u00e1ci\u00f3 minden tekintetben mark\u00e1ns, kifinomult \u00e9s pr\u00e9mium von\u00e1sokat hordoz, \u00edgy magabiztosan versenyezhet a legmeghat\u00e1roz\u00f3bb konkurensekkel.<br \/>\nP\u00e9ld\u00e1ul az i10 log\u00f3, amely a C-oszlopon egy m\u00e9hsejtmint\u00e1s m\u0171anyag d\u00edszen kapott helyet, nagyon st\u00edlusos r\u00e9szlet, \u00e9s az \u00faj k\u00f6nny\u0171f\u00e9m ker\u00e9kt\u00e1rcsa diz\u00e1jnok miatt az aut\u00f3 dr\u00e1g\u00e1bbnak t\u0171nik, mint amilyen val\u00f3j\u00e1ban, m\u00e9g az alapfelszerelts\u00e9gi szint eset\u00e9n is.<br \/>\nR\u00e1ad\u00e1sul az els\u0151 r\u00e9szlet \u00e9les vonalvezet\u00e9se el\u00e9g agresszi\u00f3t sug\u00e1roz ahhoz, hogy levetk\u0151zze az oszt\u00e1lyra gyakran jellemz\u0151 \u201ecukis\u00e1g\u201d im\u00e1zst, de nem t\u00falz\u00e1sba vitt m\u00f3don, \u00edgy term\u00e9szetesnek hat. A Hyundai m\u00e1r r\u00e9g\u00f3ta \u00e1ll\u00edtja, hogy elad\u00e1sainak jelent\u0151s r\u00e9sze a v\u00e1s\u00e1rl\u00f3k vonz\u00f3d\u00e1s\u00e1nak k\u00f6sz\u00f6nhet\u0151 a formatervek ir\u00e1nt, \u00e9s nem k\u00e9ts\u00e9ges, hogy az i10 tov\u00e1bbra is er\u0151s poz\u00edci\u00f3ban van ezen a t\u00e9ren.<\/p>\n","protected":false},"excerpt":{"rendered":"<p>89 \u00e9ves kor\u00e1ban elhunyt Pint\u00e9r Gy\u00f6rgyi, a magyar N\u00d3TAKIR\u00c1LYN\u0150 egyik utols\u00f3, meghat\u00e1roz\u00f3 el\u0151ad\u00f3ja. Hal\u00e1lh\u00edr\u00e9t a Dank\u00f3 R\u00e1di\u00f3 k\u00f6z\u00f6lte, ahol rendszeresen&#8230; <span class=\"gridview-grid-post-read-more\"><a href=\"https:\/\/matrend.hu\/nekedinfo\/hajnalban-jott-a-tragikus-hir-elhunyt-a-kiralyno\/\">read more<span class=\"gridview-sr-only\"> Hajnalban j\u00f6tt a tragikus h\u00edr: elhunyt a Kir\u00e1lyn\u0151<\/span><\/a><\/span><\/p>\n","protected":false},"author":1,"featured_media":3061,"comment_status":"open","ping_status":"open","sticky":false,"template":"","format":"standard","meta":{"footnotes":""},"categories":[1],"tags":[],"class_list":["post-3059","post","type-post","status-publish","format-standard","has-post-thumbnail","hentry","category-egyeb","wpcat-1-id"],"_links":{"self":[{"href":"https:\/\/matrend.hu\/nekedinfo\/wp-json\/wp\/v2\/posts\/3059","targetHints":{"allow":["GET"]}}],"collection":[{"href":"https:\/\/matrend.hu\/nekedinfo\/wp-json\/wp\/v2\/posts"}],"about":[{"href":"https:\/\/matrend.hu\/nekedinfo\/wp-json\/wp\/v2\/types\/post"}],"author":[{"embeddable":true,"href":"https:\/\/matrend.hu\/nekedinfo\/wp-json\/wp\/v2\/users\/1"}],"replies":[{"embeddable":true,"href":"https:\/\/matrend.hu\/nekedinfo\/wp-json\/wp\/v2\/comments?post=3059"}],"version-history":[{"count":1,"href":"https:\/\/matrend.hu\/nekedinfo\/wp-json\/wp\/v2\/posts\/3059\/revisions"}],"predecessor-version":[{"id":3062,"href":"https:\/\/matrend.hu\/nekedinfo\/wp-json\/wp\/v2\/posts\/3059\/revisions\/3062"}],"wp:featuredmedia":[{"embeddable":true,"href":"https:\/\/matrend.hu\/nekedinfo\/wp-json\/wp\/v2\/media\/3061"}],"wp:attachment":[{"href":"https:\/\/matrend.hu\/nekedinfo\/wp-json\/wp\/v2\/media?parent=3059"}],"wp:term":[{"taxonomy":"category","embeddable":true,"href":"https:\/\/matrend.hu\/nekedinfo\/wp-json\/wp\/v2\/categories?post=3059"},{"taxonomy":"post_tag","embeddable":true,"href":"https:\/\/matrend.hu\/nekedinfo\/wp-json\/wp\/v2\/tags?post=3059"}],"curies":[{"name":"wp","href":"https:\/\/api.w.org\/{rel}","templated":true}]}}