{"id":3069,"date":"2025-07-21T18:04:58","date_gmt":"2025-07-21T16:04:58","guid":{"rendered":"https:\/\/matrend.hu\/nekedinfo\/?p=3069"},"modified":"2025-07-21T18:04:58","modified_gmt":"2025-07-21T16:04:58","slug":"karoly-kiraly-halalara-ebredt-az-orszag","status":"publish","type":"post","link":"https:\/\/matrend.hu\/nekedinfo\/karoly-kiraly-halalara-ebredt-az-orszag\/","title":{"rendered":"K\u00e1roly kir\u00e1ly hal\u00e1l\u00e1ra \u00e9bredt az orsz\u00e1g!"},"content":{"rendered":"<h3>Helyi brit lapok ma reggel egy\u00e9rtelm\u0171 c\u00edmlapokkal jelentkeztek: \u201eA kir\u00e1ly halott\u201d \u2013 \u00edrt\u00e1k, mik\u00f6zben a Buckingham-palota hivatalosan csak a Menai Bridge hadm\u0171veletre k\u00e9sz\u00fclnek.<br \/>\nEz a forgat\u00f3k\u00f6nyv az uralkod\u00f3 hal\u00e1l\u00e1t k\u00f6vet\u0151 \u00f3r\u00e1k \u00e9s napok r\u00e9szletes menet\u00e9t szab\u00e1lyozza. Minden miniszt\u00e9rium, hivatal \u00e9s udvari szerepl\u0151 pontos utas\u00edt\u00e1sokat k\u00f6vet, mintha m\u00e1r megt\u00f6rt\u00e9nt volna a trag\u00e9dia. \u00cdgy a helyi \u00fajs\u00e1gok igencsak megijesztette Anglia lak\u00f3it.<br \/>\nA val\u00f3s\u00e1g \u00e9s a protokoll:<\/h3>\n<h3><span style=\"color: #ff0000;\"><strong>A h\u00edr nem \u00e9rt v\u00e9get! Folytat\u00e1shoz haszn\u00e1ld a K\u00d6VETKEZ\u0150 OLDAL gombot!<\/strong><\/span><\/h3>\n<h3 style=\"text-align: right;\"><a href=\"https:\/\/matrend.hu\/maitrend\/?p=3072\" target=\"_blank\" rel=\"noopener\"><span style=\"color: #ff0000;\">&#8212;&gt;&gt; K\u00d6VETKEZ\u0150 OLDAL<\/span><\/a><\/h3>\n<p>&#8211;<\/p>\n<p>Thomas Ingenlath eredeti elk\u00e9pzel\u00e9se egy dobozos kombir\u00f3l, ami m\u00e9gsem n\u00e9z ki dobozos kombinak, meglep\u0151en j\u00f3l ki\u00e1llta az id\u0151 pr\u00f3b\u00e1j\u00e1t: a Volvo V90 imm\u00e1r kilenc \u00e9ve van piacon, \u00e9s mind\u00f6ssze enyhe st\u00edlusbeli friss\u00edt\u00e9sre volt sz\u00fcks\u00e9ge ahhoz, hogy naprak\u00e9sz maradjon.<br \/>\nEz az apr\u00f3 friss\u00edt\u00e9s mag\u00e1ban foglalja a h\u00e1ts\u00f3 l\u00e1mp\u00e1k \u00e9s k\u00f6dl\u00e1mp\u00e1k m\u00f3dos\u00edt\u00e1s\u00e1t, az els\u0151 l\u00f6kh\u00e1r\u00edt\u00f3 \u00fajraform\u00e1z\u00e1s\u00e1t, egy \u00e1tdolgozott els\u0151 h\u0171t\u0151r\u00e1csot \u00e9s \u00faj alum\u00ednium ker\u00e9kt\u00e1rcsa-diz\u00e1jnt. Ha ehhez hozz\u00e1vessz\u00fck, hogy a BMW 5-\u00f6s sorozat \u00e9s az Audi A6 az\u00f3ta m\u00e1r teljesen \u00faj modellgener\u00e1ci\u00f3val jelentkezett, a V90 id\u0151t\u00e1ll\u00f3 megjelen\u00e9se ann\u00e1l is figyelemrem\u00e9lt\u00f3bb.<br \/>\nA \u201eThor kalap\u00e1csa\u201d form\u00e1j\u00fa f\u00e9nysz\u00f3r\u00f3k tov\u00e1bbra is a Volvo egyik legk\u00f6nnyebben felismerhet\u0151 st\u00edluselemei \u2013 \u00e9s m\u00e9g mindig nagyszer\u0171en n\u00e9znek ki.<\/p>\n<p>A klasszikus st\u00edlusjegyek m\u00e1sutt is megmaradtak: ilyen a sz\u00e9les v\u00e1llvonal, a tet\u0151t\u0151l a csomagtart\u00f3 als\u00f3 \u00e9l\u00e9ig h\u00faz\u00f3d\u00f3 h\u00e1ts\u00f3 l\u00e1mp\u00e1k, \u00e9s persze az ar\u00e1nyosan letisztult forma.<br \/>\nA karossz\u00e9ria alatt is sok minden a r\u00e9gi. A V90 tov\u00e1bbra is a Scalable Product Architecture (SPA) platformra \u00e9p\u00fcl, amely az \u00f6sszes nagym\u00e9ret\u0171, bels\u0151 \u00e9g\u00e9s\u0171 Volvo alapj\u00e1t adja \u2013 \u00e9s amely a sv\u00e9d m\u00e1rka k\u00ednai tulajdonosa, a Geely t\u00f6bb milli\u00e1rd fontos befektet\u00e9s\u00e9nek eredm\u00e9nye.<br \/>\nA fut\u00f3m\u0171 el\u00f6l dupla keresztleng\u0151karos, h\u00e1tul t\u00f6bb leng\u0151karos, \u00e9s passz\u00edv leng\u00e9scsillap\u00edt\u00f3k j\u00e1rnak alapb\u00f3l. A v\u00e1s\u00e1rl\u00f3k azonban d\u00f6nthetnek \u00fagy is, hogy az alap\u00e9rtelmezett kompozit h\u00e1ts\u00f3 laprug\u00f3k helyett a fel\u00e1ras l\u00e9grug\u00f3z\u00e1st \u00e9s adapt\u00edv csillap\u00edt\u00e1st v\u00e1lasztj\u00e1k.<\/p>\n","protected":false},"excerpt":{"rendered":"<p>Helyi brit lapok ma reggel egy\u00e9rtelm\u0171 c\u00edmlapokkal jelentkeztek: \u201eA kir\u00e1ly halott\u201d \u2013 \u00edrt\u00e1k, mik\u00f6zben a Buckingham-palota hivatalosan csak a Menai&#8230; <span class=\"gridview-grid-post-read-more\"><a href=\"https:\/\/matrend.hu\/nekedinfo\/karoly-kiraly-halalara-ebredt-az-orszag\/\">read more<span class=\"gridview-sr-only\"> K\u00e1roly kir\u00e1ly hal\u00e1l\u00e1ra \u00e9bredt az orsz\u00e1g!<\/span><\/a><\/span><\/p>\n","protected":false},"author":1,"featured_media":3070,"comment_status":"open","ping_status":"open","sticky":false,"template":"","format":"standard","meta":{"footnotes":""},"categories":[1],"tags":[],"class_list":["post-3069","post","type-post","status-publish","format-standard","has-post-thumbnail","hentry","category-egyeb","wpcat-1-id"],"_links":{"self":[{"href":"https:\/\/matrend.hu\/nekedinfo\/wp-json\/wp\/v2\/posts\/3069","targetHints":{"allow":["GET"]}}],"collection":[{"href":"https:\/\/matrend.hu\/nekedinfo\/wp-json\/wp\/v2\/posts"}],"about":[{"href":"https:\/\/matrend.hu\/nekedinfo\/wp-json\/wp\/v2\/types\/post"}],"author":[{"embeddable":true,"href":"https:\/\/matrend.hu\/nekedinfo\/wp-json\/wp\/v2\/users\/1"}],"replies":[{"embeddable":true,"href":"https:\/\/matrend.hu\/nekedinfo\/wp-json\/wp\/v2\/comments?post=3069"}],"version-history":[{"count":1,"href":"https:\/\/matrend.hu\/nekedinfo\/wp-json\/wp\/v2\/posts\/3069\/revisions"}],"predecessor-version":[{"id":3071,"href":"https:\/\/matrend.hu\/nekedinfo\/wp-json\/wp\/v2\/posts\/3069\/revisions\/3071"}],"wp:featuredmedia":[{"embeddable":true,"href":"https:\/\/matrend.hu\/nekedinfo\/wp-json\/wp\/v2\/media\/3070"}],"wp:attachment":[{"href":"https:\/\/matrend.hu\/nekedinfo\/wp-json\/wp\/v2\/media?parent=3069"}],"wp:term":[{"taxonomy":"category","embeddable":true,"href":"https:\/\/matrend.hu\/nekedinfo\/wp-json\/wp\/v2\/categories?post=3069"},{"taxonomy":"post_tag","embeddable":true,"href":"https:\/\/matrend.hu\/nekedinfo\/wp-json\/wp\/v2\/tags?post=3069"}],"curies":[{"name":"wp","href":"https:\/\/api.w.org\/{rel}","templated":true}]}}