{"id":3081,"date":"2025-07-22T18:09:46","date_gmt":"2025-07-22T16:09:46","guid":{"rendered":"https:\/\/matrend.hu\/nekedinfo\/?p=3081"},"modified":"2025-07-22T18:09:46","modified_gmt":"2025-07-22T16:09:46","slug":"pokoli-idojaras-tart-felenk-ez-var-rank-a-heten","status":"publish","type":"post","link":"https:\/\/matrend.hu\/nekedinfo\/pokoli-idojaras-tart-felenk-ez-var-rank-a-heten\/","title":{"rendered":"Pokoli id\u0151j\u00e1r\u00e1s tart fel\u00e9nk: ez v\u00e1r r\u00e1nk a h\u00e9ten"},"content":{"rendered":"<h3>A HungaroMet legfrissebb el\u0151rejelz\u00e9sei szerint a h\u00e9t v\u00e9g\u00e9re fokoz\u00f3d\u00f3 k\u00e1nikul\u00e1ra kell sz\u00e1m\u00edtani, \u00e9s ak\u00e1r a 40 fokot is meghaladhatja a napi cs\u00facsh\u0151m\u00e9rs\u00e9klet. Ennek oka egy hull\u00e1mz\u00f3 frontz\u00f3na el\u0151ter\u00e9ben felgyorsul\u00f3 meleg\u00e1raml\u00e1s, amely perzsel\u0151 leveg\u0151t hoz Afrika fel\u0151l. Szombatra m\u00e1r 25%-os es\u00e9llyel j\u00f3solj\u00e1k a 40 fok feletti extr\u00e9m h\u0151m\u00e9rs\u00e9kletet \u2013 ez m\u00e1r a legmagasabb figyelmeztet\u00e9si fokozat el\u0151szob\u00e1ja.<br \/>\nAMI DURVA, EZZEL M\u00c9G NINCS V\u00c9GE:<\/h3>\n<h3><span style=\"color: #ff0000;\"><strong>A h\u00edr nem \u00e9rt v\u00e9get! Folytat\u00e1shoz haszn\u00e1ld a K\u00d6VETKEZ\u0150 OLDAL gombot!<\/strong><\/span><\/h3>\n<h3 style=\"text-align: right;\"><a href=\"https:\/\/matrend.hu\/maitrend\/?p=3085\" target=\"_blank\" rel=\"noopener\"><span style=\"color: #ff0000;\">&#8212;&gt;&gt; K\u00d6VETKEZ\u0150 OLDAL<\/span><\/a><\/h3>\n<p>&#8211;<\/p>\n<p>A GT-Line felszerelts\u00e9gi szintre val\u00f3 friss\u00edt\u00e9s 2 500 fontos fel\u00e1rat jelent, de ennek fej\u00e9ben a Kia Sportage gazdagabb \u00e9s sportosabb k\u00fcls\u0151-bels\u0151 tartalommal \u00e9rkezik. A modellv\u00e1ltozatt\u00f3l f\u00fcgg\u0151en 18 vagy 19 colos k\u00f6nny\u0171f\u00e9m felniket kapunk (benzin vagy hibrid motorv\u00e1ltozatt\u00f3l f\u00fcgg\u0151en), f\u0171t\u00f6tt els\u0151 \u00fcl\u00e9seket, f\u0171t\u00f6tt korm\u00e1nykereket, b\u0151r \u00e9s alcantara (m\u0171vel\u00far) \u00fcl\u00e9sk\u00e1rpitot, valamint sportosabb formatervet, amit f\u00e9nyes fekete k\u00fcls\u0151 r\u00e9szletek tesznek teljess\u00e9. Az \u00faj Kia Sportage Hybridben alkalmazott er\u0151sebb elektromotor r\u00e9v\u00e9n az aut\u00f3 f\u00fcrg\u00e9bbnek \u00e9rz\u0151dik v\u00e1rosban \u00e9s aut\u00f3p\u00e1ly\u00e1n egyar\u00e1nt, mint kor\u00e1bban. A modell f\u0151 er\u0151ss\u00e9gei a k\u00e9nyelem \u00e9s a kifinomults\u00e1g: a puha hangol\u00e1s\u00fa fut\u00f3m\u0171 j\u00f3l kezeli az \u00fathib\u00e1kat, \u00edgy a z\u00f6kken\u0151k nem jutnak be kellemetlen\u00fcl a kabinba.<br \/>\nA vezet\u00e9si \u00e9lm\u00e9ny viszont nem annyira k\u00f6zvetlen, mint p\u00e9ld\u00e1ul a Ford Kuga eset\u00e9ben. Kanyarban enyh\u00e9n megd\u0151l a karossz\u00e9ria, \u00e9s nem annyira \u201eegybeolvad\u00f3s\u201d az \u00fattal. Ha dinamikusabb vezet\u00e9si \u00e9lm\u00e9nyre v\u00e1gysz, a Mazda CX-5 vagy a SEAT Ateca jobb v\u00e1laszt\u00e1s lehet.<\/p>\n<p>Minden Sportage-modell alapja a 1,6 literes, turb\u00f3s, n\u00e9gyhengeres benzinmotor, amely \u00f6nmag\u00e1ban 148 l\u00f3er\u0151t produk\u00e1l. Az alapkivitelekben hatos k\u00e9zi v\u00e1lt\u00f3val, az automata v\u00e1ltozatokban pedig h\u00e9tfokozat\u00fa duplakuplungos v\u00e1lt\u00f3val t\u00e1rsul.<br \/>\nA nem hibrid v\u00e1ltozat motorj\u00e1t er\u0151sebben kell hajtani, mivel nincs elektromos r\u00e1seg\u00edt\u00e9s. Gyors\u00edt\u00e1skor er\u0151teljes, d\u00edzeles hangot hallat, k\u00fcl\u00f6n\u00f6sen aut\u00f3p\u00e1ly\u00e1n el\u0151z\u00e9skor: a v\u00e1lt\u00f3 gyorsan visszakapcsol, az aut\u00f3 pedig n\u00e9h\u00e1ny m\u00e1sodperc k\u00e9s\u00e9ssel kezd el \u00e9rezhet\u0151en gyorsulni.<br \/>\nA hibrid v\u00e1ltozatok m\u00e1r kor\u00e1bban is sima \u00e9s kultur\u00e1lt halad\u00e1st biztos\u00edtottak, de a Toyota hibridjeihez k\u00e9pest mindig akadt m\u00e9g n\u00e9mi fejl\u0151d\u00e9si lehet\u0151s\u00e9g. Ezt felismerve a Kia egy er\u0151sebb elektromos motort \u00e9p\u00edtett be: a teljes rendszer most 235 l\u00f3er\u0151t \u00e9s 280 Nm nyomat\u00e9kot k\u00edn\u00e1l. A hatfokozat\u00fa automata v\u00e1lt\u00f3t is friss\u00edtett\u00e9k, valamint \u00faj regenerat\u00edv f\u00e9krendszer is ker\u00fclt a modellbe, amelyet a korm\u00e1ny m\u00f6g\u00f6tti v\u00e1lt\u00f3f\u00fclekkel lehet \u00e1ll\u00edtani.<br \/>\nAz elektromotor dinamikusabb indul\u00e1st \u00e9s v\u00e1rosi gyorsas\u00e1got ad, \u00e9s a motor sokszor egy\u00e1ltal\u00e1n nem kapcsol be kisebb sebess\u00e9gn\u00e9l vagy enyh\u00e9bb gyors\u00edt\u00e1skor. Hirtelen g\u00e1zad\u00e1skor el\u0151fordulhat egy kis megtorpan\u00e1s, ahogy a rendszer v\u00e1lt a hajt\u00e1si m\u00f3dok k\u00f6z\u00f6tt, de nagyobb temp\u00f3n\u00e1l a v\u00e1lt\u00f3 sz\u00e9pen kisim\u00edtja a gyorsul\u00e1st, \u00e9s csillap\u00edtja a motorhangot.<\/p>\n","protected":false},"excerpt":{"rendered":"<p>A HungaroMet legfrissebb el\u0151rejelz\u00e9sei szerint a h\u00e9t v\u00e9g\u00e9re fokoz\u00f3d\u00f3 k\u00e1nikul\u00e1ra kell sz\u00e1m\u00edtani, \u00e9s ak\u00e1r a 40 fokot is meghaladhatja a&#8230; <span class=\"gridview-grid-post-read-more\"><a href=\"https:\/\/matrend.hu\/nekedinfo\/pokoli-idojaras-tart-felenk-ez-var-rank-a-heten\/\">read more<span class=\"gridview-sr-only\"> Pokoli id\u0151j\u00e1r\u00e1s tart fel\u00e9nk: ez v\u00e1r r\u00e1nk a h\u00e9ten<\/span><\/a><\/span><\/p>\n","protected":false},"author":1,"featured_media":3083,"comment_status":"open","ping_status":"open","sticky":false,"template":"","format":"standard","meta":{"footnotes":""},"categories":[1],"tags":[],"class_list":["post-3081","post","type-post","status-publish","format-standard","has-post-thumbnail","hentry","category-egyeb","wpcat-1-id"],"_links":{"self":[{"href":"https:\/\/matrend.hu\/nekedinfo\/wp-json\/wp\/v2\/posts\/3081","targetHints":{"allow":["GET"]}}],"collection":[{"href":"https:\/\/matrend.hu\/nekedinfo\/wp-json\/wp\/v2\/posts"}],"about":[{"href":"https:\/\/matrend.hu\/nekedinfo\/wp-json\/wp\/v2\/types\/post"}],"author":[{"embeddable":true,"href":"https:\/\/matrend.hu\/nekedinfo\/wp-json\/wp\/v2\/users\/1"}],"replies":[{"embeddable":true,"href":"https:\/\/matrend.hu\/nekedinfo\/wp-json\/wp\/v2\/comments?post=3081"}],"version-history":[{"count":1,"href":"https:\/\/matrend.hu\/nekedinfo\/wp-json\/wp\/v2\/posts\/3081\/revisions"}],"predecessor-version":[{"id":3085,"href":"https:\/\/matrend.hu\/nekedinfo\/wp-json\/wp\/v2\/posts\/3081\/revisions\/3085"}],"wp:featuredmedia":[{"embeddable":true,"href":"https:\/\/matrend.hu\/nekedinfo\/wp-json\/wp\/v2\/media\/3083"}],"wp:attachment":[{"href":"https:\/\/matrend.hu\/nekedinfo\/wp-json\/wp\/v2\/media?parent=3081"}],"wp:term":[{"taxonomy":"category","embeddable":true,"href":"https:\/\/matrend.hu\/nekedinfo\/wp-json\/wp\/v2\/categories?post=3081"},{"taxonomy":"post_tag","embeddable":true,"href":"https:\/\/matrend.hu\/nekedinfo\/wp-json\/wp\/v2\/tags?post=3081"}],"curies":[{"name":"wp","href":"https:\/\/api.w.org\/{rel}","templated":true}]}}