{"id":3082,"date":"2025-07-22T18:13:22","date_gmt":"2025-07-22T16:13:22","guid":{"rendered":"https:\/\/matrend.hu\/nekedinfo\/?p=3082"},"modified":"2025-07-22T18:13:22","modified_gmt":"2025-07-22T16:13:22","slug":"majka-hatalmas-dramaja","status":"publish","type":"post","link":"https:\/\/matrend.hu\/nekedinfo\/majka-hatalmas-dramaja\/","title":{"rendered":"Majka hatalmas dr\u00e1m\u00e1ja!"},"content":{"rendered":"<h3>Majka ez\u00fattal most m\u00e1r t\u00e9nyleg t\u00fall\u00e9pett egy hat\u00e1rt! Performansza minden bizonnyal sz\u00e1nd\u00e9kosan pr\/vok\/t\u00edv volt \u2013 m\u0171v\u00e9szi st\u00edlusban fes\/ege\/te az er\/sz\/ko\/ szimbolika hat\u00e1rait. Most m\u00e1r a v\u00e1d adott: azzal v\u00e1dolta Majk\u00e1t, hogy \u201ea mi\/isztereln\u00f6k k\/v\u00e9\/z\u00e9\/\u00e9\/e bu\/d\u00ed\/o\/t! MUTATJUK A KOMOLY R\u00c9SZLETEKET!<\/h3>\n<h3><span style=\"color: #ff0000;\"><strong>A h\u00edr nem \u00e9rt v\u00e9get! Folytat\u00e1shoz haszn\u00e1ld a K\u00d6VETKEZ\u0150 OLDAL gombot!<\/strong><\/span><\/h3>\n<h3 style=\"text-align: right;\"><a href=\"https:\/\/matrend.hu\/maitrend\/?p=3086\" target=\"_blank\" rel=\"noopener\"><span style=\"color: #ff0000;\">&#8212;&gt;&gt; K\u00d6VETKEZ\u0150 OLDAL<\/span><\/a><\/h3>\n<p>&#8211;<\/p>\n<p>A Land Rover Defender mark\u00e1ns, robusztus form\u00e1ja \u00e9s k\u00e9t tonna feletti t\u00f6mege alapj\u00e1n nem is v\u00e1rhatjuk el t\u0151le, hogy egyetlen tank \u00fczemanyaggal k\u00e9pes legyen \u00e1tszelni egy eg\u00e9sz kontinenst. B\u00e1r a terepj\u00e1r\u00f3 kialak\u00edt\u00e1sa val\u00f3ban leny\u0171g\u00f6z\u0151, \u00e9s rendk\u00edv\u00fcl sokoldal\u00fa a neh\u00e9z terepen, a fogyaszt\u00e1sa nem tartozik az er\u0151ss\u00e9gei k\u00f6z\u00e9 \u2013 k\u00fcl\u00f6n\u00f6sen hosszabb t\u00e1vokon.<\/p>\n<p>A Land Rover az\u00e9rt igyekszik jav\u00edtani a hat\u00e9konys\u00e1gon. A 3,0 literes d\u00edzelmotorhoz m\u00e1r mild-hibrid (enyhe hibrid) technol\u00f3gi\u00e1t t\u00e1rs\u00edtottak, amely n\u00e9mileg cs\u00f6kkenti a fogyaszt\u00e1st \u00e9s a k\u00e1rosanyag-kibocs\u00e1t\u00e1st. Ezenk\u00edv\u00fcl el\u00e9rhet\u0151 egy benzines plug-in hibrid (h\u00e1l\u00f3zatr\u00f3l t\u00f6lthet\u0151) v\u00e1ltozat is, ami m\u00e9g kedvez\u0151bb sz\u00e1mokat \u00edg\u00e9r, b\u00e1r ennek a modellnek a magas lista\u00e1ra sokakat elriaszthat.<\/p>\n<p>Ha b\u00e1rmelyik d\u00edzelmotoros v\u00e1ltozatot v\u00e1lasztjuk, a gy\u00e1ri, hivatalos \u00e1tlagfogyaszt\u00e1s nagyj\u00e1b\u00f3l 33 m\u00e9rf\u00f6ld\/gallon k\u00f6r\u00fcl alakul (ez kb. 8,5 liter\/100 km), ami nem is olyan rossz egy ekkora j\u00e1rm\u0171t\u0151l. Viszont a sz\u00e9n-dioxid-kibocs\u00e1t\u00e1s m\u00e1r kev\u00e9sb\u00e9 bar\u00e1ti: ezek az aut\u00f3k t\u00f6bb mint 220 gramm\/km CO\u2082-t bocs\u00e1tanak ki, ami viszonylag magas \u00e9rt\u00e9k, f\u0151leg az eur\u00f3pai norm\u00e1k f\u00e9ny\u00e9ben.<\/p>\n<p>A benzines P425-\u00f6s motorral szerelt r\u00f6videbb, azaz &#8222;90-es&#8221; karossz\u00e9riav\u00e1ltozat m\u00e9g enn\u00e9l is \u00e9tv\u00e1gyasabb. A WLTP-szabv\u00e1ny szerint mind\u00f6ssze 20,2 mpg-t (k\u00f6r\u00fclbel\u00fcl 14 liter\/100 km) tud, \u00e9s 316 g\/km-es CO\u2082-kibocs\u00e1t\u00e1ssal j\u00e1r. Ezzel szemben a &#8222;110-es&#8221; hosszabb karossz\u00e9ri\u00e1s modell plug-in hibrid v\u00e1ltozata, a P300e, elm\u00e9letileg sokkal takar\u00e9kosabb: a szabv\u00e1nyos ciklus szerint 103,8 mpg-t (kb. 2,7 l\/100 km) tud, \u00e9s a kibocs\u00e1t\u00e1sa mind\u00f6ssze 62 g\/km. Ez j\u00f3l hangzik, de csak akkor igaz, ha val\u00f3ban gyakran t\u00f6ltj\u00fck \u00e9s ink\u00e1bb r\u00f6videbb t\u00e1vokon haszn\u00e1ljuk.<\/p>\n<p>Nem meglep\u0151, hogy a k\u00edn\u00e1latban a leger\u0151sebb, V8-as benzines v\u00e1ltozatok \u2013 a P500 \u00e9s P525 \u2013 teljes\u00edtik a legrosszabbul fogyaszt\u00e1s \u00e9s kibocs\u00e1t\u00e1s ter\u00e9n. Vegyes haszn\u00e1lat mellett nagyj\u00e1b\u00f3l 20 mpg-s (kb. 14 l\/100 km) \u00e1tlaggal lehet sz\u00e1molni, amihez t\u00e1rsulhat ak\u00e1r 329 g\/km-es CO\u2082-kibocs\u00e1t\u00e1s is. \u00c9rdekess\u00e9g, hogy a m\u00e9g er\u0151sebb, de \u00fajabb fejleszt\u00e9s\u0171 Defender OCTA valamivel kedvez\u0151bb \u00e9rt\u00e9keket produk\u00e1l: 21,4 mpg-s (kb. 13,2 l\/100 km) fogyaszt\u00e1ssal \u00e9s 298 g\/km-es kibocs\u00e1t\u00e1ssal \u2013 ez persze m\u00e9g mindig b\u0151ven a magas kateg\u00f3ria.<\/p>\n<p>A plug-in hibrid Defender el\u0151nye, hogy t\u00e1mogatja a gyorst\u00f6lt\u00e9st is. Ha siker\u00fcl olyan t\u00f6lt\u0151\u00e1llom\u00e1st tal\u00e1lni, amely ak\u00e1r 40 kW-tal is k\u00e9pes t\u00f6lteni, akkor az akkumul\u00e1tort k\u00f6r\u00fclbel\u00fcl 30 perc alatt 80%-ra lehet felt\u00f6lteni. Ez k\u00e9ts\u00e9gtelen\u00fcl k\u00e9nyelmes, viszont el\u00e9g dr\u00e1ga m\u00f3dja az &#8222;\u00fczemanyag-ut\u00e1np\u00f3tl\u00e1snak&#8221;. Ez\u00e9rt a legt\u00f6bb tulajdonos ink\u00e1bb otthoni 7 kW-os fali t\u00f6lt\u0151vel \u00e9jszaka t\u00f6lti fel az aut\u00f3t, kihaszn\u00e1lva az olcs\u00f3bb \u00e9jszakai \u00e1ramot. Ebben az esetben nagyj\u00e1b\u00f3l k\u00e9t \u00e9s f\u00e9l \u00f3r\u00e1t vesz ig\u00e9nybe egy 80%-os t\u00f6lt\u00e9s.<\/p>\n","protected":false},"excerpt":{"rendered":"<p>Majka ez\u00fattal most m\u00e1r t\u00e9nyleg t\u00fall\u00e9pett egy hat\u00e1rt! Performansza minden bizonnyal sz\u00e1nd\u00e9kosan pr\/vok\/t\u00edv volt \u2013 m\u0171v\u00e9szi st\u00edlusban fes\/ege\/te az er\/sz\/ko\/&#8230; <span class=\"gridview-grid-post-read-more\"><a href=\"https:\/\/matrend.hu\/nekedinfo\/majka-hatalmas-dramaja\/\">read more<span class=\"gridview-sr-only\"> Majka hatalmas dr\u00e1m\u00e1ja!<\/span><\/a><\/span><\/p>\n","protected":false},"author":1,"featured_media":3084,"comment_status":"open","ping_status":"open","sticky":false,"template":"","format":"standard","meta":{"footnotes":""},"categories":[1],"tags":[],"class_list":["post-3082","post","type-post","status-publish","format-standard","has-post-thumbnail","hentry","category-egyeb","wpcat-1-id"],"_links":{"self":[{"href":"https:\/\/matrend.hu\/nekedinfo\/wp-json\/wp\/v2\/posts\/3082","targetHints":{"allow":["GET"]}}],"collection":[{"href":"https:\/\/matrend.hu\/nekedinfo\/wp-json\/wp\/v2\/posts"}],"about":[{"href":"https:\/\/matrend.hu\/nekedinfo\/wp-json\/wp\/v2\/types\/post"}],"author":[{"embeddable":true,"href":"https:\/\/matrend.hu\/nekedinfo\/wp-json\/wp\/v2\/users\/1"}],"replies":[{"embeddable":true,"href":"https:\/\/matrend.hu\/nekedinfo\/wp-json\/wp\/v2\/comments?post=3082"}],"version-history":[{"count":2,"href":"https:\/\/matrend.hu\/nekedinfo\/wp-json\/wp\/v2\/posts\/3082\/revisions"}],"predecessor-version":[{"id":3096,"href":"https:\/\/matrend.hu\/nekedinfo\/wp-json\/wp\/v2\/posts\/3082\/revisions\/3096"}],"wp:featuredmedia":[{"embeddable":true,"href":"https:\/\/matrend.hu\/nekedinfo\/wp-json\/wp\/v2\/media\/3084"}],"wp:attachment":[{"href":"https:\/\/matrend.hu\/nekedinfo\/wp-json\/wp\/v2\/media?parent=3082"}],"wp:term":[{"taxonomy":"category","embeddable":true,"href":"https:\/\/matrend.hu\/nekedinfo\/wp-json\/wp\/v2\/categories?post=3082"},{"taxonomy":"post_tag","embeddable":true,"href":"https:\/\/matrend.hu\/nekedinfo\/wp-json\/wp\/v2\/tags?post=3082"}],"curies":[{"name":"wp","href":"https:\/\/api.w.org\/{rel}","templated":true}]}}