{"id":3090,"date":"2025-07-22T20:49:26","date_gmt":"2025-07-22T18:49:26","guid":{"rendered":"https:\/\/matrend.hu\/nekedinfo\/?p=3090"},"modified":"2025-07-22T20:49:26","modified_gmt":"2025-07-22T18:49:26","slug":"magyar-peterbe-belekotottek","status":"publish","type":"post","link":"https:\/\/matrend.hu\/nekedinfo\/magyar-peterbe-belekotottek\/","title":{"rendered":"Magyar P\u00e9terbe belek\u00f6t\u00f6ttek!"},"content":{"rendered":"<h3>B\u00e1mulatos sebess\u00e9ggel robbant be a k\u00f6ztudatba a felv\u00e9tel: j\u00falius 20-i megjelen\u00e9se \u00f3ta t\u00f6bb mint 31 milli\u00f3an l\u00e1tt\u00e1k, ami rendk\u00edv\u00fcli teljes\u00edtm\u00e9ny a Magyar P\u00e9ter oldal\u00e1n megszokott 200\u2013400 ezres \u00e1tlaghoz k\u00e9pest. A legn\u00e9pszer\u0171bb v\/de\/i sem jutottak eddig a 2\u20133 milli\u00f3s n\u00e9zetts\u00e9g k\u00f6zel\u00e9be. MUTATJUK A R\u00c9SZLETEKET MERT V\u00c1RATLAN DOLOG T\u00d6RT\u00c9NT!<\/h3>\n<h3><span style=\"color: #ff0000;\"><strong>A h\u00edr nem \u00e9rt v\u00e9get! Folytat\u00e1shoz haszn\u00e1ld a K\u00d6VETKEZ\u0150 OLDAL gombot!<\/strong><\/span><\/h3>\n<h3 style=\"text-align: right;\"><a href=\"https:\/\/matrend.hu\/maitrend\/?p=3095\" target=\"_blank\" rel=\"noopener\"><span style=\"color: #ff0000;\">&#8212;&gt;&gt; K\u00d6VETKEZ\u0150 OLDAL<\/span><\/a><\/h3>\n<p>&#8211;<\/p>\n<p>Mivel ez a modell nem kapott semmilyen hibrid r\u00e1seg\u00edt\u00e9st, a bels\u0151 \u00e9g\u00e9s\u0171 motornak \u00f6nmag\u00e1ban kell gondoskodnia minden gyors\u00edt\u00e1sr\u00f3l \u00e9s teljes\u00edtm\u00e9nyr\u0151l, ami azt jelenti, hogy vezet\u00e9s k\u00f6zben gyakran nagyobb fordulatsz\u00e1mon kell j\u00e1ratni. Ennek eredm\u00e9nyek\u00e9nt az aut\u00f3 hangja meglehet\u0151sen \u00e9rdes, m\u00e1r-m\u00e1r d\u00edzeles hat\u00e1st kelt, k\u00fcl\u00f6n\u00f6sen gyors\u00edt\u00e1skor. Ez a karakterisztika k\u00fcl\u00f6n\u00f6sen aut\u00f3p\u00e1ly\u00e1n szembet\u0171n\u0151, ahol az el\u0151z\u00e9sek sor\u00e1n a v\u00e1lt\u00f3 gyorsan visszakapcsol \u2013 ezt hallani is lehet, mivel a motor felb\u0151g \u00e9s hangosabban dolgozik \u2013, \u00e1m ennek ellen\u00e9re \u00e9rezhet\u0151 k\u00e9sleked\u00e9ssel, csak m\u00e1sodpercek m\u00falva kezd el val\u00f3ban felgyorsulni a j\u00e1rm\u0171. Ez a kis k\u00e9s\u00e9s a reakci\u00f3id\u0151ben n\u00e9mileg cs\u00f6kkenti az aut\u00f3 dinamikuss\u00e1g\u00e1t, \u00e9s nyilv\u00e1nval\u00f3v\u00e1 teszi, hogy ez a motor egyed\u00fcl, hibrid t\u00e1mogat\u00e1s n\u00e9lk\u00fcl m\u00e1r nem ny\u00fajt olyan korszer\u0171 vezet\u00e9si \u00e9lm\u00e9nyt.<\/p>\n<p>Ezzel szemben a Sportage hibrid v\u00e1ltozatai eddig is finomabb, csendesebb \u00e9s egyenletesebb vezet\u00e9si \u00e9lm\u00e9nyt k\u00edn\u00e1ltak, mint a kiz\u00e1r\u00f3lag benzines t\u00e1rsaik. Ugyanakkor m\u00e1r egy ideje \u00e9rezhet\u0151 volt, hogy m\u00e9g ezekben a v\u00e1ltozatokban is van hov\u00e1 fejl\u0151dni, k\u00fcl\u00f6n\u00f6sen akkor, ha \u00f6sszehasonl\u00edtjuk \u0151ket a Toyota \u00e1ltal k\u00edn\u00e1lt, kiv\u00e1l\u00f3an hangolt hibrid rendszerekkel. Ennek tudat\u00e1ban a Kia m\u00e9rn\u00f6kei fejlesztettek a hajt\u00e1sl\u00e1ncon: a teljes hibrid (full-hybrid) modell egy er\u0151sebb villanymotort kapott, amely r\u00e9v\u00e9n az \u00f6sszteljes\u00edtm\u00e9ny imm\u00e1r el\u00e9ri a 235 l\u00f3er\u0151t, m\u00edg a rendszernyomat\u00e9k 280 Nm-re n\u0151tt. Ez \u00e9rezhet\u0151en jav\u00edtja az aut\u00f3 dinamik\u00e1j\u00e1t, k\u00fcl\u00f6n\u00f6sen v\u00e1rosi k\u00f6rnyezetben \u00e9s indul\u00e1skor.<\/p>\n<p>A v\u00e1lt\u00f3 is friss\u00edt\u00e9sen esett \u00e1t: tov\u00e1bbra is egy hatfokozat\u00fa automata egys\u00e9gr\u0151l van sz\u00f3, de az \u00faj gener\u00e1ci\u00f3s kivitel sim\u00e1bban dolgozik egy\u00fctt a k\u00e9tf\u00e9le er\u0151forr\u00e1ssal. Az \u00faj rekuper\u00e1ci\u00f3s \u2013 azaz energiavisszanyer\u0151 \u2013 f\u00e9krendszer pedig m\u00e1r korm\u00e1ny m\u00f6g\u00f6tti v\u00e1lt\u00f3f\u00fclekkel is rendelkezik, \u00edgy a vezet\u0151 maga \u00e1ll\u00edthatja be, hogy milyen m\u00e9rt\u00e9kben lass\u00edtson az aut\u00f3 a motorf\u00e9khat\u00e1s r\u00e9v\u00e9n, mik\u00f6zben k\u00f6zben visszat\u00e1pl\u00e1l energi\u00e1t az akkumul\u00e1torba.<\/p>\n<p>Az elektromotor \u00e1ltal biztos\u00edtott plusz teljes\u00edtm\u00e9ny azonnal \u00e9rezhet\u0151. Az aut\u00f3 \u00e9l\u00e9nkebben reag\u00e1l a g\u00e1zped\u00e1l lenyom\u00e1s\u00e1ra, f\u00fcrg\u00e9bben indul el a hely\u00e9r\u0151l, \u00e9s v\u00e1rosi k\u00f6zleked\u00e9s sor\u00e1n sokkal lelkesebbnek hat, mint kor\u00e1bban. Gyakran el\u0151fordul, hogy a bels\u0151 \u00e9g\u00e9s\u0171 motor teljesen kikapcsolva marad, k\u00fcl\u00f6n\u00f6sen egyenletes halad\u00e1sn\u00e1l vagy kis sebess\u00e9g\u0171 gyors\u00edt\u00e1skor, \u00edgy a vezet\u00e9s nemcsak csendesebb, hanem gazdas\u00e1gosabb is. Egy-egy hirtelen gyors\u00edt\u00e1s alkalm\u00e1val el\u0151fordulhat, hogy a hibrid rendszer kiss\u00e9 megtorpan, mik\u00f6zben az elektromos \u00e9s a benzines hajt\u00e1s \u00f6sszehangol\u00e1s\u00e1n dolgozik \u2013 ezt egy enyhe r\u00e1nt\u00e1s form\u00e1j\u00e1ban \u00e9rz\u00e9kelhetj\u00fck \u2013, de miut\u00e1n az aut\u00f3 el\u00e9rte az utaz\u00f3sebess\u00e9get, a v\u00e1lt\u00f3 gyorsan stabiliz\u00e1lja a motort, ami nyugodt, kiegyens\u00falyozott vezet\u00e9si \u00e9lm\u00e9nyt eredm\u00e9nyez.<\/p>\n","protected":false},"excerpt":{"rendered":"<p>B\u00e1mulatos sebess\u00e9ggel robbant be a k\u00f6ztudatba a felv\u00e9tel: j\u00falius 20-i megjelen\u00e9se \u00f3ta t\u00f6bb mint 31 milli\u00f3an l\u00e1tt\u00e1k, ami rendk\u00edv\u00fcli teljes\u00edtm\u00e9ny&#8230; <span class=\"gridview-grid-post-read-more\"><a href=\"https:\/\/matrend.hu\/nekedinfo\/magyar-peterbe-belekotottek\/\">read more<span class=\"gridview-sr-only\"> Magyar P\u00e9terbe belek\u00f6t\u00f6ttek!<\/span><\/a><\/span><\/p>\n","protected":false},"author":1,"featured_media":3091,"comment_status":"open","ping_status":"open","sticky":false,"template":"","format":"standard","meta":{"footnotes":""},"categories":[1],"tags":[],"class_list":["post-3090","post","type-post","status-publish","format-standard","has-post-thumbnail","hentry","category-egyeb","wpcat-1-id"],"_links":{"self":[{"href":"https:\/\/matrend.hu\/nekedinfo\/wp-json\/wp\/v2\/posts\/3090","targetHints":{"allow":["GET"]}}],"collection":[{"href":"https:\/\/matrend.hu\/nekedinfo\/wp-json\/wp\/v2\/posts"}],"about":[{"href":"https:\/\/matrend.hu\/nekedinfo\/wp-json\/wp\/v2\/types\/post"}],"author":[{"embeddable":true,"href":"https:\/\/matrend.hu\/nekedinfo\/wp-json\/wp\/v2\/users\/1"}],"replies":[{"embeddable":true,"href":"https:\/\/matrend.hu\/nekedinfo\/wp-json\/wp\/v2\/comments?post=3090"}],"version-history":[{"count":1,"href":"https:\/\/matrend.hu\/nekedinfo\/wp-json\/wp\/v2\/posts\/3090\/revisions"}],"predecessor-version":[{"id":3092,"href":"https:\/\/matrend.hu\/nekedinfo\/wp-json\/wp\/v2\/posts\/3090\/revisions\/3092"}],"wp:featuredmedia":[{"embeddable":true,"href":"https:\/\/matrend.hu\/nekedinfo\/wp-json\/wp\/v2\/media\/3091"}],"wp:attachment":[{"href":"https:\/\/matrend.hu\/nekedinfo\/wp-json\/wp\/v2\/media?parent=3090"}],"wp:term":[{"taxonomy":"category","embeddable":true,"href":"https:\/\/matrend.hu\/nekedinfo\/wp-json\/wp\/v2\/categories?post=3090"},{"taxonomy":"post_tag","embeddable":true,"href":"https:\/\/matrend.hu\/nekedinfo\/wp-json\/wp\/v2\/tags?post=3090"}],"curies":[{"name":"wp","href":"https:\/\/api.w.org\/{rel}","templated":true}]}}