{"id":3093,"date":"2025-07-23T07:52:58","date_gmt":"2025-07-23T05:52:58","guid":{"rendered":"https:\/\/matrend.hu\/nekedinfo\/?p=3093"},"modified":"2025-07-23T07:52:58","modified_gmt":"2025-07-23T05:52:58","slug":"az-egesz-orszag-ricsit-gyaszolja","status":"publish","type":"post","link":"https:\/\/matrend.hu\/nekedinfo\/az-egesz-orszag-ricsit-gyaszolja\/","title":{"rendered":"Az eg\u00e9sz orsz\u00e1g Ricsit gy\u00e1szolja"},"content":{"rendered":"<h3>Nem ismert, hogy az \u00e1ldozat mi\u00e9rt e\/ett le a peronr\u00f3l, a szemtan\u00fak k\u00f6z\u00fcl vannak, akik azt \u00e1ll\u00edtj\u00e1k, hogy meg\/\u00f6k\/ett\u00e9k, de lehet, hogy rosszull\u00e9t vagy \u00f6n\/yi\/kos\/\u00e1gi sz\u00e1nd\u00e9k miatt tette. Az In\/ex inform\u00e1ci\u00f3i szerint a metr\u00f3 m\u00e9g t\u00edz m\u00e9tert haladt, miut\u00e1n elg\/z\/lta a fi\u00fat. MUTATJUK A R\u00c9SZLETEKET!<\/h3>\n<h3><span style=\"color: #ff0000;\"><strong>A h\u00edr nem \u00e9rt v\u00e9get! Folytat\u00e1shoz haszn\u00e1ld a K\u00d6VETKEZ\u0150 OLDAL gombot!<\/strong><\/span><\/h3>\n<h3 style=\"text-align: right;\"><a href=\"https:\/\/matrend.hu\/maitrend\/?p=3098\" target=\"_blank\" rel=\"noopener\"><span style=\"color: #ff0000;\">&#8212;&gt;&gt; K\u00d6VETKEZ\u0150 OLDAL<\/span><\/a><\/h3>\n<p>&#8211;<\/p>\n<p>Ha helyre van sz\u00fcks\u00e9ged, az Iveco Daily kiv\u00e1l\u00f3 v\u00e1laszt\u00e1s lehet, mivel ak\u00e1r 17,2 k\u00f6bm\u00e9ter rakt\u00e9rfogattal is rendelkezhet, ami igaz\u00e1n sokoldal\u00fav\u00e1 teszi \u2013 alkalmas lehet p\u00e9ld\u00e1ul sz\u00e1ll\u00edtm\u00e1nyoz\u00e1sra, \u00e9p\u00edt\u0151ipari munk\u00e1kra, k\u00f6lt\u00f6ztet\u00e9sre vagy ak\u00e1r speci\u00e1lis berendez\u00e9sek mozgat\u00e1s\u00e1ra is. Ez a t\u00e1gas rakt\u00e9r b\u0151s\u00e9ges helyet biztos\u00edt m\u00e9g a nagyobb m\u00e9ret\u0171 rakom\u00e1nyok sz\u00e1m\u00e1ra is, azonban nem szabad figyelmen k\u00edv\u00fcl hagyni azt sem, hogy a rakt\u00e9r m\u00e9rete \u00f6nmag\u00e1ban nem minden \u2013 k\u00fcl\u00f6n\u00f6sen, ha a j\u00e1rm\u0171 megengedett \u00f6sszt\u00f6mege 3.500 kg.<\/p>\n<p>Ebben a s\u00falykateg\u00f3ri\u00e1ban ugyanis min\u00e9l nagyobb a fel\u00e9p\u00edtm\u00e9ny, ann\u00e1l kisebb marad a teherb\u00edr\u00e1s, vagyis a hasznos teher. A legnagyobb Daily modell ebben az oszt\u00e1lyban p\u00e9ld\u00e1ul mind\u00f6ssze 1.185 kg hasznos terhet b\u00edr el, m\u00edg a legkisebb karossz\u00e9ri\u00e1s v\u00e1ltozat ak\u00e1r 1.500 kg-ot is. Ez\u00e9rt nagyon fontos, hogy ha neh\u00e9z rakom\u00e1nyokat sz\u00e1ll\u00edtasz, akkor a j\u00e1rm\u0171 kiv\u00e1laszt\u00e1sakor figyelembe vedd a fel\u00e9p\u00edtm\u00e9ny m\u00e9ret\u00e9t \u00e9s annak hat\u00e1s\u00e1t a terhelhet\u0151s\u00e9gre, nehogy t\u00fals\u00falyos legyen a furgon, ami ak\u00e1r b\u00edrs\u00e1ghoz vagy balesethez is vezethet.<\/p>\n<p>A Daily m\u00e9reteit tekintve az egyik legsz\u00e9lesebb furgon a kateg\u00f3ri\u00e1j\u00e1ban. A rakt\u00e9r sz\u00e9less\u00e9ge el\u00e9ri az 1.800 mm-t, amit csak a Citro\u00ebn Relay, a Fiat Ducato \u00e9s a Peugeot Boxer m\u00falnak fel\u00fcl 1.870 mm-rel. Az egy h\u00e1ts\u00f3ker\u00e9k-p\u00e1rral szerelt modellekn\u00e9l a ker\u00e9kdobok k\u00f6z\u00f6tti t\u00e1vols\u00e1g 1.320 mm, ami elegend\u0151 helyet biztos\u00edt ahhoz, hogy egy EUR raklap b\u00e1rmelyik ir\u00e1nyb\u00f3l bef\u00e9rjen. A duplakerekes v\u00e1ltozatokn\u00e1l ez a sz\u00e9less\u00e9g 1.030 mm-re cs\u00f6kken, de ez m\u00e9g mindig elegend\u0151 ahhoz, hogy egy raklap hossz\u00e1ban bef\u00e9rjen.<\/p>\n<p>A cs\u00fasztathat\u00f3 oldals\u00f3 ajt\u00f3 \u2013 amely opcion\u00e1lisan rendelhet\u0151 \u2013 1.100 mm-es ny\u00edl\u00e1st biztos\u00edt, amely szint\u00e9n elegend\u0151 egy EUR raklap hosszanti behelyez\u00e9s\u00e9hez. A rakt\u00e9r hossz\u00e1t tekintve a 3950 mm-es tengelyt\u00e1vval rendelkez\u0151 modellek 4.540 mm-es rakt\u00e9rhosszt k\u00edn\u00e1lnak, amit ebben az oszt\u00e1lyban csak a leghosszabb Mercedes Sprinter \u00e9s VW Crafter modellek tudnak t\u00falsz\u00e1rnyalni.<\/p>\n<p>A biztos\u00edt\u00e1si besorol\u00e1s viszont j\u00f3l mutatja, mennyire elt\u00e9r\u0151 lehet a Daily a konkurens modellekt\u0151l. A legt\u00f6bb Daily modell a 17-es vagy 18-as biztos\u00edt\u00e1si csoportba tartozik, ami l\u00e9nyegesen magasabb, mint p\u00e9ld\u00e1ul a Ford Transit, amely 6-os \u00e9s 9-es csoport k\u00f6z\u00f6tt mozog, vagy a Nissan NV400, amely a 12E\u201314E k\u00f6z\u00f6tti csoportba esik. A Peugeot Boxer enn\u00e9l is kedvez\u0151bb, az 5E\u20138E csoportban tal\u00e1lhat\u00f3, m\u00edg a Volkswagen Crafter modelljei a 8E \u00e9s 10E k\u00f6z\u00f6tti s\u00e1vban helyezkednek el. Ez azt jelenti, hogy a Daily fenntart\u00e1sa a biztos\u00edt\u00e1si k\u00f6lts\u00e9gek szempontj\u00e1b\u00f3l dr\u00e1g\u00e1bb lehet, k\u00fcl\u00f6n\u00f6sen, ha az er\u0151sebb motorral szerelt verzi\u00f3t v\u00e1lasztjuk.<\/p>\n","protected":false},"excerpt":{"rendered":"<p>Nem ismert, hogy az \u00e1ldozat mi\u00e9rt e\/ett le a peronr\u00f3l, a szemtan\u00fak k\u00f6z\u00fcl vannak, akik azt \u00e1ll\u00edtj\u00e1k, hogy meg\/\u00f6k\/ett\u00e9k, de&#8230; <span class=\"gridview-grid-post-read-more\"><a href=\"https:\/\/matrend.hu\/nekedinfo\/az-egesz-orszag-ricsit-gyaszolja\/\">read more<span class=\"gridview-sr-only\"> Az eg\u00e9sz orsz\u00e1g Ricsit gy\u00e1szolja<\/span><\/a><\/span><\/p>\n","protected":false},"author":1,"featured_media":3094,"comment_status":"open","ping_status":"open","sticky":false,"template":"","format":"standard","meta":{"footnotes":""},"categories":[1],"tags":[],"class_list":["post-3093","post","type-post","status-publish","format-standard","has-post-thumbnail","hentry","category-egyeb","wpcat-1-id"],"_links":{"self":[{"href":"https:\/\/matrend.hu\/nekedinfo\/wp-json\/wp\/v2\/posts\/3093","targetHints":{"allow":["GET"]}}],"collection":[{"href":"https:\/\/matrend.hu\/nekedinfo\/wp-json\/wp\/v2\/posts"}],"about":[{"href":"https:\/\/matrend.hu\/nekedinfo\/wp-json\/wp\/v2\/types\/post"}],"author":[{"embeddable":true,"href":"https:\/\/matrend.hu\/nekedinfo\/wp-json\/wp\/v2\/users\/1"}],"replies":[{"embeddable":true,"href":"https:\/\/matrend.hu\/nekedinfo\/wp-json\/wp\/v2\/comments?post=3093"}],"version-history":[{"count":1,"href":"https:\/\/matrend.hu\/nekedinfo\/wp-json\/wp\/v2\/posts\/3093\/revisions"}],"predecessor-version":[{"id":3095,"href":"https:\/\/matrend.hu\/nekedinfo\/wp-json\/wp\/v2\/posts\/3093\/revisions\/3095"}],"wp:featuredmedia":[{"embeddable":true,"href":"https:\/\/matrend.hu\/nekedinfo\/wp-json\/wp\/v2\/media\/3094"}],"wp:attachment":[{"href":"https:\/\/matrend.hu\/nekedinfo\/wp-json\/wp\/v2\/media?parent=3093"}],"wp:term":[{"taxonomy":"category","embeddable":true,"href":"https:\/\/matrend.hu\/nekedinfo\/wp-json\/wp\/v2\/categories?post=3093"},{"taxonomy":"post_tag","embeddable":true,"href":"https:\/\/matrend.hu\/nekedinfo\/wp-json\/wp\/v2\/tags?post=3093"}],"curies":[{"name":"wp","href":"https:\/\/api.w.org\/{rel}","templated":true}]}}