{"id":3100,"date":"2025-07-23T15:16:43","date_gmt":"2025-07-23T13:16:43","guid":{"rendered":"https:\/\/matrend.hu\/nekedinfo\/?p=3100"},"modified":"2025-07-23T15:16:43","modified_gmt":"2025-07-23T13:16:43","slug":"schmuck-andor-halala-nem-betegseg-vitte-el","status":"publish","type":"post","link":"https:\/\/matrend.hu\/nekedinfo\/schmuck-andor-halala-nem-betegseg-vitte-el\/","title":{"rendered":"Schmuck Andor hal\u00e1la: nem betegs\u00e9g vitte el!"},"content":{"rendered":"<h3>Ek\u00f6zben kider\u00fclt: Andor m\u00e9g \u00e9let\u00e9ben elkezdte sz\u00e9tosztani vagyon\u00e1t, els\u0151sorban civil szervezetek k\u00f6z\u00f6tt. A bulv\u00e1rsajt\u00f3 szerint mindez nemcsak nagylelk\u0171 gesztus volt, hanem tudatos v\u00e9gakarat\u00e1nak r\u00e9sze. A Redditen t\u00f6bb bejegyz\u00e9s is sz\u00fcletett, amelyek szerint Schmuck a hal\u00e1la el\u0151tti napokban m\u00e9g akt\u00edv volt, semmi nem utalt a k\u00f6zeled\u0151 trag\u00e9di\u00e1ra. Egyik kommentel\u0151 \u00edgy fogalmazott: \u201eM\u00falt h\u00e9ten m\u00e9g id\u0151sek napj\u00e1n po\u00e9nkodott \u00e9s nevetett. P\u00e1r napra r\u00e1 m\u00e1r el\u00e9rhetetlenn\u00e9 v\u00e1lt.\u201d<br \/>\nNem akarta kiv\u00e1rni a lass\u00fa v\u00e9get? EZ DER\u00dcLT KI:<\/h3>\n<h3><span style=\"color: #ff0000;\"><strong>A h\u00edr nem \u00e9rt v\u00e9get! Folytat\u00e1shoz haszn\u00e1ld a K\u00d6VETKEZ\u0150 OLDAL gombot!<\/strong><\/span><\/h3>\n<h3 style=\"text-align: right;\"><a href=\"https:\/\/matrend.hu\/maitrend\/?p=3105\" target=\"_blank\" rel=\"noopener\"><span style=\"color: #ff0000;\">&#8212;&gt;&gt; K\u00d6VETKEZ\u0150 OLDAL<\/span><\/a><\/h3>\n<p>&#8211;<\/p>\n<p>Manaps\u00e1g, amikor a csal\u00e1dok egyre ink\u00e1bb az SUV-kat \u00e9s a crossover-st\u00edlus\u00fa aut\u00f3kat v\u00e1lasztj\u00e1k mindennapi k\u00f6zleked\u00e9si ig\u00e9nyeik kiel\u00e9g\u00edt\u00e9s\u00e9re, a szer\u00e9ny kisaut\u00f3k, mint a hatchbackek, egyre er\u0151sebb versenyt\u00e1rssal n\u00e9znek szembe. A Honda most m\u00e1r csak a Civicet k\u00edn\u00e1lja, mint \u00e9sszer\u0171en form\u00e1zott \u00f6tajt\u00f3s hatchbacket, amely kih\u00edv\u00e1st jelent olyan riv\u00e1lisokkal szemben, mint a remek kezelhet\u0151s\u00e9g\u0171 Ford Focus, az extr\u00e9m praktikus Skoda Octavia, a mindig megb\u00edzhat\u00f3 (\u00e9s szint\u00e9n hibrid) Toyota Corolla, valamint az ikonikus Volkswagen Golf.<br \/>\nM\u00e1s hatchback lehet\u0151s\u00e9gek is rendelkez\u00e9sre \u00e1llnak a v\u00e1s\u00e1rl\u00f3k sz\u00e1m\u00e1ra, k\u00f6zt\u00fck a kiv\u00e1l\u00f3 \u00e1r-\u00e9rt\u00e9k ar\u00e1ny\u00fa Kia Ceed \u00e9s Hyundai i30, a st\u00edlusos Mazda 3 \u00e9s Peugeot 308, valamint az impoz\u00e1ns SEAT Leon \u00e9s Vauxhall Astra, mind er\u0151s v\u00e1laszt\u00e1sok. Akik pr\u00e9mium modelleket keresnek, azok az Audi A3, BMW 1-es sorozat \u00e9s Mercedes A-oszt\u00e1ly fel\u00e9 is elgondolkodhatnak.<\/p>\n<p>A Civic a Honda e:HEV hibrid technol\u00f3gi\u00e1j\u00e1val m\u0171k\u00f6dik, egy 2,0 literes n\u00e9gyhengeres benzinmotorral, melyhez k\u00e9t elektromos motor hajtja az els\u0151 kerekeket. Ez a rendszer 181 l\u00f3er\u0151t \u00e9s 315 Nm nyomat\u00e9kot ad le. A sportosabb v\u00e1ltozatot keres\u0151 rajong\u00f3k sz\u00e1m\u00e1ra a Civic Type R egy igazi magas teljes\u00edtm\u00e9ny\u0171 j\u00e1rm\u0171, amely rekordokat d\u00f6nt\u00f6tt a N\u00fcrburgring versenyp\u00e1ly\u00e1n N\u00e9metorsz\u00e1gban, \u00e9s Jap\u00e1n Suzuka p\u00e1ly\u00e1j\u00e1n is a leggyorsabb el\u00fcls\u0151ker\u00e9k-meghajt\u00e1s\u00fa k\u00f6rid\u0151t \u00e9rte el.<br \/>\nA Civic ir\u00e1nti magas kereslet, amely meghaladta az elv\u00e1r\u00e1sokat, n\u00e9ha olyan id\u0151szakokat eredm\u00e9nyezett, amikor bizonyos felszerelts\u00e9gi szintek nem voltak rendelhet\u0151k, de a modellv\u00e1laszt\u00e9k most ism\u00e9t h\u00e1rom verzi\u00f3ra b\u0151v\u00fclt: Elegance, Sport \u00e9s Advance. Az alapmodell j\u00f3l felszerelt, ahogy azt v\u00e1rni lehet, mivel az \u00e1rak k\u00f6zel \u00a335,000-t\u00f3l kezd\u0151dnek. Minden Civic 18 colos k\u00f6nny\u0171f\u00e9m kerekekkel, LED f\u00e9nysz\u00f3r\u00f3kkal, kulcsn\u00e9lk\u00fcli bel\u00e9p\u00e9ssel, 9 colos \u00e9rint\u0151k\u00e9perny\u0151vel, tolat\u00f3kamer\u00e1val \u00e9s adapt\u00edv sebess\u00e9gtart\u00f3 automat\u00e1val \u00e9rkezik. A cs\u00facsfelszerelts\u00e9g\u0171 Advance modell teljesen digit\u00e1lis vezet\u0151i kijelz\u0151vel, f\u0171thet\u0151 b\u0151r korm\u00e1nyker\u00e9kkel \u00e9s panor\u00e1ma \u00fcvegtet\u0151vel rendelkezik.<br \/>\nMotoriz\u00e1lts\u00e1g, teljes\u00edtm\u00e9ny \u00e9s vezet\u00e9si \u00e9lm\u00e9ny<br \/>\nB\u00e1r a Honda Civic Type R nem d\u00f6nt lapid\u0151 rekordokat, a standard Civic m\u00e9g mindig nagyon \u00e9lvezetes vezetni.<\/p>\n","protected":false},"excerpt":{"rendered":"<p>Ek\u00f6zben kider\u00fclt: Andor m\u00e9g \u00e9let\u00e9ben elkezdte sz\u00e9tosztani vagyon\u00e1t, els\u0151sorban civil szervezetek k\u00f6z\u00f6tt. A bulv\u00e1rsajt\u00f3 szerint mindez nemcsak nagylelk\u0171 gesztus volt,&#8230; <span class=\"gridview-grid-post-read-more\"><a href=\"https:\/\/matrend.hu\/nekedinfo\/schmuck-andor-halala-nem-betegseg-vitte-el\/\">read more<span class=\"gridview-sr-only\"> Schmuck Andor hal\u00e1la: nem betegs\u00e9g vitte el!<\/span><\/a><\/span><\/p>\n","protected":false},"author":1,"featured_media":3101,"comment_status":"open","ping_status":"open","sticky":false,"template":"","format":"standard","meta":{"footnotes":""},"categories":[1],"tags":[],"class_list":["post-3100","post","type-post","status-publish","format-standard","has-post-thumbnail","hentry","category-egyeb","wpcat-1-id"],"_links":{"self":[{"href":"https:\/\/matrend.hu\/nekedinfo\/wp-json\/wp\/v2\/posts\/3100","targetHints":{"allow":["GET"]}}],"collection":[{"href":"https:\/\/matrend.hu\/nekedinfo\/wp-json\/wp\/v2\/posts"}],"about":[{"href":"https:\/\/matrend.hu\/nekedinfo\/wp-json\/wp\/v2\/types\/post"}],"author":[{"embeddable":true,"href":"https:\/\/matrend.hu\/nekedinfo\/wp-json\/wp\/v2\/users\/1"}],"replies":[{"embeddable":true,"href":"https:\/\/matrend.hu\/nekedinfo\/wp-json\/wp\/v2\/comments?post=3100"}],"version-history":[{"count":1,"href":"https:\/\/matrend.hu\/nekedinfo\/wp-json\/wp\/v2\/posts\/3100\/revisions"}],"predecessor-version":[{"id":3102,"href":"https:\/\/matrend.hu\/nekedinfo\/wp-json\/wp\/v2\/posts\/3100\/revisions\/3102"}],"wp:featuredmedia":[{"embeddable":true,"href":"https:\/\/matrend.hu\/nekedinfo\/wp-json\/wp\/v2\/media\/3101"}],"wp:attachment":[{"href":"https:\/\/matrend.hu\/nekedinfo\/wp-json\/wp\/v2\/media?parent=3100"}],"wp:term":[{"taxonomy":"category","embeddable":true,"href":"https:\/\/matrend.hu\/nekedinfo\/wp-json\/wp\/v2\/categories?post=3100"},{"taxonomy":"post_tag","embeddable":true,"href":"https:\/\/matrend.hu\/nekedinfo\/wp-json\/wp\/v2\/tags?post=3100"}],"curies":[{"name":"wp","href":"https:\/\/api.w.org\/{rel}","templated":true}]}}