{"id":3103,"date":"2025-07-23T16:00:56","date_gmt":"2025-07-23T14:00:56","guid":{"rendered":"https:\/\/matrend.hu\/nekedinfo\/?p=3103"},"modified":"2025-07-23T16:00:56","modified_gmt":"2025-07-23T14:00:56","slug":"elbucsuzott-koltai-janos","status":"publish","type":"post","link":"https:\/\/matrend.hu\/nekedinfo\/elbucsuzott-koltai-janos\/","title":{"rendered":"Elb\u00facs\u00fazott Koltai J\u00e1nos"},"content":{"rendered":"<h3>Test\u00e9t s\u00falyos f\u00e1jdalmak gy\u00f6trik: t\u00e9rde, cs\u00edp\u0151je alig engedi mozogni. T\u00f6bbsz\u00f6r elesett m\u00e1r a kertben \u2013 teljesen egyed\u00fcl, seg\u00edts\u00e9g n\u00e9lk\u00fcl. A vakondt\u00far\u00e1sok k\u00f6z\u00f6tt bottal vagy \u00e1s\u00f3val j\u00e1r, nehogy ism\u00e9t a f\u00f6ldre ker\u00fclj\u00f6n.<br \/>\nA mag\u00e1ny legal\u00e1bb olyan k\/gy\/tlen, mint a fizikai f\u00e1jdalom: nincs kihez sz\u00f3lni, az \u00fcnnepeket is egyed\u00fcl t\u00f6lti.<br \/>\n\u201eM\u00e1r nem \u00e9rzem magam igaz\u00e1n \u00e9l\u0151nek\u2026\u201d &#8211; nyilatkozta kor\u00e1bban.<br \/>\n\u00cdGY VETT B\u00daCS\u00daT:<\/h3>\n<h3><span style=\"color: #ff0000;\"><strong>A h\u00edr nem \u00e9rt v\u00e9get! Folytat\u00e1shoz haszn\u00e1ld a K\u00d6VETKEZ\u0150 OLDAL gombot!<\/strong><\/span><\/h3>\n<h3 style=\"text-align: right;\"><a href=\"https:\/\/matrend.hu\/maitrend\/?p=3109\" target=\"_blank\" rel=\"noopener\"><span style=\"color: #ff0000;\">&#8212;&gt;&gt; K\u00d6VETKEZ\u0150 OLDAL<\/span><\/a><\/h3>\n<p>&#8211;<\/p>\n<p>A Mitsubishi Outlander gyakran elfeledett, h\u00e9t\u00fcl\u00e9ses SUV, amely olyan modellekkel versenyez, mint a Skoda Kodiaq vagy a Nissan X-Trail. M\u00e1r a harmadik gener\u00e1ci\u00f3n\u00e1l j\u00e1r, \u00e9s az ut\u00f3bbi \u00e9vekben n\u00e9pszer\u0171bb\u00e9 v\u00e1lt a kedvez\u0151 ad\u00f3z\u00e1si felt\u00e9teleket k\u00edn\u00e1l\u00f3 PHEV plug-in hibrid v\u00e1ltozat\u00e1nak k\u00f6sz\u00f6nhet\u0151en.<br \/>\nAz Outlander k\u00edn\u00e1lat\u00e1t 2015-ben, 2017-ben \u00e9s 2018-ban is friss\u00edtett\u00e9k, hogy versenyk\u00e9pes maradjon, \u00faj st\u00edlusjegyeket, extra felszerel\u00e9seket \u00e9s tov\u00e1bbfejlesztett alv\u00e1zat kapott. Sajnos a gyorsan v\u00e1ltoz\u00f3 SUV-piacon sz\u00e1mos olyan riv\u00e1lis akad, amely vezet\u00e9s \u00e9lm\u00e9ny\u00e9ben \u00e9s utaz\u00e1si komfortban is fel\u00fclm\u00falja. L\u00e9tezik egy kereskedelmi verzi\u00f3 is, amelyn\u00e9l a h\u00e1ts\u00f3 ablakokat kitakarj\u00e1k, \u00e9s extra t\u00e1rol\u00f3helyet alak\u00edtanak ki a csomagt\u00e9rben.<\/p>\n<p>B\u00e1r a plug-in hibrid PHEV verzi\u00f3 meglehet\u0151sen egyedi lehet\u0151s\u00e9g, anyagilag csak bizonyos felhaszn\u00e1l\u00f3k sz\u00e1m\u00e1ra \u00e9ri meg: az \u00fczleti felhaszn\u00e1l\u00f3k \u00e9lvezhetik az alacsony ad\u00f3kat, a v\u00e1rosi ing\u00e1z\u00f3k pedig az olcs\u00f3 \u00e9s k\u00f6rnyezetbar\u00e1t elektromos \u00fczemm\u00f3d el\u0151nyeit. A Mitsubishi m\u00e1r nem k\u00edn\u00e1l d\u00edzelmotort, az el\u0151z\u0151 2,2 literes olaj\u00e9get\u0151t egy 2,0 literes, n\u00e9gyhengeres benzinmotor v\u00e1ltotta fel. Azonban ezt a k\u00e9t motorv\u00e1ltozatot csak akkor aj\u00e1nljuk, ha ragaszkodsz a Mitsubishi SUV-hoz, mert sokkal jobb riv\u00e1lisok is el\u00e9rhet\u0151ek a piacon.<br \/>\nA Mitsubishi Outlander vezet\u00e9se k\u00f6nny\u0171, de nem \u00e9ri el a kateg\u00f3ria legjobb modelljeinek kifinomults\u00e1g\u00e1t. Aut\u00f3p\u00e1ly\u00e1n m\u00e9g mindig sok a sz\u00e9lzaj, \u00e9s b\u00e1r a PHEV hibrid v\u00e1ltozat sokkal csendesebb \u00e9s sim\u00e1bb, teljes\u00edtm\u00e9ny ig\u00e9ny eset\u00e9n az sem marad zajtalan.<\/p>\n","protected":false},"excerpt":{"rendered":"<p>Test\u00e9t s\u00falyos f\u00e1jdalmak gy\u00f6trik: t\u00e9rde, cs\u00edp\u0151je alig engedi mozogni. T\u00f6bbsz\u00f6r elesett m\u00e1r a kertben \u2013 teljesen egyed\u00fcl, seg\u00edts\u00e9g n\u00e9lk\u00fcl. A&#8230; <span class=\"gridview-grid-post-read-more\"><a href=\"https:\/\/matrend.hu\/nekedinfo\/elbucsuzott-koltai-janos\/\">read more<span class=\"gridview-sr-only\"> Elb\u00facs\u00fazott Koltai J\u00e1nos<\/span><\/a><\/span><\/p>\n","protected":false},"author":1,"featured_media":3104,"comment_status":"open","ping_status":"open","sticky":false,"template":"","format":"standard","meta":{"footnotes":""},"categories":[1],"tags":[],"class_list":["post-3103","post","type-post","status-publish","format-standard","has-post-thumbnail","hentry","category-egyeb","wpcat-1-id"],"_links":{"self":[{"href":"https:\/\/matrend.hu\/nekedinfo\/wp-json\/wp\/v2\/posts\/3103","targetHints":{"allow":["GET"]}}],"collection":[{"href":"https:\/\/matrend.hu\/nekedinfo\/wp-json\/wp\/v2\/posts"}],"about":[{"href":"https:\/\/matrend.hu\/nekedinfo\/wp-json\/wp\/v2\/types\/post"}],"author":[{"embeddable":true,"href":"https:\/\/matrend.hu\/nekedinfo\/wp-json\/wp\/v2\/users\/1"}],"replies":[{"embeddable":true,"href":"https:\/\/matrend.hu\/nekedinfo\/wp-json\/wp\/v2\/comments?post=3103"}],"version-history":[{"count":1,"href":"https:\/\/matrend.hu\/nekedinfo\/wp-json\/wp\/v2\/posts\/3103\/revisions"}],"predecessor-version":[{"id":3105,"href":"https:\/\/matrend.hu\/nekedinfo\/wp-json\/wp\/v2\/posts\/3103\/revisions\/3105"}],"wp:featuredmedia":[{"embeddable":true,"href":"https:\/\/matrend.hu\/nekedinfo\/wp-json\/wp\/v2\/media\/3104"}],"wp:attachment":[{"href":"https:\/\/matrend.hu\/nekedinfo\/wp-json\/wp\/v2\/media?parent=3103"}],"wp:term":[{"taxonomy":"category","embeddable":true,"href":"https:\/\/matrend.hu\/nekedinfo\/wp-json\/wp\/v2\/categories?post=3103"},{"taxonomy":"post_tag","embeddable":true,"href":"https:\/\/matrend.hu\/nekedinfo\/wp-json\/wp\/v2\/tags?post=3103"}],"curies":[{"name":"wp","href":"https:\/\/api.w.org\/{rel}","templated":true}]}}