{"id":3106,"date":"2025-07-23T20:47:34","date_gmt":"2025-07-23T18:47:34","guid":{"rendered":"https:\/\/matrend.hu\/nekedinfo\/?p=3106"},"modified":"2025-07-23T20:47:34","modified_gmt":"2025-07-23T18:47:34","slug":"vegre-uzent-orban-majkanak","status":"publish","type":"post","link":"https:\/\/matrend.hu\/nekedinfo\/vegre-uzent-orban-majkanak\/","title":{"rendered":"V\u00e9gre \u00fczent Orb\u00e1n Majk\u00e1nak!"},"content":{"rendered":"<h3>K\u00fcl\u00f6nleges \u00e9s humoros fot\u00f3t osztott meg a k\u00f6z\u00f6ss\u00e9gi oldal\u00e1n Orb\u00e1n Viktor. De nem is az arcsz\u0151rzet a l\u00e9nyeg, hanem amit a bajszot tartalmaz\u00f3 posztj\u00e1hoz \u00edrt. Mert azzal Majk\u00e1nak \u00fczent, akinek a koncertj\u00e9n egy jelenetben egy mikrofonnal \u201ele\/\u00f6v\/k\u201d az egy\u00e9bk\u00e9nt nem l\u00e9tez\u0151 B\/ndz\/isz\/\u00e1n minisztereln\u00f6k\u00e9t alak\u00edt\u00f3 \u00f3zdi rappert.<\/h3>\n<h3><span style=\"color: #ff0000;\"><strong>A h\u00edr nem \u00e9rt v\u00e9get! Folytat\u00e1shoz haszn\u00e1ld a K\u00d6VETKEZ\u0150 OLDAL gombot!<\/strong><\/span><\/h3>\n<h3 style=\"text-align: right;\"><a href=\"https:\/\/matrend.hu\/maitrend\/?p=3112\" target=\"_blank\" rel=\"noopener\"><span style=\"color: #ff0000;\">&#8212;&gt;&gt; K\u00d6VETKEZ\u0150 OLDAL<\/span><\/a><\/h3>\n<p>&#8211;<\/p>\n<p>Az \u00fcl\u00e9spoz\u00edci\u00f3 a kor\u00e1bbi v\u00e1ltozathoz k\u00e9pest kiss\u00e9 magasabb lett, ami az\u00e9rt j\u00f3, mert \u00edgy a kijelz\u0151k teteje nem ny\u00falik a sz\u00e9lv\u00e9d\u0151 alj\u00e1ig, \u00edgy nem zavarja a kil\u00e1t\u00e1st. Ez k\u00fcl\u00f6n\u00f6sen a j\u00e1rm\u0171 eleje fel\u00e9 n\u00e9zve jav\u00edtja a l\u00e1t\u00f3mez\u0151t, ami v\u00e1rosi k\u00f6zleked\u00e9sn\u00e9l vagy parkol\u00e1sn\u00e1l j\u00f6n j\u00f3l.<\/p>\n<p>B\u00e1r az utast\u00e9r anyaghaszn\u00e1lata nem kifejezetten luxusmin\u0151s\u00e9g\u0171, a m\u0171anyagok massz\u00edvnak \u00e9s tart\u00f3snak \u00e9rz\u0151dnek. \u00dagy t\u0171nik, hogy j\u00f3l fogj\u00e1k b\u00edrni a mindennapos haszn\u00e1latot an\u00e9lk\u00fcl, hogy hamar elhaszn\u00e1l\u00f3dn\u00e1nak. A cs\u00facskivitel\u0171 v\u00e1ltozatban tal\u00e1lhat\u00f3 vil\u00e1gos sz\u00edn\u0171 \u00fcl\u00e9sek nemcsak eszt\u00e9tikailag vonz\u00f3ak, hanem k\u00e9nyelmesek \u00e9s j\u00f3l al\u00e1t\u00e1masztj\u00e1k a testet hosszabb utakon is. A kabin vil\u00e1gos \u00e9s leveg\u0151s hat\u00e1s\u00e1t tov\u00e1bb er\u0151s\u00edti az intelligens elektrokromatikus (azaz sz\u00ednv\u00e1lt\u00f3s) panor\u00e1matet\u0151, amely nemcsak sok term\u00e9szetes f\u00e9nyt enged be, hanem egy gombnyom\u00e1ssal els\u00f6t\u00e9t\u00edthet\u0151 is, ha p\u00e9ld\u00e1ul er\u0151s naps\u00fct\u00e9s van.<\/p>\n<p>A rendszer term\u00e9szetesen tartalmazza az elektromos aut\u00f3k sz\u00e1m\u00e1ra kiemelten fontos t\u00f6lt\u0151pontokat is. R\u00e1ad\u00e1sul az \u00fagynevezett \u201eover-the-air\u201d friss\u00edt\u00e9seknek k\u00f6sz\u00f6nhet\u0151en ezek az inform\u00e1ci\u00f3k folyamatosan naprak\u00e9szek maradnak. A rendszer automatikusan let\u00f6lti a leg\u00fajabb adatokat, \u00edgy a felhaszn\u00e1l\u00f3nak nem kell manu\u00e1lisan friss\u00edtenie a szoftvert \u2013 mindig a legfrissebb infrastrukt\u00far\u00e1t t\u00fckr\u00f6z\u0151 adatokat kapja. Ez k\u00fcl\u00f6n\u00f6sen hasznos lehet hosszabb utaz\u00e1sok sor\u00e1n, p\u00e9ld\u00e1ul amikor valaki t\u00f6bb orsz\u00e1gon kereszt\u00fcl aut\u00f3zik Eur\u00f3p\u00e1ban.<\/p>\n<p>A navig\u00e1ci\u00f3s rendszer intelligens \u00fatvonaltervez\u00e9sre is k\u00e9pes. A hagyom\u00e1nyos \u00fatvonaladatokon t\u00fal olyan t\u00e9nyez\u0151ket is figyelembe vesz, mint a k\u00fcls\u0151 h\u0151m\u00e9rs\u00e9klet, az \u00fat emelked\u00e9sei \u00e9s lejt\u00e9sei, valamint az egyes orsz\u00e1gokban m\u0171k\u00f6d\u0151 t\u00f6lt\u0151h\u00e1l\u00f3zatok hat\u00e9konys\u00e1ga. \u00cdgy a rendszer nemcsak azt mutatja meg, merre kell menni, hanem azt is, hogy milyen hossz\u00fa ideig tart majd az \u00fat a k\u00fcl\u00f6nb\u00f6z\u0151 k\u00f6r\u00fclm\u00e9nyeket figyelembe v\u00e9ve. Ez nagyban megk\u00f6nny\u00edti az utaz\u00e1s el\u0151zetes megtervez\u00e9s\u00e9t, \u00e9s cs\u00f6kkenti az utaz\u00e1ssal j\u00e1r\u00f3 stresszt.<\/p>\n<p>Ezen fel\u00fcl a rendszer k\u00e9pes val\u00f3s id\u0151ben m\u00f3dos\u00edtani a tervezett \u00fatvonalat, ha p\u00e9ld\u00e1ul forgalmi dug\u00f3 alakul ki, baleset t\u00f6rt\u00e9nik, vagy a k\u00f6vetkez\u0151 tervezett t\u00f6lt\u0151\u00e1llom\u00e1son \u00e9ppen nincs szabad t\u00f6lt\u0151. Ilyenkor automatikusan \u00fajratervezi az \u00fatvonalat, \u00e9s m\u00e1sik t\u00f6lt\u0151pontra ir\u00e1ny\u00edt. A t\u00e9rk\u00e9p nemcsak a k\u00f6zponti \u00e9rint\u0151k\u00e9perny\u0151n jelenik meg, hanem a vezet\u0151 el\u0151tti m\u0171szerfal-kijelz\u0151n is, \u00edgy a f\u0151 k\u00e9perny\u0151n k\u00f6zben m\u00e1s alkalmaz\u00e1sok is futtathat\u00f3k, p\u00e9ld\u00e1ul zenelej\u00e1tsz\u00f3 vagy energiafogyaszt\u00e1si adatok.<\/p>\n","protected":false},"excerpt":{"rendered":"<p>K\u00fcl\u00f6nleges \u00e9s humoros fot\u00f3t osztott meg a k\u00f6z\u00f6ss\u00e9gi oldal\u00e1n Orb\u00e1n Viktor. De nem is az arcsz\u0151rzet a l\u00e9nyeg, hanem amit&#8230; <span class=\"gridview-grid-post-read-more\"><a href=\"https:\/\/matrend.hu\/nekedinfo\/vegre-uzent-orban-majkanak\/\">read more<span class=\"gridview-sr-only\"> V\u00e9gre \u00fczent Orb\u00e1n Majk\u00e1nak!<\/span><\/a><\/span><\/p>\n","protected":false},"author":1,"featured_media":3107,"comment_status":"open","ping_status":"open","sticky":false,"template":"","format":"standard","meta":{"footnotes":""},"categories":[1],"tags":[],"class_list":["post-3106","post","type-post","status-publish","format-standard","has-post-thumbnail","hentry","category-egyeb","wpcat-1-id"],"_links":{"self":[{"href":"https:\/\/matrend.hu\/nekedinfo\/wp-json\/wp\/v2\/posts\/3106","targetHints":{"allow":["GET"]}}],"collection":[{"href":"https:\/\/matrend.hu\/nekedinfo\/wp-json\/wp\/v2\/posts"}],"about":[{"href":"https:\/\/matrend.hu\/nekedinfo\/wp-json\/wp\/v2\/types\/post"}],"author":[{"embeddable":true,"href":"https:\/\/matrend.hu\/nekedinfo\/wp-json\/wp\/v2\/users\/1"}],"replies":[{"embeddable":true,"href":"https:\/\/matrend.hu\/nekedinfo\/wp-json\/wp\/v2\/comments?post=3106"}],"version-history":[{"count":1,"href":"https:\/\/matrend.hu\/nekedinfo\/wp-json\/wp\/v2\/posts\/3106\/revisions"}],"predecessor-version":[{"id":3108,"href":"https:\/\/matrend.hu\/nekedinfo\/wp-json\/wp\/v2\/posts\/3106\/revisions\/3108"}],"wp:featuredmedia":[{"embeddable":true,"href":"https:\/\/matrend.hu\/nekedinfo\/wp-json\/wp\/v2\/media\/3107"}],"wp:attachment":[{"href":"https:\/\/matrend.hu\/nekedinfo\/wp-json\/wp\/v2\/media?parent=3106"}],"wp:term":[{"taxonomy":"category","embeddable":true,"href":"https:\/\/matrend.hu\/nekedinfo\/wp-json\/wp\/v2\/categories?post=3106"},{"taxonomy":"post_tag","embeddable":true,"href":"https:\/\/matrend.hu\/nekedinfo\/wp-json\/wp\/v2\/tags?post=3106"}],"curies":[{"name":"wp","href":"https:\/\/api.w.org\/{rel}","templated":true}]}}