{"id":3109,"date":"2025-07-23T21:22:30","date_gmt":"2025-07-23T19:22:30","guid":{"rendered":"https:\/\/matrend.hu\/nekedinfo\/?p=3109"},"modified":"2025-07-23T21:22:30","modified_gmt":"2025-07-23T19:22:30","slug":"bucsuzik-a-keleti-palyaudvar","status":"publish","type":"post","link":"https:\/\/matrend.hu\/nekedinfo\/bucsuzik-a-keleti-palyaudvar\/","title":{"rendered":"B\u00facs\u00fazik a Keleti p\u00e1lyaudvar!"},"content":{"rendered":"<h3>A M\u00c1V vez\u00e9rigazgat\u00f3ja, Hegyi Zsolt bejelent\u00e9se szerint a lez\u00e1r\u00e1s ELS\u0150 f\u00e1zisa eg\u00e9szen szeptember v\u00e9g\u00e9ig tart, \u00edgy nemcsak a ny\u00e1ri utaz\u00f3kat, hanem a tan\u00e9vkezd\u00e9skor is jelent\u0151s fennakad\u00e1sokat okozhat a k\u00f6zleked\u00e9sben. A vez\u00e9rigazgat\u00f3 elmond\u00e1sa szerint a tavalyi mozdony-kisikl\u00e1sok r\u00e1vil\u00e1g\u00edtottak arra, hogy a Keleti \u00e1llapota m\u00e1r nem halogathatja tov\u00e1bb a fel\u00faj\u00edt\u00e1st. MUTATJUK A R\u00c9SZLETEKET!<\/h3>\n<h3><span style=\"color: #ff0000;\"><strong>A h\u00edr nem \u00e9rt v\u00e9get! Folytat\u00e1shoz haszn\u00e1ld a K\u00d6VETKEZ\u0150 OLDAL gombot!<\/strong><\/span><\/h3>\n<h3 style=\"text-align: right;\"><a href=\"https:\/\/matrend.hu\/maitrend\/?p=3115\" target=\"_blank\" rel=\"noopener\"><span style=\"color: #ff0000;\">&#8212;&gt;&gt; K\u00d6VETKEZ\u0150 OLDAL<\/span><\/a><\/h3>\n<p>&#8211;<\/p>\n<p>Az eredm\u00e9ny egy olyan aut\u00f3, amely teljes rendszer-teljes\u00edtm\u00e9nyben 907 l\u00f3er\u0151t tud leadni, \u00e9s 0-r\u00f3l 100 km\/h-ra (0-62 mph) mind\u00f6ssze 2,7 m\u00e1sodperc alatt gyorsul fel, mik\u00f6zben v\u00e9gsebess\u00e9ge el\u00e9ri a 343 km\/h-t (213 mph), m\u00e9g \u00fagy is, hogy a j\u00e1rm\u0171 majdnem 300 kilogrammal nehezebb a kor\u00e1bbi Hurac\u00e1n Tecnica modelln\u00e9l. A karossz\u00e9ria tov\u00e1bbra is alum\u00ednium t\u00e9rv\u00e1zra \u00e9s alum\u00ednium testre \u00e9p\u00fcl \u2013 ellent\u00e9tben a nagyobb Revuelto-val, amely t\u00falnyom\u00f3r\u00e9szt karbonb\u00f3l k\u00e9sz\u00fcl \u2013, \u00e9s ezt az \u00faj gener\u00e1ci\u00f3s modellt az Audi \u201ealum\u00ednium mesters\u00e9gbeli k\u00f6zpontj\u00e1ban\u201d, Neckarsulmban gy\u00e1rtj\u00e1k, teljesen \u00faj tervek alapj\u00e1n.<\/p>\n<p>Ez az aut\u00f3 teh\u00e1t egyszerre reprezent\u00e1lja a hagyom\u00e1nyos, nagy teljes\u00edtm\u00e9ny\u0171 benzines er\u0151forr\u00e1sokat \u00e9s a modern, elektromos hajt\u00e1s el\u0151nyeit, amelyek egy\u00fcttesen olyan menetdinamikai \u00e9s vez\u00e9relhet\u0151s\u00e9gi \u00e9lm\u00e9nyt ny\u00fajtanak, amilyet kor\u00e1bban csak \u00e1lmodni lehetett. A fejlett hajt\u00e1sl\u00e1nc \u00e9s a prec\u00edz elektronikus vez\u00e9rl\u00e9s r\u00e9v\u00e9n a j\u00e1rm\u0171 nem csup\u00e1n gyors \u00e9s er\u0151s, hanem hihetetlen\u00fcl intelligens is, k\u00e9pes alkalmazkodni az utas\u00edt\u00e1sokhoz \u00e9s a vezet\u00e9si k\u00f6r\u00fclm\u00e9nyekhez, \u00edgy egy \u00faj dimenzi\u00f3ba emelve a sportaut\u00f3k vil\u00e1g\u00e1t.<\/p>\n<p>A Temerario hossza tekintet\u00e9ben nagyj\u00e1b\u00f3l f\u00e9l\u00faton helyezkedik el a kor\u00e1bbi Hurac\u00e1n \u00e9s az \u00fajabb Revuelto k\u00f6z\u00f6tt. \u00d6sszesen 186 millim\u00e9terrel hosszabb el\u0151dj\u00e9n\u00e9l, \u00e1m ennek mind\u00f6ssze 40 millim\u00e9tere ker\u00fclt a tengelyt\u00e1v n\u00f6vel\u00e9s\u00e9re. Ennek az a c\u00e9lja, hogy a kabinban t\u00f6bb hely jusson \u2013 \u00e1ll\u00edt\u00f3lag mintegy m\u00e1sf\u00e9l h\u00fcvelykkel n\u0151tt a vezet\u0151 l\u00e1btere \u00e9s fejt\u00e9r is.<\/p>\n<p>Mivel \u00e9n 190 centi magas vagyok (6 l\u00e1b 3 h\u00fcvelyk), \u00e9s mindig is nehezen f\u00e9rtem el egy Hurac\u00e1nban, k\u00fcl\u00f6n\u00f6sen buk\u00f3sisakkal a fejemen, ez\u00e9rt bizakodva v\u00e1rtam, hogy milyen lesz az \u00faj modell t\u00e1gass\u00e1ga. Azonban \u00e9l\u0151ben megn\u00e9zve m\u00e1r kev\u00e9sb\u00e9 voltam el\u00e9gedett: a gyakorlatban alig l\u00e1ttam \u00e9rdemi n\u00f6veked\u00e9st a helyk\u00edn\u00e1latban. A tet\u0151n tal\u00e1lhat\u00f3 egy kis kidomborod\u00e1s, egyfajta \u201ebubor\u00e9k\u201d, ami elm\u00e9letileg extra fejt\u00e9rnek szolg\u00e1l, de ha valakinek \u2013 mint nekem \u2013 h\u00e1tra kell tolni az \u00fcl\u00e9st, hogy elf\u00e9rjenek a l\u00e1bai, akkor k\u00f6nnyen el\u0151fordulhat, hogy a feje nem fog pont ebbe a helybe esni. Az \u00e9n esetemben biztosan nem tette.<\/p>\n","protected":false},"excerpt":{"rendered":"<p>A M\u00c1V vez\u00e9rigazgat\u00f3ja, Hegyi Zsolt bejelent\u00e9se szerint a lez\u00e1r\u00e1s ELS\u0150 f\u00e1zisa eg\u00e9szen szeptember v\u00e9g\u00e9ig tart, \u00edgy nemcsak a ny\u00e1ri utaz\u00f3kat,&#8230; <span class=\"gridview-grid-post-read-more\"><a href=\"https:\/\/matrend.hu\/nekedinfo\/bucsuzik-a-keleti-palyaudvar\/\">read more<span class=\"gridview-sr-only\"> B\u00facs\u00fazik a Keleti p\u00e1lyaudvar!<\/span><\/a><\/span><\/p>\n","protected":false},"author":1,"featured_media":3110,"comment_status":"open","ping_status":"open","sticky":false,"template":"","format":"standard","meta":{"footnotes":""},"categories":[1],"tags":[],"class_list":["post-3109","post","type-post","status-publish","format-standard","has-post-thumbnail","hentry","category-egyeb","wpcat-1-id"],"_links":{"self":[{"href":"https:\/\/matrend.hu\/nekedinfo\/wp-json\/wp\/v2\/posts\/3109","targetHints":{"allow":["GET"]}}],"collection":[{"href":"https:\/\/matrend.hu\/nekedinfo\/wp-json\/wp\/v2\/posts"}],"about":[{"href":"https:\/\/matrend.hu\/nekedinfo\/wp-json\/wp\/v2\/types\/post"}],"author":[{"embeddable":true,"href":"https:\/\/matrend.hu\/nekedinfo\/wp-json\/wp\/v2\/users\/1"}],"replies":[{"embeddable":true,"href":"https:\/\/matrend.hu\/nekedinfo\/wp-json\/wp\/v2\/comments?post=3109"}],"version-history":[{"count":1,"href":"https:\/\/matrend.hu\/nekedinfo\/wp-json\/wp\/v2\/posts\/3109\/revisions"}],"predecessor-version":[{"id":3111,"href":"https:\/\/matrend.hu\/nekedinfo\/wp-json\/wp\/v2\/posts\/3109\/revisions\/3111"}],"wp:featuredmedia":[{"embeddable":true,"href":"https:\/\/matrend.hu\/nekedinfo\/wp-json\/wp\/v2\/media\/3110"}],"wp:attachment":[{"href":"https:\/\/matrend.hu\/nekedinfo\/wp-json\/wp\/v2\/media?parent=3109"}],"wp:term":[{"taxonomy":"category","embeddable":true,"href":"https:\/\/matrend.hu\/nekedinfo\/wp-json\/wp\/v2\/categories?post=3109"},{"taxonomy":"post_tag","embeddable":true,"href":"https:\/\/matrend.hu\/nekedinfo\/wp-json\/wp\/v2\/tags?post=3109"}],"curies":[{"name":"wp","href":"https:\/\/api.w.org\/{rel}","templated":true}]}}