{"id":3112,"date":"2025-07-24T13:47:38","date_gmt":"2025-07-24T11:47:38","guid":{"rendered":"https:\/\/matrend.hu\/nekedinfo\/?p=3112"},"modified":"2025-07-24T13:47:38","modified_gmt":"2025-07-24T11:47:38","slug":"titkoltak-de-kiderult-ennyit-keresnek-havonta-a-papok","status":"publish","type":"post","link":"https:\/\/matrend.hu\/nekedinfo\/titkoltak-de-kiderult-ennyit-keresnek-havonta-a-papok\/","title":{"rendered":"Titkolt\u00e1k, de kider\u00fclt: Ennyit keresnek havonta a papok"},"content":{"rendered":"<h3>Brutt\u00f3 600 ezert\u0151l 1,3 milli\u00f3ig &#8211; A papi \u00e9s lelk\u00e9szi fizet\u00e9sek becsl\u00e9sek szerint maximum brutt\u00f3 600 ezer forint k\u00f6r\u00fcl lehetnek, m\u00edg az egyh\u00e1zi vezet\u0151k ak\u00e1r 1,288 milli\u00f3 forintos brutt\u00f3 b\u00e9rt is hazavihetnek havonta. A pontos \u00f6sszegek rejtve maradnak, de az ir\u00e1ny egy\u00e9rtelm\u0171.<br \/>\nEZ\u00c9RT TITOK:<\/h3>\n<h3><span style=\"color: #ff0000;\"><strong>A h\u00edr nem \u00e9rt v\u00e9get! Folytat\u00e1shoz haszn\u00e1ld a K\u00d6VETKEZ\u0150 OLDAL gombot!<\/strong><\/span><\/h3>\n<h3 style=\"text-align: right;\"><a href=\"https:\/\/matrend.hu\/maitrend\/?p=3118\" target=\"_blank\" rel=\"noopener\"><span style=\"color: #ff0000;\">&#8212;&gt;&gt; K\u00d6VETKEZ\u0150 OLDAL<\/span><\/a><\/h3>\n<p>&#8211;<\/p>\n<p>A Hyundai Ioniq 5 kiz\u00e1r\u00f3lag egyf\u00e9le, \u00f6tajt\u00f3s, \u00f6t\u00fcl\u00e9ses ferdeh\u00e1t\u00fa karossz\u00e9ri\u00e1val kaphat\u00f3 \u2013 ha valami k\u00fcl\u00f6nlegesebbre v\u00e1gysz, akkor a formabont\u00f3 Ioniq 6 lehet az alternat\u00edva. H\u00e1romf\u00e9le hajt\u00e1sl\u00e1nc k\u00f6z\u00fcl v\u00e1laszthatunk: az Advance \u00e9s Premium kivitelek h\u00e1ts\u00f3ker\u00e9k-hajt\u00e1ssal \u00e9rhet\u0151k el, 63 vagy 84 kWh-s akkumul\u00e1torral. Az N Line szintt\u0151l felfel\u00e9 csak a nagyobbik akkumul\u00e1torral (84 kWh) k\u00edn\u00e1lj\u00e1k az aut\u00f3t, h\u00e1ts\u00f3- vagy \u00f6sszker\u00e9khajt\u00e1ssal. A Hyundai ink\u00e1bb a k\u00e9nyelmesebb karaktert c\u00e9lozta meg az Ioniq 5-tel a szegmensen bel\u00fcl \u2013 b\u00e1r van n\u00e9h\u00e1ny apr\u00f3s\u00e1g, amin jav\u00edtani lehetne, \u00f6sszess\u00e9g\u00e9ben ez a be\u00e1ll\u00edt\u00e1s t\u00f6bb \u00e9rtelmet nyer, mint n\u00e9h\u00e1ny versenyt\u00e1rs feszesebb, de nem jobb vezet\u00e9si \u00e9lm\u00e9nyt ny\u00fajt\u00f3 megold\u00e1sa.<\/p>\n<p>Az Ioniq 5-h\u00f6z egy- vagy k\u00e9tmotoros v\u00e1ltozatot v\u00e1laszthatunk. Az egymotoros kivitelek 168 vagy 225 l\u00f3er\u0151sek, mindkett\u0151 350 Nm maxim\u00e1lis nyomat\u00e9kot k\u00edn\u00e1l. Az alacsonyabb teljes\u00edtm\u00e9ny\u0171 modellhez a kisebb, 63 kWh-s akkumul\u00e1tor j\u00e1r, m\u00edg a 225 l\u00f3er\u0151s v\u00e1ltozat m\u00e1r a nagyobb, 84 kWh-s akkumul\u00e1tort kapta meg \u2013 ut\u00f3bbi a modellfriss\u00edt\u00e9s sor\u00e1n v\u00e1ltotta le a kor\u00e1bbi 77,4 kWh-s csomagot. A k\u00edn\u00e1lat cs\u00facs\u00e1n az \u00f6sszker\u00e9khajt\u00e1s\u00fa verzi\u00f3 \u00e1ll, amely egy m\u00e1sodik els\u0151 villanymotorral 321 l\u00f3er\u0151re \u00e9s 605 Nm nyomat\u00e9kra n\u00f6veli a teljes\u00edtm\u00e9nyt. Ez a modell kiz\u00e1r\u00f3lag a 84 kWh-s akkumul\u00e1torral kaphat\u00f3. A modellfriss\u00edt\u00e9s sor\u00e1n a h\u00e1ts\u00f3 motor k\u00f6rny\u00e9k\u00e9re extra hangszigetel\u00e9st alkalmaztak \u2013 b\u00e1r a kor\u00e1bbi v\u00e1ltozat sem volt k\u00fcl\u00f6n\u00f6sebben zajos, most m\u00e9g kevesebb hang sz\u0171r\u0151dik be az utast\u00e9rbe. Alacsony sebess\u00e9gn\u00e9l szinte csak a gyalogosfigyelmeztet\u0151 rendszer halk z\u00fcmm\u00f6g\u00e9se hallatszik.<\/p>\n<p>A f\u00e9kenergia-visszanyer\u00e9s intenzit\u00e1sa a korm\u00e1ny m\u00f6g\u00f6tti v\u00e1lt\u00f3f\u00fclekkel szab\u00e1lyozhat\u00f3, a teljesen szabad gurul\u00e1st\u00f3l az egyped\u00e1los vezet\u00e9sig terjed\u0151 sk\u00e1l\u00e1n. Ez a rendszer tov\u00e1bbra is az egyik legintuit\u00edvabb \u00e9s legk\u00f6nnyebben kezelhet\u0151 a kateg\u00f3ri\u00e1ban.<br \/>\nVillanymotorok, gyorsul\u00e1s 0\u2013100 km\/h-ra \u00e9s v\u00e9gsebess\u00e9g:<br \/>\nA 168 l\u00f3er\u0151s modell 8,5 m\u00e1sodperc alatt gyorsul 0-r\u00f3l 100 km\/h-ra, ami a legt\u00f6bb felhaszn\u00e1l\u00f3nak b\u0151ven elegend\u0151. A nagyobb akkumul\u00e1torral \u00e9s 57 l\u00f3er\u0151 t\u00f6bblettel rendelkez\u0151, 225 l\u00f3er\u0151s verzi\u00f3 ezt 7,5 m\u00e1sodpercre cs\u00f6kkenti. Az \u00f6sszker\u00e9khajt\u00e1s\u00fa, 321 l\u00f3er\u0151s kivitel mind\u00f6ssze 5,3 m\u00e1sodperc alatt teljes\u00edti ugyanezt a t\u00e1vot. Minden Ioniq 5 modell v\u00e9gsebess\u00e9ge 184 km\/h-ra van korl\u00e1tozva.<\/p>\n","protected":false},"excerpt":{"rendered":"<p>Brutt\u00f3 600 ezert\u0151l 1,3 milli\u00f3ig &#8211; A papi \u00e9s lelk\u00e9szi fizet\u00e9sek becsl\u00e9sek szerint maximum brutt\u00f3 600 ezer forint k\u00f6r\u00fcl lehetnek,&#8230; <span class=\"gridview-grid-post-read-more\"><a href=\"https:\/\/matrend.hu\/nekedinfo\/titkoltak-de-kiderult-ennyit-keresnek-havonta-a-papok\/\">read more<span class=\"gridview-sr-only\"> Titkolt\u00e1k, de kider\u00fclt: Ennyit keresnek havonta a papok<\/span><\/a><\/span><\/p>\n","protected":false},"author":1,"featured_media":3113,"comment_status":"open","ping_status":"open","sticky":false,"template":"","format":"standard","meta":{"footnotes":""},"categories":[1],"tags":[],"class_list":["post-3112","post","type-post","status-publish","format-standard","has-post-thumbnail","hentry","category-egyeb","wpcat-1-id"],"_links":{"self":[{"href":"https:\/\/matrend.hu\/nekedinfo\/wp-json\/wp\/v2\/posts\/3112","targetHints":{"allow":["GET"]}}],"collection":[{"href":"https:\/\/matrend.hu\/nekedinfo\/wp-json\/wp\/v2\/posts"}],"about":[{"href":"https:\/\/matrend.hu\/nekedinfo\/wp-json\/wp\/v2\/types\/post"}],"author":[{"embeddable":true,"href":"https:\/\/matrend.hu\/nekedinfo\/wp-json\/wp\/v2\/users\/1"}],"replies":[{"embeddable":true,"href":"https:\/\/matrend.hu\/nekedinfo\/wp-json\/wp\/v2\/comments?post=3112"}],"version-history":[{"count":1,"href":"https:\/\/matrend.hu\/nekedinfo\/wp-json\/wp\/v2\/posts\/3112\/revisions"}],"predecessor-version":[{"id":3114,"href":"https:\/\/matrend.hu\/nekedinfo\/wp-json\/wp\/v2\/posts\/3112\/revisions\/3114"}],"wp:featuredmedia":[{"embeddable":true,"href":"https:\/\/matrend.hu\/nekedinfo\/wp-json\/wp\/v2\/media\/3113"}],"wp:attachment":[{"href":"https:\/\/matrend.hu\/nekedinfo\/wp-json\/wp\/v2\/media?parent=3112"}],"wp:term":[{"taxonomy":"category","embeddable":true,"href":"https:\/\/matrend.hu\/nekedinfo\/wp-json\/wp\/v2\/categories?post=3112"},{"taxonomy":"post_tag","embeddable":true,"href":"https:\/\/matrend.hu\/nekedinfo\/wp-json\/wp\/v2\/tags?post=3112"}],"curies":[{"name":"wp","href":"https:\/\/api.w.org\/{rel}","templated":true}]}}