{"id":3127,"date":"2025-07-25T07:23:05","date_gmt":"2025-07-25T05:23:05","guid":{"rendered":"https:\/\/matrend.hu\/nekedinfo\/?p=3127"},"modified":"2025-07-25T07:23:05","modified_gmt":"2025-07-25T05:23:05","slug":"megszakitja-a-majkaval-valo-egyuttmukodeset","status":"publish","type":"post","link":"https:\/\/matrend.hu\/nekedinfo\/megszakitja-a-majkaval-valo-egyuttmukodeset\/","title":{"rendered":"Megszak\u00edtja a Majk\u00e1val val\u00f3 egy\u00fcttm\u0171k\u00f6d\u00e9s\u00e9t"},"content":{"rendered":"<h3>A k\u00f6zlem\u00e9ny szerint Majka megny\/l\/\u00e1nul\/sai ellent\u00e9tesek a 4iG Csoport alap\u00e9rt\u00e9keivel \u00e9s szerz\u0151d\u00e9sben megfogalmazott elv\u00e1r\u00e1saival, valamint \u00e9les ellent\u00e9tben \u00e1llnak a One \u00e1ltal k\u00e9pviselt \u00e9rt\u00e9kekkel \u2013 \u00edrja az mmonline. Hozz\u00e1tett\u00e9k, hogy a One Magyarorsz\u00e1g elk\u00f6telezett a politikai \u00e9s vil\u00e1gn\u00e9zeti semlegess\u00e9g, \u00e9s a t\u00e1rsadalmi sok\/z\u00edn\u0171s\/g tiszteletben tart\u00e1sa mellett.<\/h3>\n<h3><span style=\"color: #ff0000;\"><strong>A h\u00edr nem \u00e9rt v\u00e9get! Folytat\u00e1shoz haszn\u00e1ld a K\u00d6VETKEZ\u0150 OLDAL gombot!<\/strong><\/span><\/h3>\n<h3 style=\"text-align: right;\"><a href=\"https:\/\/matrend.hu\/maitrend\/?p=3133\" target=\"_blank\" rel=\"noopener\"><span style=\"color: #ff0000;\">&#8212;&gt;&gt; K\u00d6VETKEZ\u0150 OLDAL<\/span><\/a><\/h3>\n<p>&#8211;<\/p>\n<p>A megszokott Defender-modellekhez hasonl\u00f3an ez az Octa-v\u00e1ltozat is t\u00e1gas \u00e9s praktikus bels\u0151 t\u00e9rrel rendelkezik. Csak a hossz\u00fa, 110-es karossz\u00e9riav\u00e1ltozatban \u00e9rhet\u0151 el, ami n\u00e9gy teljes m\u00e9ret\u0171 ajt\u00f3t \u00e9s egy oldalra ny\u00edl\u00f3 h\u00e1ts\u00f3 ajt\u00f3t jelent. Ez ut\u00f3bbihoz k\u00edv\u00fclr\u0151l egy p\u00f3tker\u00e9k is csatlakozik, ami sokszor megnehez\u00edti a csomagtart\u00f3hoz val\u00f3 hozz\u00e1f\u00e9r\u00e9st, k\u00fcl\u00f6n\u00f6sen sz\u0171k parkol\u00f3helyeken \u2013 ez\u00e9rt sok Defender-tulajdonos ink\u00e1bb orral beparkol, hogy elker\u00fclje a probl\u00e9m\u00e1t. Az Octa kiz\u00e1r\u00f3lag \u00f6t\u00fcl\u00e9ses v\u00e1ltozatban kaphat\u00f3, viszont minden utas b\u0151s\u00e9ges l\u00e1b- \u00e9s fejteret kap, \u00edgy a hosszabb utaz\u00e1sok is k\u00e9nyelmesen telnek.<\/p>\n<p>Ha jobban k\u00f6r\u00fcln\u00e9z\u00fcnk a bels\u0151 t\u00e9rben, apr\u00f3 r\u00e9szleteket is felfedezhet\u00fcnk, p\u00e9ld\u00e1ul kis fekete gy\u00e9m\u00e1ntmot\u00edvumokat. Ezek az Octa k\u00fcl\u00f6nkiad\u00e1s jellemz\u0151 embl\u00e9m\u00e1i, \u00e9s t\u00f6bb helyen is felt\u0171nnek, p\u00e9ld\u00e1ul a korm\u00e1nyker\u00e9k hat \u00f3r\u00e1n\u00e1l elhelyezett menetm\u00f3dv\u00e1laszt\u00f3 gombj\u00e1n.<\/p>\n<p>Ezen k\u00edv\u00fcl a kabinban sok praktikus t\u00e1rol\u00f3hely tal\u00e1lhat\u00f3. Az egyik leg\u00e9rdekesebb ezek k\u00f6z\u00fcl a k\u00f6z\u00e9pkonzol, amely nyitott kialak\u00edt\u00e1s\u00fa, \u00e9s egy rejtett, kih\u00fazhat\u00f3 t\u00e1lc\u00e1t is tartalmaz. Az utasoldali m\u0171szerfalr\u00e9szen m\u00e9g egy USB-C csatlakoz\u00f3 is helyet kapott, amely j\u00f3l j\u00f6het a telefonok vagy egy\u00e9b eszk\u00f6z\u00f6k t\u00f6lt\u00e9s\u00e9re.<\/p>\n<p>A JLR (Jaguar Land Rover) Pivi Pro nev\u0171 infotainment rendszere is r\u00e9sz\u00e9t k\u00e9pezi az aut\u00f3 felszerelts\u00e9g\u00e9nek. Ez a rendszer \u00e1ltal\u00e1ban k\u00f6nnyen kezelhet\u0151, \u00e9s k\u00fcl\u00f6n kijelz\u0151m\u00f3dokkal is rendelkezik, amelyek terepen val\u00f3 k\u00f6zleked\u00e9s sor\u00e1n seg\u00edtik a vezet\u0151t. P\u00e9ld\u00e1ul k\u00fcls\u0151 kamer\u00e1k seg\u00edts\u00e9g\u00e9vel jobban meg\u00edt\u00e9lhetj\u00fck, hol vannak az aut\u00f3 sz\u00e9lei, \u00e9s hogyan tudunk \u00e1thaladni akad\u00e1lyokon vagy nehezebb terepen.<\/p>\n<p>A f\u00e9krendszer is b\u0151ven fel van k\u00e9sz\u00edtve a teljes\u00edtm\u00e9nyhez m\u00e9rten: az \u00faj, 400 mm-es Brembo els\u0151 f\u00e9kt\u00e1rcs\u00e1k k\u00f6nnyed\u00e9n \u00e9s hat\u00e1rozottan lass\u00edtj\u00e1k az aut\u00f3t a legt\u00f6bb helyzetben. A f\u00e9kped\u00e1l hat\u00e1rozott \u00e9rzetet ny\u00fajt, ami \u00f6nbizalmat ad vezet\u00e9s k\u00f6zben. Ugyanakkor nem szabad elfelejteni, hogy ez az aut\u00f3 neh\u00e9z, m\u00e9g ha menet k\u00f6zben nem is nagyon \u00e9rz\u0151dik a t\u00f6mege<\/p>\n","protected":false},"excerpt":{"rendered":"<p>A k\u00f6zlem\u00e9ny szerint Majka megny\/l\/\u00e1nul\/sai ellent\u00e9tesek a 4iG Csoport alap\u00e9rt\u00e9keivel \u00e9s szerz\u0151d\u00e9sben megfogalmazott elv\u00e1r\u00e1saival, valamint \u00e9les ellent\u00e9tben \u00e1llnak a One&#8230; <span class=\"gridview-grid-post-read-more\"><a href=\"https:\/\/matrend.hu\/nekedinfo\/megszakitja-a-majkaval-valo-egyuttmukodeset\/\">read more<span class=\"gridview-sr-only\"> Megszak\u00edtja a Majk\u00e1val val\u00f3 egy\u00fcttm\u0171k\u00f6d\u00e9s\u00e9t<\/span><\/a><\/span><\/p>\n","protected":false},"author":1,"featured_media":3128,"comment_status":"open","ping_status":"open","sticky":false,"template":"","format":"standard","meta":{"footnotes":""},"categories":[1],"tags":[],"class_list":["post-3127","post","type-post","status-publish","format-standard","has-post-thumbnail","hentry","category-egyeb","wpcat-1-id"],"_links":{"self":[{"href":"https:\/\/matrend.hu\/nekedinfo\/wp-json\/wp\/v2\/posts\/3127","targetHints":{"allow":["GET"]}}],"collection":[{"href":"https:\/\/matrend.hu\/nekedinfo\/wp-json\/wp\/v2\/posts"}],"about":[{"href":"https:\/\/matrend.hu\/nekedinfo\/wp-json\/wp\/v2\/types\/post"}],"author":[{"embeddable":true,"href":"https:\/\/matrend.hu\/nekedinfo\/wp-json\/wp\/v2\/users\/1"}],"replies":[{"embeddable":true,"href":"https:\/\/matrend.hu\/nekedinfo\/wp-json\/wp\/v2\/comments?post=3127"}],"version-history":[{"count":1,"href":"https:\/\/matrend.hu\/nekedinfo\/wp-json\/wp\/v2\/posts\/3127\/revisions"}],"predecessor-version":[{"id":3129,"href":"https:\/\/matrend.hu\/nekedinfo\/wp-json\/wp\/v2\/posts\/3127\/revisions\/3129"}],"wp:featuredmedia":[{"embeddable":true,"href":"https:\/\/matrend.hu\/nekedinfo\/wp-json\/wp\/v2\/media\/3128"}],"wp:attachment":[{"href":"https:\/\/matrend.hu\/nekedinfo\/wp-json\/wp\/v2\/media?parent=3127"}],"wp:term":[{"taxonomy":"category","embeddable":true,"href":"https:\/\/matrend.hu\/nekedinfo\/wp-json\/wp\/v2\/categories?post=3127"},{"taxonomy":"post_tag","embeddable":true,"href":"https:\/\/matrend.hu\/nekedinfo\/wp-json\/wp\/v2\/tags?post=3127"}],"curies":[{"name":"wp","href":"https:\/\/api.w.org\/{rel}","templated":true}]}}