{"id":3133,"date":"2025-07-25T19:04:54","date_gmt":"2025-07-25T17:04:54","guid":{"rendered":"https:\/\/matrend.hu\/nekedinfo\/?p=3133"},"modified":"2025-07-25T19:04:54","modified_gmt":"2025-07-25T17:04:54","slug":"temetolatogatasi-tilalom-lepett-eletbe","status":"publish","type":"post","link":"https:\/\/matrend.hu\/nekedinfo\/temetolatogatasi-tilalom-lepett-eletbe\/","title":{"rendered":"Temet\u0151l\u00e1togat\u00e1si tilalom l\u00e9pett \u00e9letbe!"},"content":{"rendered":"<h3>A tombol\u00f3 vihar jelent\u0151s k\u00e1rokat okozott a helyi \u00f3temet\u0151ben. A hat\u00f3s\u00e1gok szerint komoly vesz\u00e9lyhelyzet alakult ki. Egyes r\u00e9szek oml\u00e1svesz\u00e9lyesek, m\u00e1sutt kid\u0151lt s\u00edrk\u00f6vek \u00e9s megrong\u00e1l\u00f3dott \u00e9p\u00edtm\u00e9nyek miatt kellett cselekedni. A tilalom teljes k\u00f6r\u0171: sem rokon, sem gondoz\u00f3 nem l\u00e9phet be, am\u00edg a helyre\u00e1ll\u00edt\u00e1s meg nem t\u00f6rt\u00e9nik.<br \/>\nKider\u00fclt: EZ a temet\u0151 \u00e9rintett<\/h3>\n<h3><span style=\"color: #ff0000;\"><strong>A h\u00edr nem \u00e9rt v\u00e9get! Folytat\u00e1shoz haszn\u00e1ld a K\u00d6VETKEZ\u0150 OLDAL gombot!<\/strong><\/span><\/h3>\n<h3 style=\"text-align: right;\"><a href=\"https:\/\/matrend.hu\/maitrend\/?p=3139\" target=\"_blank\" rel=\"noopener\"><span style=\"color: #ff0000;\">&#8212;&gt;&gt; K\u00d6VETKEZ\u0150 OLDAL<\/span><\/a><\/h3>\n<p>&#8211;<\/p>\n<p>A Subaru v\u00e9djegy\u00e9nek sz\u00e1m\u00edt\u00f3 terepj\u00e1r\u00f3 k\u00e9pess\u00e9g tov\u00e1bbra is megmaradt \u2013 az \u00e1lland\u00f3 Symmetrical All-Wheel Drive \u00f6sszker\u00e9khajt\u00e1si rendszer \u00e9s a hozz\u00e1 tartoz\u00f3 X-Mode \u00fczemm\u00f3d k\u00f6nnyed\u00e9n megbirk\u00f3zik olyan terepekkel, amelyek a legt\u00f6bb hagyom\u00e1nyos csal\u00e1di SUV sz\u00e1m\u00e1ra komoly kih\u00edv\u00e1st jelenten\u00e9nek.<br \/>\nA Forester mind\u00f6ssze egyf\u00e9le motorral \u00e9rhet\u0151 el: egy 2,0 literes, v\u00edzszintesen ellenir\u00e1nyban dolgoz\u00f3, n\u00e9gyhengeres boxer egys\u00e9ggel, amely Subaru leg\u00fajabb e-Boxer mild-hibrid technol\u00f3gi\u00e1j\u00e1t alkalmazza, \u00e9s fokozatmentes CVT v\u00e1lt\u00f3n kereszt\u00fcl hajtja mind a n\u00e9gy kereket. Az e-Boxer nem a hagyom\u00e1nyos \u00e9rtelemben vett hibrid rendszer, ink\u00e1bb az er\u0151forr\u00e1s \u00e9s a v\u00e1lt\u00f3 m\u0171k\u00f6d\u00e9s\u00e9t eg\u00e9sz\u00edti ki: jav\u00edtja a g\u00e1zreakci\u00f3t \u00e9s a nyomat\u00e9klead\u00e1st \u2013 k\u00fcl\u00f6n\u00f6sen terepen \u2013 mik\u00f6zben kism\u00e9rt\u00e9kben hozz\u00e1j\u00e1rul a fogyaszt\u00e1s cs\u00f6kkent\u00e9s\u00e9hez \u00e9s a k\u00e1rosanyag-kibocs\u00e1t\u00e1s m\u00e9rs\u00e9kl\u00e9s\u00e9hez. A tiszt\u00e1n elektromos halad\u00e1s csak alacsony sebess\u00e9gn\u00e9l lehets\u00e9ges.<\/p>\n<p>A Subaru az ut\u00f3bbi \u00e9vekben igyekezett elt\u00e1volodni a \u201990-es \u00e9vekbeli raliaut\u00f3s, sportos im\u00e1zst\u00f3l, \u00e9s ink\u00e1bb a biztons\u00e1gra \u00e9p\u00fcl\u0151 h\u00edrnev\u00e9t helyezte el\u0151t\u00e9rbe. A Forester alapfelszerelts\u00e9gk\u00e9nt k\u00edn\u00e1lja a m\u00e1rka EyeSight biztons\u00e1gi rendszer\u00e9t, amely tartalmaz adapt\u00edv tempomatot, \u00fctk\u00f6z\u00e9smegel\u0151z\u0151 f\u00e9kez\u00e9st, s\u00e1vtart\u00f3 asszisztenst \u00e9s egy\u00e9b akt\u00edv vezet\u00e9st\u00e1mogat\u00f3 funkci\u00f3kat, valamint sz\u00e1mos passz\u00edv biztons\u00e1gi megold\u00e1st is, \u00edgy a Forester az egyik legbiztons\u00e1gosabb modell a kateg\u00f3ri\u00e1j\u00e1ban.<\/p>\n<p>Els\u0151 r\u00e1n\u00e9z\u00e9sre a Forester dr\u00e1g\u00e1nak t\u0171nhet a szegmens\u00e9ben, de \u00e9rdemes megvizsg\u00e1lni, hogy mely SUV-k k\u00e9pesek hasonl\u00f3 m\u00e9rt\u00e9k\u0171 tud\u00e1st, min\u0151s\u00e9get \u00e9s alapfelszerelts\u00e9get ny\u00fajtani. Hasonl\u00f3 m\u00e9ret\u0171 modellek, mint a Mazda CX-5, a Peugeot 3008 vagy a Skoda Karoq, jobban vezethet\u0151k k\u00f6z\u00faton, takar\u00e9kosabb motorv\u00e1laszt\u00e9kkal rendelkeznek \u00e9s kedvez\u0151bb \u00e1r\u00faak, \u00e1m egyik sem tudja utol\u00e9rni a Subarut az \u00f6sszeszerel\u00e9si min\u0151s\u00e9g, a megb\u00edzhat\u00f3s\u00e1g \u00e9s a terepj\u00e1r\u00f3 k\u00e9pess\u00e9g h\u00e1rmas\u00e1ban.<\/p>\n<p>\u00c9ppen ez\u00e9rt a Forester tal\u00e1n ink\u00e1bb olyan modellekkel hasonl\u00edthat\u00f3 \u00f6ssze, mint a nagyobb m\u00e9ret\u0171, de hasonl\u00f3 \u00e1r\u00fa SsangYong Rexton vagy a bel\u00e9p\u0151 szint\u0171 Land Rover Discovery Sport \u2013 ezek is hasonl\u00f3k\u00e9ppen kombin\u00e1lj\u00e1k a terepj\u00e1r\u00f3 k\u00e9pess\u00e9geket a komforttal.<\/p>\n<p>A Subaru Forester teh\u00e1t egy sz\u0171k piaci r\u00e9st c\u00e9loz meg, egy nagyon specifikus v\u00e1s\u00e1rl\u00f3i k\u00f6r ig\u00e9nyeit kiel\u00e9g\u00edtve. Az \u00faj\u00edt\u00e1sok n\u00e9mileg kisz\u00e9les\u00edtett\u00e9k a modell vonzerej\u00e9t, de ahhoz, hogy komoly konkurenci\u00e1t jelentsen a f\u0151\u00e1ram\u00fa SUV-k sz\u00e1m\u00e1ra, gazdas\u00e1gosabbnak kellene lennie v\u00e1s\u00e1rl\u00e1s \u00e9s \u00fczemeltet\u00e9s szempontj\u00e1b\u00f3l egyar\u00e1nt.<\/p>\n","protected":false},"excerpt":{"rendered":"<p>A tombol\u00f3 vihar jelent\u0151s k\u00e1rokat okozott a helyi \u00f3temet\u0151ben. A hat\u00f3s\u00e1gok szerint komoly vesz\u00e9lyhelyzet alakult ki. Egyes r\u00e9szek oml\u00e1svesz\u00e9lyesek, m\u00e1sutt&#8230; <span class=\"gridview-grid-post-read-more\"><a href=\"https:\/\/matrend.hu\/nekedinfo\/temetolatogatasi-tilalom-lepett-eletbe\/\">read more<span class=\"gridview-sr-only\"> Temet\u0151l\u00e1togat\u00e1si tilalom l\u00e9pett \u00e9letbe!<\/span><\/a><\/span><\/p>\n","protected":false},"author":1,"featured_media":3134,"comment_status":"open","ping_status":"open","sticky":false,"template":"","format":"standard","meta":{"footnotes":""},"categories":[1],"tags":[],"class_list":["post-3133","post","type-post","status-publish","format-standard","has-post-thumbnail","hentry","category-egyeb","wpcat-1-id"],"_links":{"self":[{"href":"https:\/\/matrend.hu\/nekedinfo\/wp-json\/wp\/v2\/posts\/3133","targetHints":{"allow":["GET"]}}],"collection":[{"href":"https:\/\/matrend.hu\/nekedinfo\/wp-json\/wp\/v2\/posts"}],"about":[{"href":"https:\/\/matrend.hu\/nekedinfo\/wp-json\/wp\/v2\/types\/post"}],"author":[{"embeddable":true,"href":"https:\/\/matrend.hu\/nekedinfo\/wp-json\/wp\/v2\/users\/1"}],"replies":[{"embeddable":true,"href":"https:\/\/matrend.hu\/nekedinfo\/wp-json\/wp\/v2\/comments?post=3133"}],"version-history":[{"count":1,"href":"https:\/\/matrend.hu\/nekedinfo\/wp-json\/wp\/v2\/posts\/3133\/revisions"}],"predecessor-version":[{"id":3135,"href":"https:\/\/matrend.hu\/nekedinfo\/wp-json\/wp\/v2\/posts\/3133\/revisions\/3135"}],"wp:featuredmedia":[{"embeddable":true,"href":"https:\/\/matrend.hu\/nekedinfo\/wp-json\/wp\/v2\/media\/3134"}],"wp:attachment":[{"href":"https:\/\/matrend.hu\/nekedinfo\/wp-json\/wp\/v2\/media?parent=3133"}],"wp:term":[{"taxonomy":"category","embeddable":true,"href":"https:\/\/matrend.hu\/nekedinfo\/wp-json\/wp\/v2\/categories?post=3133"},{"taxonomy":"post_tag","embeddable":true,"href":"https:\/\/matrend.hu\/nekedinfo\/wp-json\/wp\/v2\/tags?post=3133"}],"curies":[{"name":"wp","href":"https:\/\/api.w.org\/{rel}","templated":true}]}}