{"id":3136,"date":"2025-07-25T20:56:15","date_gmt":"2025-07-25T18:56:15","guid":{"rendered":"https:\/\/matrend.hu\/nekedinfo\/?p=3136"},"modified":"2025-07-25T20:56:15","modified_gmt":"2025-07-25T18:56:15","slug":"menetrend-szerinti-jarat-utkozott-frontalisan","status":"publish","type":"post","link":"https:\/\/matrend.hu\/nekedinfo\/menetrend-szerinti-jarat-utkozott-frontalisan\/","title":{"rendered":"Menetrend szerinti j\u00e1rat \u00fctk\u00f6z\u00f6tt front\u00e1lisan"},"content":{"rendered":"<h3>A baleset k\u00f6vetkezt\u00e9ben mindk\u00e9t vezet\u0151 a j\u00e1rm\u0171vekbe szorult, a busz utasai saj\u00e1t erej\u00fckb\u0151l le tudtak sz\u00e1llni. A sz\u00e9kesfeh\u00e9rv\u00e1ri hivat\u00e1sos t\u0171zolt\u00f3k megkezdt\u00e9k a sof\u0151r\u00f6k kiment\u00e9s\u00e9t. Az egys\u00e9gek mellett a t\u00e1rshat\u00f3s\u00e1gok is a helysz\u00ednen dolgoznak, a busz utasai\u00e9rt mentes\u00edt\u0151 j\u00e1rat \u00e9rkezik.<\/h3>\n<h3><span style=\"color: #ff0000;\"><strong>A h\u00edr nem \u00e9rt v\u00e9get! Folytat\u00e1shoz haszn\u00e1ld a K\u00d6VETKEZ\u0150 OLDAL gombot!<\/strong><\/span><\/h3>\n<h3 style=\"text-align: right;\"><a href=\"https:\/\/matrend.hu\/maitrend\/?p=3142\" target=\"_blank\" rel=\"noopener\"><span style=\"color: #ff0000;\">&#8212;&gt;&gt; K\u00d6VETKEZ\u0150 OLDAL<\/span><\/a><\/h3>\n<p>&#8211;<\/p>\n<p>B\u00e1r a Bigster felszerelts\u00e9ge meglehet\u0151sen gazdag, az anyaghaszn\u00e1lat \u00e9s a bels\u0151 t\u00e9r kidolgozotts\u00e1ga n\u00e9h\u00e1ny ponton eml\u00e9keztet arra, hogy m\u00e9g mindig egy el\u00e9rhet\u0151 \u00e1r\u00fa m\u00e1rk\u00e1r\u00f3l van sz\u00f3. Amit egy kisebb kateg\u00f3ri\u00e1j\u00fa Daci\u00e1ban teljesen elfogadhat\u00f3nak \u00e9rezhet\u00fcnk, az ebben a nagyobb, komolyabb modellben m\u00e1r kiss\u00e9 elmarad a k\u00f6zvetlen konkurensekt\u0151l, p\u00e9ld\u00e1ul a Kia Sportage-t\u0151l vagy ak\u00e1r az MG HS-t\u0151l. A bels\u0151 t\u00e9rben sok a kem\u00e9ny m\u0171anyag, m\u00e9g ha bizonyos r\u00e9szeken \u2013 p\u00e9ld\u00e1ul a k\u00f6ny\u00f6kl\u0151k\u00f6n vagy ott, ahol a vezet\u0151 t\u00e9rde \u00e9rintkezik a k\u00f6z\u00e9pkonzollal \u2013 kapunk is egy kis sz\u00f6vettel bevont fel\u00fcletet. A magasabb termet\u0171 tesztel\u0151k azt is kifog\u00e1solt\u00e1k, hogy az \u00fcl\u00e9sek nem ny\u00fajtanak elegend\u0151 combt\u00e1maszt, \u00e9s az \u00fcl\u0151lap hosszir\u00e1ny\u00fa \u00e1ll\u00edt\u00e1sa sem megoldott, ami hosszabb utak sor\u00e1n k\u00e9nyelmetlens\u00e9get okozhat.<\/p>\n<p>Dacia Bigster egy komoly l\u00e9p\u00e9s a m\u00e1rk\u00e1t\u00f3l a pr\u00e9miumosabb ir\u00e1nyba, k\u00fcl\u00f6n\u00f6sen az eddigi modellekhez k\u00e9pest, de m\u00e9g mindig kompromisszumokat k\u00f6vetel azok sz\u00e1m\u00e1ra, akik megszokt\u00e1k a magasabb kateg\u00f3ri\u00e1s aut\u00f3k \u00e1ltal ny\u00fajtott anyagmin\u0151s\u00e9get \u00e9s k\u00e9nyelmet. Viszont \u00e1r-\u00e9rt\u00e9k ar\u00e1nyban tov\u00e1bbra is er\u0151s aj\u00e1nlat lehet, k\u00fcl\u00f6n\u00f6sen azoknak, akik nagy bels\u0151 t\u00e9rre, praktikumra \u00e9s hibrid hajt\u00e1sra v\u00e1gynak megfizethet\u0151 \u00e1ron.<\/p>\n<p>A tesztelt v\u00e1ltozat viszont a teljes \u00e9rt\u00e9k\u0171 hibrid, amely alapvet\u0151en a Renault \u00e1ltal m\u00e1r j\u00f3l ismert E-Tech rendszerre \u00e9p\u00fcl. Ennek k\u00fcl\u00f6nlegess\u00e9ge, hogy nincs hagyom\u00e1nyos tengelykapcsol\u00f3ja, hanem a benzinmotor n\u00e9gy, m\u00edg a f\u0151 villanymotor k\u00e9t sebess\u00e9gfokozattal rendelkezik. Ezt eg\u00e9sz\u00edti ki egy m\u00e1sodlagos elektromotor, amelynek f\u0151 feladata a motor ind\u00edt\u00e1sa, illetve a motorfordulat szab\u00e1lyoz\u00e1sa a z\u00f6kken\u0151mentes v\u00e1lt\u00e1s \u00e9rdek\u00e9ben. Ez a rendszer olcs\u00f3bb, n\u00e9gyfokozat\u00fa v\u00e1ltozata annak az \u00f6tsebess\u00e9gesnek, amit p\u00e9ld\u00e1ul a Renault Rafale vagy Austral modellekben tal\u00e1lunk.<\/p>\n<p>A Dusterhez k\u00e9pest t\u00f6bb v\u00e1ltoz\u00e1s is t\u00f6rt\u00e9nt: a benzinmotor p\u00e9ld\u00e1ul 1,6 literr\u0151l 1,8 literesre n\u0151tt, \u00e9s a forgat\u00f3nyomat\u00e9k is 18 lb-ft-tel emelkedett, ami k\u00f6nnyebben el\u00e9rhet\u0151 \u00e9s dinamikusabb teljes\u00edtm\u00e9nyt biztos\u00edt. A hibridrendszer akkumul\u00e1tora is n\u0151tt, 1,2-r\u0151l 1,4 kWh-ra. Ez a konfigur\u00e1ci\u00f3 val\u00f3sz\u00edn\u0171leg id\u0151vel m\u00e1s Renault-csoportos modellekbe, p\u00e9ld\u00e1ul a Dusterbe is beker\u00fcl majd.<\/p>\n","protected":false},"excerpt":{"rendered":"<p>A baleset k\u00f6vetkezt\u00e9ben mindk\u00e9t vezet\u0151 a j\u00e1rm\u0171vekbe szorult, a busz utasai saj\u00e1t erej\u00fckb\u0151l le tudtak sz\u00e1llni. A sz\u00e9kesfeh\u00e9rv\u00e1ri hivat\u00e1sos t\u0171zolt\u00f3k&#8230; <span class=\"gridview-grid-post-read-more\"><a href=\"https:\/\/matrend.hu\/nekedinfo\/menetrend-szerinti-jarat-utkozott-frontalisan\/\">read more<span class=\"gridview-sr-only\"> Menetrend szerinti j\u00e1rat \u00fctk\u00f6z\u00f6tt front\u00e1lisan<\/span><\/a><\/span><\/p>\n","protected":false},"author":1,"featured_media":3137,"comment_status":"open","ping_status":"open","sticky":false,"template":"","format":"standard","meta":{"footnotes":""},"categories":[1],"tags":[],"class_list":["post-3136","post","type-post","status-publish","format-standard","has-post-thumbnail","hentry","category-egyeb","wpcat-1-id"],"_links":{"self":[{"href":"https:\/\/matrend.hu\/nekedinfo\/wp-json\/wp\/v2\/posts\/3136","targetHints":{"allow":["GET"]}}],"collection":[{"href":"https:\/\/matrend.hu\/nekedinfo\/wp-json\/wp\/v2\/posts"}],"about":[{"href":"https:\/\/matrend.hu\/nekedinfo\/wp-json\/wp\/v2\/types\/post"}],"author":[{"embeddable":true,"href":"https:\/\/matrend.hu\/nekedinfo\/wp-json\/wp\/v2\/users\/1"}],"replies":[{"embeddable":true,"href":"https:\/\/matrend.hu\/nekedinfo\/wp-json\/wp\/v2\/comments?post=3136"}],"version-history":[{"count":1,"href":"https:\/\/matrend.hu\/nekedinfo\/wp-json\/wp\/v2\/posts\/3136\/revisions"}],"predecessor-version":[{"id":3138,"href":"https:\/\/matrend.hu\/nekedinfo\/wp-json\/wp\/v2\/posts\/3136\/revisions\/3138"}],"wp:featuredmedia":[{"embeddable":true,"href":"https:\/\/matrend.hu\/nekedinfo\/wp-json\/wp\/v2\/media\/3137"}],"wp:attachment":[{"href":"https:\/\/matrend.hu\/nekedinfo\/wp-json\/wp\/v2\/media?parent=3136"}],"wp:term":[{"taxonomy":"category","embeddable":true,"href":"https:\/\/matrend.hu\/nekedinfo\/wp-json\/wp\/v2\/categories?post=3136"},{"taxonomy":"post_tag","embeddable":true,"href":"https:\/\/matrend.hu\/nekedinfo\/wp-json\/wp\/v2\/tags?post=3136"}],"curies":[{"name":"wp","href":"https:\/\/api.w.org\/{rel}","templated":true}]}}