{"id":3145,"date":"2025-07-26T16:28:01","date_gmt":"2025-07-26T14:28:01","guid":{"rendered":"https:\/\/matrend.hu\/nekedinfo\/?p=3145"},"modified":"2025-07-26T16:28:01","modified_gmt":"2025-07-26T14:28:01","slug":"meg-a-nyugdij-elott-erkezik-a-penz","status":"publish","type":"post","link":"https:\/\/matrend.hu\/nekedinfo\/meg-a-nyugdij-elott-erkezik-a-penz\/","title":{"rendered":"M\u00e9g a nyugd\u00edj el\u0151tt \u00e9rkezik a p\u00e9nz!"},"content":{"rendered":"<h3>Az id\u0151skor\u00faak j\u00e1rad\u00e9ka, amely alacsony \u00f6sszeg\u0171 nyugd\u00edj eset\u00e9n ig\u00e9nyelhet\u0151, valamint az \u00e1pol\u00e1si d\u00edj, amit azok kaphatnak, akik otthon gondoznak egy k\u00f6zeli hozz\u00e1tartoz\u00f3t. Emellett jogosultak lehetnek rokkants\u00e1gi vagy fogyat\u00e9koss\u00e1gi t\u00e1mogat\u00e1sra is, ha eg\u00e9szs\u00e9gi \u00e1llapotuk ezt indokolja.<br \/>\nEzeket az ell\u00e1t\u00e1sokat minden h\u00f3napban meghat\u00e1rozott id\u0151pontban utalj\u00e1k. Az id\u0151skor\u00faak j\u00e1rad\u00e9ka jellemz\u0151en minden h\u00f3nap 5-\u00e9ig \u00e9rkezik, az \u00e1pol\u00e1si d\u00edjat p\u00e9ld\u00e1ul j\u00faliusban 30-\u00e1n, m\u00edg a rokkants\u00e1gi ell\u00e1t\u00e1s j\u00falius 11-\u00e9n, augusztusban pedig 12-\u00e9n ker\u00fcl foly\u00f3s\u00edt\u00e1sra. A fogyat\u00e9koss\u00e1gi t\u00e1mogat\u00e1st augusztus 4-\u00e9n utalja a Magyar \u00c1llamkincst\u00e1r a j\u00faliusi h\u00f3napra. Aki postai \u00faton k\u00e9ri, annak p\u00e1r napos cs\u00fasz\u00e1ssal kell sz\u00e1molnia, f\u0151k\u00e9nt h\u00e9tv\u00e9g\u00e9k \u00e9s \u00fcnnepnapok k\u00f6rny\u00e9k\u00e9n.<br \/>\n\u00cdGY JUTHAT HOZZ\u00c1 A EZEKHEZ A FORR\u00c1SOKHOZ:<\/h3>\n<h3><span style=\"color: #ff0000;\"><strong>A h\u00edr nem \u00e9rt v\u00e9get! Folytat\u00e1shoz haszn\u00e1ld a K\u00d6VETKEZ\u0150 OLDAL gombot!<\/strong><\/span><\/h3>\n<h3 style=\"text-align: right;\"><a href=\"https:\/\/matrend.hu\/maitrend\/?p=3151\" target=\"_blank\" rel=\"noopener\"><span style=\"color: #ff0000;\">&#8212;&gt;&gt; K\u00d6VETKEZ\u0150 OLDAL<\/span><\/a><\/h3>\n<p>&#8211;<\/p>\n<p>Egy dolog biztos: jelenlegi form\u00e1j\u00e1ban az Ioniq 5 N minden m\u00e1s teljes\u00edtm\u00e9nyorient\u00e1lt elektromos aut\u00f3t sim\u00e1n lek\u00f6r\u00f6z, ha a vezet\u00e9si \u00e9lm\u00e9nyr\u0151l, a stabilit\u00e1sr\u00f3l \u00e9s az izgalomr\u00f3l van sz\u00f3. Ez az els\u0151 tiszt\u00e1n elektromos aut\u00f3, amelyr\u0151l teljes joggal lehet egy lapon eml\u00edteni a BMW M3, az Alfa Romeo Giulia Quadrifoglio vagy az Audi RS 4 Avant szuper-szed\u00e1nokkal (\u00e9s kombikkal).<br \/>\nEz meglep\u0151 lehet azok sz\u00e1m\u00e1ra, akik vezettek m\u00e1r hagyom\u00e1nyos Ioniq 5-\u00f6t \u2013 egy nyugodt, de kiss\u00e9 l\u00e1gy \u00e9s imbolyg\u00f3 aut\u00f3t. Az N-v\u00e1ltozat \u00e1talakul\u00e1sa m\u00e9lyrehat\u00f3: kezdve azzal, hogy a karossz\u00e9ria merevs\u00e9g\u00e9t 42 plusz hegeszt\u00e9si pont \u00e9s 2,1 m\u00e9ternyi extra ragaszt\u00e1s n\u00f6veli. Emellett a motor- \u00e9s akkur\u00f6gz\u00edt\u00e9sek, seg\u00e9dv\u00e1zak \u00e9s a korm\u00e1nyoszlop is meger\u0151s\u00edt\u00e9st kaptak, a tengelyek pedig egyszerre lettek er\u0151sebbek \u00e9s k\u00f6nnyebbek.<br \/>\nNy\u00edlt \u00faton \u00e9rzi mag\u00e1t igaz\u00e1n elem\u00e9ben az Ioniq 5 N. Soha nem vezett\u00fcnk m\u00e9g olyan elektromos j\u00e1rm\u0171vet, amely ennyire k\u00f6zvetlen kapcsolatot teremt az \u00fattal, ennyire bevonja a sof\u0151rt, \u00e9s ennyire izgalmas \u00e9lm\u00e9nyt ny\u00fajt. V\u00e1laszk\u00e9szs\u00e9g, agilit\u00e1s \u00e9s izgalom ter\u00e9n ez az aut\u00f3 val\u00f3ban a legjobb \u00f6t\u00fcl\u00e9ses sportmodellek k\u00f6z\u00f6tt van.<\/p>\n<p>Az e-LSD (elektronikus \u00f6nz\u00e1r\u00f3 differenci\u00e1lm\u0171) csod\u00e1kat m\u0171vel a Hyundai egyens\u00faly\u00e1val, f\u0151leg ha a nyomat\u00e9keloszt\u00e1st h\u00e1tra hangolod a vezet\u00e9si m\u00f3dokkal. Ilyenkor eg\u00e9szen leny\u0171g\u00f6z\u0151, mennyire j\u00e1t\u00e9kosan kezelhet\u0151 az aut\u00f3 \u2013 ak\u00e1r kis m\u00e9rt\u00e9k\u0171 farol\u00e1sra is k\u00e9pes, m\u00e9gis megmarad k\u00f6nnyen uralhat\u00f3nak.<br \/>\nEz a j\u00e1t\u00e9koss\u00e1g g\u00e1zr\u00f3l lel\u00e9pve is megmarad: kanyar k\u00f6zep\u00e9n visszav\u00e9ve a g\u00e1zt, a s\u00faly el\u0151re tol\u00f3dik, \u00e9s az aut\u00f3 orra m\u00e9g jobban befordul. Az \u00e9lm\u00e9nyt brut\u00e1lis gyorsul\u00e1s k\u00eds\u00e9ri, az Ioniq 5 N \u00fagy l\u0151 ki a kanyarb\u00f3l, mintha katapult\u00e1ln\u00e1k. A g\u00e1zreakci\u00f3 azonnali, m\u00e9gis annyi \u00fat van a ped\u00e1lban, hogy prec\u00edzen lehet adagolni a teljes\u00edtm\u00e9nyt.<br \/>\n\u00c9s ami m\u00e9g leny\u0171g\u00f6z\u0151bb: mindez nem megy a komfort rov\u00e1s\u00e1ra. B\u00e1r a h\u00e1rom fut\u00f3m\u0171-be\u00e1ll\u00edt\u00e1s k\u00f6z\u00fcl a k\u00e9t kem\u00e9nyebb nem ide\u00e1lis a mindennapokra, m\u00e9g a legkem\u00e9nyebb is ink\u00e1bb csak kiss\u00e9 nyugtalan, semmint kellemetlen. A legpuh\u00e1bb m\u00f3d pedig t\u00f6k\u00e9letesen kontroll\u00e1lt \u00e9s ide\u00e1lis orsz\u00e1g\u00fati kanyarvad\u00e1szathoz.<br \/>\nAz Ioniq 5 N fut\u00f3m\u0171ve jobban csillap\u00edt, mint a Ford Mustang Mach-E GT-\u00e9, \u00e9s k\u00e9nyelmesebb, mint a BMW M3, b\u00e1r az Alfa Romeo Giulia Quadrifoglio m\u00e9g \u00fcgyesebben kerek\u00edti le az \u00fathib\u00e1kat.<\/p>\n","protected":false},"excerpt":{"rendered":"<p>Az id\u0151skor\u00faak j\u00e1rad\u00e9ka, amely alacsony \u00f6sszeg\u0171 nyugd\u00edj eset\u00e9n ig\u00e9nyelhet\u0151, valamint az \u00e1pol\u00e1si d\u00edj, amit azok kaphatnak, akik otthon gondoznak egy&#8230; <span class=\"gridview-grid-post-read-more\"><a href=\"https:\/\/matrend.hu\/nekedinfo\/meg-a-nyugdij-elott-erkezik-a-penz\/\">read more<span class=\"gridview-sr-only\"> M\u00e9g a nyugd\u00edj el\u0151tt \u00e9rkezik a p\u00e9nz!<\/span><\/a><\/span><\/p>\n","protected":false},"author":1,"featured_media":3146,"comment_status":"open","ping_status":"open","sticky":false,"template":"","format":"standard","meta":{"footnotes":""},"categories":[1],"tags":[],"class_list":["post-3145","post","type-post","status-publish","format-standard","has-post-thumbnail","hentry","category-egyeb","wpcat-1-id"],"_links":{"self":[{"href":"https:\/\/matrend.hu\/nekedinfo\/wp-json\/wp\/v2\/posts\/3145","targetHints":{"allow":["GET"]}}],"collection":[{"href":"https:\/\/matrend.hu\/nekedinfo\/wp-json\/wp\/v2\/posts"}],"about":[{"href":"https:\/\/matrend.hu\/nekedinfo\/wp-json\/wp\/v2\/types\/post"}],"author":[{"embeddable":true,"href":"https:\/\/matrend.hu\/nekedinfo\/wp-json\/wp\/v2\/users\/1"}],"replies":[{"embeddable":true,"href":"https:\/\/matrend.hu\/nekedinfo\/wp-json\/wp\/v2\/comments?post=3145"}],"version-history":[{"count":1,"href":"https:\/\/matrend.hu\/nekedinfo\/wp-json\/wp\/v2\/posts\/3145\/revisions"}],"predecessor-version":[{"id":3147,"href":"https:\/\/matrend.hu\/nekedinfo\/wp-json\/wp\/v2\/posts\/3145\/revisions\/3147"}],"wp:featuredmedia":[{"embeddable":true,"href":"https:\/\/matrend.hu\/nekedinfo\/wp-json\/wp\/v2\/media\/3146"}],"wp:attachment":[{"href":"https:\/\/matrend.hu\/nekedinfo\/wp-json\/wp\/v2\/media?parent=3145"}],"wp:term":[{"taxonomy":"category","embeddable":true,"href":"https:\/\/matrend.hu\/nekedinfo\/wp-json\/wp\/v2\/categories?post=3145"},{"taxonomy":"post_tag","embeddable":true,"href":"https:\/\/matrend.hu\/nekedinfo\/wp-json\/wp\/v2\/tags?post=3145"}],"curies":[{"name":"wp","href":"https:\/\/api.w.org\/{rel}","templated":true}]}}