{"id":3148,"date":"2025-07-26T22:05:32","date_gmt":"2025-07-26T20:05:32","guid":{"rendered":"https:\/\/matrend.hu\/nekedinfo\/?p=3148"},"modified":"2025-07-26T22:05:32","modified_gmt":"2025-07-26T20:05:32","slug":"figyelem-masodfoku-riasztast-adtak-ki","status":"publish","type":"post","link":"https:\/\/matrend.hu\/nekedinfo\/figyelem-masodfoku-riasztast-adtak-ki\/","title":{"rendered":"Figyelem! M\u00e1sodfok\u00fa riaszt\u00e1st adtak ki!"},"content":{"rendered":"<h3>5 centim\u00e9tern\u00e9l is nagyobb j\u00e9gdarabok \u00e9s felh\u0151szakad\u00e1s k\u00eds\u00e9rheti! A k\u00e9s\u0151 d\u00e9lut\u00e1ni \u00f3r\u00e1kt\u00f3l els\u0151k\u00e9nt a Tisz\u00e1nt\u00falon alakulhatnak ki heves zivatarok, de est\u00e9re m\u00e1r b\u00e1rhol el\u0151fordulhatnak viharos esem\u00e9nyek, amelyek \u00e9jszak\u00e1ra is kitarthatnak. MUTATJUK A R\u00c9SZLETEKET!<\/h3>\n<h3><span style=\"color: #ff0000;\"><strong>A h\u00edr nem \u00e9rt v\u00e9get! Folytat\u00e1shoz haszn\u00e1ld a K\u00d6VETKEZ\u0150 OLDAL gombot!<\/strong><\/span><\/h3>\n<h3 style=\"text-align: right;\"><a href=\"https:\/\/matrend.hu\/maitrend\/?p=3154\" target=\"_blank\" rel=\"noopener\"><span style=\"color: #ff0000;\">&#8212;&gt;&gt; K\u00d6VETKEZ\u0150 OLDAL<\/span><\/a><\/h3>\n<p>&#8211;<\/p>\n<p>A Renault Austral megjelen\u00e9s\u00e9t mostanra finom\u00edtott\u00e1k, \u00e9s ezek a v\u00e1ltoztat\u00e1sok kifejezetten j\u00f3t tettek az aut\u00f3 k\u00fclsej\u00e9nek. Legal\u00e1bbis az \u00e9n v\u00e9lem\u00e9nyem szerint hat\u00e1rozottabb, sportosabb karaktert kapott, ami vonz\u00f3bb\u00e1 teszi az \u00f6sszhat\u00e1st, mint kor\u00e1bban.<\/p>\n<p>A motorh\u00e1ztet\u0151 alatt tov\u00e1bbra is ugyanaz a 129 l\u00f3er\u0151s, 1,2 literes, turb\u00f3felt\u00f6lt\u0151s h\u00e1romhengeres benzinmotor dolgozik, amelyhez egy 67 l\u00f3er\u0151s elektromos motor is t\u00e1rsul. Ezek egy\u00fcttm\u0171k\u00f6dnek egy 1,7 kWh kapacit\u00e1s\u00fa akkumul\u00e1torral, \u00edgy egy teljes \u00e9rt\u00e9k\u0171 hibrid hajt\u00e1sl\u00e1ncot alkotnak.<\/p>\n<p>A v\u00e1lt\u00f3 \u00fagynevezett \u201emultim\u00f3dos\u201d rendszer\u0171, amelyet mostanra tov\u00e1bbfejlesztettek, hogy gyorsabban reag\u00e1ljon a vezet\u0151 utas\u00edt\u00e1saira, \u00e9s hogy a kor\u00e1bban \u00e9rezhet\u0151 teljes\u00edtm\u00e9ny-ingadoz\u00e1sokat, \u201eholt pontokat\u201d kisim\u00edts\u00e1k. Ez az automata v\u00e1lt\u00f3 kuplung n\u00e9lk\u00fcli, \u00e9s \u00e1lland\u00f3an kapcsolatban van a hajt\u00e1sl\u00e1nccal \u2013 teh\u00e1t mindig \u201ebe van kapcsolva\u201d. A hagyom\u00e1nyos szinkroniz\u00e1l\u00f3 helyett \u00fagynevezett \u201edog clutch\u201d szerkezetet alkalmaznak, ami elt\u00e9r a megszokott megold\u00e1sokt\u00f3l.<\/p>\n<p>A v\u00e1lt\u00e1sok lehet\u0151v\u00e9 t\u00e9tel\u00e9hez a rendszer k\u00e9pes \u00fagy m\u0171k\u00f6dni, hogy a v\u00e1lt\u00f3 egy r\u00f6vid id\u0151re \u00fcresbe kapcsol, mik\u00f6zben egy kisebb elektromotor hozz\u00e1igaz\u00edtja a benzinmotor fordulatsz\u00e1m\u00e1t a v\u00e1lt\u00f3n bel\u00fcli k\u00edv\u00e1nt sebess\u00e9ghez. Ez a technol\u00f3gia azt is lehet\u0151v\u00e9 teszi, hogy a bels\u0151 \u00e9g\u00e9s\u0171 motor k\u00fcl\u00f6n meghajtson egy gener\u00e1tort, mik\u00f6zben nincs k\u00f6zvetlen hajt\u00e1s a kerekek fel\u00e9.<\/p>\n<p>Az Egyes\u00fclt Kir\u00e1lys\u00e1gban kiz\u00e1r\u00f3lag a teljes \u00e9rt\u00e9k\u0171 hibrid, azaz az E-Tech v\u00e1ltozat \u00e9rhet\u0151 el, de m\u00e1s orsz\u00e1gokban enyh\u00e9bb, \u201emild hybrid\u201d v\u00e1ltozatokat is k\u00edn\u00e1lnak a v\u00e1s\u00e1rl\u00f3knak.<\/p>\n<p>B\u00e1r a Renault Rafale nev\u0171 modellb\u0151l m\u00e1r el\u00e9rhet\u0151 a konnektoros hibrid, azaz plug-in v\u00e1ltozat, jelenlegi inform\u00e1ci\u00f3k szerint az Austral nem fogja megkapni ezt a hajt\u00e1sl\u00e1ncot \u2013 legal\u00e1bbis egyel\u0151re nem val\u00f3sz\u00edn\u0171.<\/p>\n<p>A bels\u0151 t\u00e9rben az \u00faj Austral meg\u0151rizte el\u0151dje pr\u00e9mium jelleg\u00e9t. A min\u0151s\u00e9g\u00e9rzet kifejezetten er\u0151s: minden\u00fctt puha tapint\u00e1s\u00fa anyagokat haszn\u00e1ltak, \u00e9s a m\u0171szerfalon, az ajt\u00f3kon, valamint az \u00fcl\u00e9seken tal\u00e1lhat\u00f3 k\u00e9k varr\u00e1ssal d\u00edsz\u00edtett Alcantara bet\u00e9tek igaz\u00e1n ig\u00e9nyes, luxus hangulatot \u00e1rasztanak.<\/p>\n<p>M\u00edg p\u00e9ld\u00e1ul a M\u00e9gane eset\u00e9ben kicsit t\u00falz\u00e1sba vitt\u00e9k a k\u00fcl\u00f6nb\u00f6z\u0151 anyagok vegy\u00edt\u00e9s\u00e9t, az Australban siker\u00fclt sokkal kiegyens\u00falyozottabb megold\u00e1st tal\u00e1lni \u2013 minden fel\u00fclet, amit az utas l\u00e1t vagy meg\u00e9rint, kellemes tapint\u00e1s\u00fa \u00e9s j\u00f3l kidolgozott.<\/p>\n","protected":false},"excerpt":{"rendered":"<p>5 centim\u00e9tern\u00e9l is nagyobb j\u00e9gdarabok \u00e9s felh\u0151szakad\u00e1s k\u00eds\u00e9rheti! A k\u00e9s\u0151 d\u00e9lut\u00e1ni \u00f3r\u00e1kt\u00f3l els\u0151k\u00e9nt a Tisz\u00e1nt\u00falon alakulhatnak ki heves zivatarok, de&#8230; <span class=\"gridview-grid-post-read-more\"><a href=\"https:\/\/matrend.hu\/nekedinfo\/figyelem-masodfoku-riasztast-adtak-ki\/\">read more<span class=\"gridview-sr-only\"> Figyelem! M\u00e1sodfok\u00fa riaszt\u00e1st adtak ki!<\/span><\/a><\/span><\/p>\n","protected":false},"author":1,"featured_media":3149,"comment_status":"open","ping_status":"open","sticky":false,"template":"","format":"standard","meta":{"footnotes":""},"categories":[1],"tags":[],"class_list":["post-3148","post","type-post","status-publish","format-standard","has-post-thumbnail","hentry","category-egyeb","wpcat-1-id"],"_links":{"self":[{"href":"https:\/\/matrend.hu\/nekedinfo\/wp-json\/wp\/v2\/posts\/3148","targetHints":{"allow":["GET"]}}],"collection":[{"href":"https:\/\/matrend.hu\/nekedinfo\/wp-json\/wp\/v2\/posts"}],"about":[{"href":"https:\/\/matrend.hu\/nekedinfo\/wp-json\/wp\/v2\/types\/post"}],"author":[{"embeddable":true,"href":"https:\/\/matrend.hu\/nekedinfo\/wp-json\/wp\/v2\/users\/1"}],"replies":[{"embeddable":true,"href":"https:\/\/matrend.hu\/nekedinfo\/wp-json\/wp\/v2\/comments?post=3148"}],"version-history":[{"count":1,"href":"https:\/\/matrend.hu\/nekedinfo\/wp-json\/wp\/v2\/posts\/3148\/revisions"}],"predecessor-version":[{"id":3150,"href":"https:\/\/matrend.hu\/nekedinfo\/wp-json\/wp\/v2\/posts\/3148\/revisions\/3150"}],"wp:featuredmedia":[{"embeddable":true,"href":"https:\/\/matrend.hu\/nekedinfo\/wp-json\/wp\/v2\/media\/3149"}],"wp:attachment":[{"href":"https:\/\/matrend.hu\/nekedinfo\/wp-json\/wp\/v2\/media?parent=3148"}],"wp:term":[{"taxonomy":"category","embeddable":true,"href":"https:\/\/matrend.hu\/nekedinfo\/wp-json\/wp\/v2\/categories?post=3148"},{"taxonomy":"post_tag","embeddable":true,"href":"https:\/\/matrend.hu\/nekedinfo\/wp-json\/wp\/v2\/tags?post=3148"}],"curies":[{"name":"wp","href":"https:\/\/api.w.org\/{rel}","templated":true}]}}