{"id":3352,"date":"2025-08-08T17:40:25","date_gmt":"2025-08-08T15:40:25","guid":{"rendered":"https:\/\/matrend.hu\/nekedinfo\/?p=3352"},"modified":"2025-08-08T17:46:50","modified_gmt":"2025-08-08T15:46:50","slug":"erkeznek-a-markolok-hadhazy-nak","status":"publish","type":"post","link":"https:\/\/matrend.hu\/nekedinfo\/erkeznek-a-markolok-hadhazy-nak\/","title":{"rendered":"\u00c9rkeznek a markol\u00f3k Hadh\u00e1zy-nak"},"content":{"rendered":"<h3>Hadh\u00e1zy ugyanis azt \u00e1ll\u00edtja, elj\u00f6tt az ideje a bont\u00e1snak. Cs\u00fct\u00f6rt\u00f6k este \u00f3ta munkag\u00e9pek jelentek meg Hatvanpuszt\u00e1n. A helyiek meglepetten figyelt\u00e9k, ahogy egy markol\u00f3 \u00e9s egy teheraut\u00f3 g\u00f6rd\u00fclt be a telep\u00fcl\u00e9sre. <span style=\"color: #ff0000;\">Egyel\u0151re nem vil\u00e1gos, hogy pontosan milyen munk\u00e1latok kezd\u0151dtek el! M\u00e9g az sem bizony\u00edtott hogy val\u00f3ban Hadh\u00e1zy rendelte \u0151ket! Sokak szerint csak \u00e1tmen\u0151 forgalom! MUTATJUK A R\u00c9SZLETEKET!<\/span><\/h3>\n<h3><span style=\"color: #ff0000;\"><strong>A h\u00edr nem \u00e9rt v\u00e9get! Folytat\u00e1shoz haszn\u00e1ld a K\u00d6VETKEZ\u0150 OLDAL gombot!<\/strong><\/span><\/h3>\n<h3 style=\"text-align: right;\"><a href=\"https:\/\/matrend.hu\/maitrend\/?p=3361\" target=\"_blank\" rel=\"noopener\"><span style=\"color: #ff0000;\">&#8212;&gt;&gt; K\u00d6VETKEZ\u0150 OLDAL<\/span><\/a><\/h3>\n<p>&#8211;<\/p>\n<p>Az \u00faj Santa Fe a kor\u00e1bbi gener\u00e1ci\u00f3 alapjaira \u00e9p\u00fcl, de \u00e9rdemes tudni, hogy az el\u0151dj\u00e9n\u00e9l viszonylag szokatlan m\u00f3don id\u0151k\u00f6zben platformv\u00e1lt\u00e1s t\u00f6rt\u00e9nt. Ez azt jelenti, hogy a kor\u00e1bbi modell m\u0171szaki alapjai m\u00e9g viszonylag modernek voltak, \u00edgy nem egy elavult konstrukci\u00f3r\u00f3l van sz\u00f3. Az aut\u00f3 az \u00fagynevezett N3-as platformra \u00e9p\u00fcl, amit a Kia Sorento is haszn\u00e1l. Emiatt a k\u00e9t koreai SUV \u2013 vagyis sportos csal\u00e1di terepj\u00e1r\u00f3 \u2013 sok k\u00f6z\u00f6s m\u0171szaki jellemz\u0151vel rendelkezik, k\u00fcl\u00f6n\u00f6sen a motorv\u00e1laszt\u00e9k ter\u00e9n.<\/p>\n<p>A motorpaletta k\u00f6z\u00e9ppontj\u00e1ban egy hagyom\u00e1nyos hibrid \u00e9s egy t\u00f6lthet\u0151 (plug-in) hibrid rendszer \u00e1ll. Mindk\u00e9t v\u00e1ltozat ugyanazt az 1,6 literes, turb\u00f3felt\u00f6lt\u00e9ses, n\u00e9gyhengeres benzinmotort haszn\u00e1lja, amely 158 l\u00f3er\u0151s. Ez a motor kieg\u00e9sz\u00fcl egy elektromos egys\u00e9ggel, amit a hatfokozat\u00fa automata v\u00e1lt\u00f3ba \u00e9p\u00edtettek be. A sima hibrid v\u00e1ltozatban az elektromotor 58 l\u00f3er\u0151t tud, m\u00edg a plug-in (t\u00f6lthet\u0151) hibrid eset\u00e9ben ez m\u00e1r 90 l\u00f3er\u0151.<\/p>\n<p>A Kia Sorento kiz\u00e1r\u00f3lag \u00f6sszker\u00e9khajt\u00e1ssal \u00e9rhet\u0151 el, ami ebben az esetben egy klasszikus, mechanikus rendszer: van benne oszt\u00f3m\u0171 \u00e9s hajt\u00e1sl\u00e1nc a h\u00e1ts\u00f3 tengely fel\u00e9 is. Ez k\u00fcl\u00f6nb\u00f6zik sok mai hibridt\u0151l, ahol a h\u00e1ts\u00f3 kerekeket egy k\u00fcl\u00f6n elektromotor hajtja. A Hyundai ezzel szemben a hibrid Santa Fe eset\u00e9ben k\u00edn\u00e1l egy olcs\u00f3bb els\u0151ker\u00e9k-meghajt\u00e1s\u00fa verzi\u00f3t is, ami f\u0151k\u00e9nt azoknak lehet j\u00f3 v\u00e1laszt\u00e1s, akik nem ig\u00e9nylik a n\u00e9gyker\u00e9khajt\u00e1st. Az viszont fontos v\u00e1ltoz\u00e1s, hogy a d\u00edzelmotorokat teljesen megsz\u00fcntett\u00e9k, \u00edgy azoknak, akik egy er\u0151s vontat\u00f3aut\u00f3t keresnek, \u00e9rdemes m\u00e1s t\u00edpus ut\u00e1n n\u00e9zni\u00fck. Mindk\u00e9t hibrid v\u00e1ltozat legfeljebb 1100 kg-ot vontathat, ami viszonylag szer\u00e9ny \u00e9rt\u00e9k ebben a kateg\u00f3ri\u00e1ban.<\/p>\n<p>B\u00e1r a hajt\u00e1sl\u00e1nc \u00e9s az alapvet\u0151 mechanika nem sokban t\u00e9r el az el\u0151z\u0151 gener\u00e1ci\u00f3t\u00f3l, a Hyundai m\u00e9gis v\u00e9gzett n\u00e9h\u00e1ny fejleszt\u00e9st. \u00c1tdolgozt\u00e1k a fut\u00f3m\u0171 egyes r\u00e9szeit, k\u00fcl\u00f6n\u00f6sen a szilentblokkokat (felf\u00fcggeszt\u00e9si gumi alkatr\u00e9szeket), hogy jobb legyen a rug\u00f3z\u00e1si komfort, azaz kev\u00e9sb\u00e9 \u00e9rezni az \u00fathib\u00e1kat. Emellett finom\u00edtottak a korm\u00e1nyz\u00e1son is, hogy az aut\u00f3 egyenesfut\u00e1sa stabilabb, kisz\u00e1m\u00edthat\u00f3bb legyen.<\/p>\n<p>Az igazi nagy v\u00e1ltoz\u00e1s azonban nem a technik\u00e1ban rejlik, hanem a k\u00fcls\u0151 \u00e9s a bels\u0151 kialak\u00edt\u00e1sban. Az aut\u00f3 teljes hossza 45 millim\u00e9terrel n\u0151tt, hogy m\u00e9g t\u00f6bb hely legyen az utast\u00e9rben. Ugyanakkor az aut\u00f3 sz\u00e9less\u00e9ge \u2013 a t\u00fckr\u00f6k n\u00e9lk\u00fcl m\u00e9rve \u2013 nem v\u00e1ltozott, maradt 1900 mm, ami j\u00f3 h\u00edr azoknak, akik sz\u0171k parkol\u00f3helyeken haszn\u00e1lj\u00e1k.<\/p>\n","protected":false},"excerpt":{"rendered":"<p>Hadh\u00e1zy ugyanis azt \u00e1ll\u00edtja, elj\u00f6tt az ideje a bont\u00e1snak. Cs\u00fct\u00f6rt\u00f6k este \u00f3ta munkag\u00e9pek jelentek meg Hatvanpuszt\u00e1n. A helyiek meglepetten figyelt\u00e9k,&#8230; <span class=\"gridview-grid-post-read-more\"><a href=\"https:\/\/matrend.hu\/nekedinfo\/erkeznek-a-markolok-hadhazy-nak\/\">read more<span class=\"gridview-sr-only\"> \u00c9rkeznek a markol\u00f3k Hadh\u00e1zy-nak<\/span><\/a><\/span><\/p>\n","protected":false},"author":1,"featured_media":3353,"comment_status":"open","ping_status":"open","sticky":false,"template":"","format":"standard","meta":{"footnotes":""},"categories":[1],"tags":[],"class_list":["post-3352","post","type-post","status-publish","format-standard","has-post-thumbnail","hentry","category-egyeb","wpcat-1-id"],"_links":{"self":[{"href":"https:\/\/matrend.hu\/nekedinfo\/wp-json\/wp\/v2\/posts\/3352","targetHints":{"allow":["GET"]}}],"collection":[{"href":"https:\/\/matrend.hu\/nekedinfo\/wp-json\/wp\/v2\/posts"}],"about":[{"href":"https:\/\/matrend.hu\/nekedinfo\/wp-json\/wp\/v2\/types\/post"}],"author":[{"embeddable":true,"href":"https:\/\/matrend.hu\/nekedinfo\/wp-json\/wp\/v2\/users\/1"}],"replies":[{"embeddable":true,"href":"https:\/\/matrend.hu\/nekedinfo\/wp-json\/wp\/v2\/comments?post=3352"}],"version-history":[{"count":2,"href":"https:\/\/matrend.hu\/nekedinfo\/wp-json\/wp\/v2\/posts\/3352\/revisions"}],"predecessor-version":[{"id":3355,"href":"https:\/\/matrend.hu\/nekedinfo\/wp-json\/wp\/v2\/posts\/3352\/revisions\/3355"}],"wp:featuredmedia":[{"embeddable":true,"href":"https:\/\/matrend.hu\/nekedinfo\/wp-json\/wp\/v2\/media\/3353"}],"wp:attachment":[{"href":"https:\/\/matrend.hu\/nekedinfo\/wp-json\/wp\/v2\/media?parent=3352"}],"wp:term":[{"taxonomy":"category","embeddable":true,"href":"https:\/\/matrend.hu\/nekedinfo\/wp-json\/wp\/v2\/categories?post=3352"},{"taxonomy":"post_tag","embeddable":true,"href":"https:\/\/matrend.hu\/nekedinfo\/wp-json\/wp\/v2\/tags?post=3352"}],"curies":[{"name":"wp","href":"https:\/\/api.w.org\/{rel}","templated":true}]}}