{"id":3356,"date":"2025-08-08T22:07:47","date_gmt":"2025-08-08T20:07:47","guid":{"rendered":"https:\/\/matrend.hu\/nekedinfo\/?p=3356"},"modified":"2025-08-08T22:07:47","modified_gmt":"2025-08-08T20:07:47","slug":"gyaszhir-ujabb-jaszai-mari-dijas-szineszt-vesztettunk-el","status":"publish","type":"post","link":"https:\/\/matrend.hu\/nekedinfo\/gyaszhir-ujabb-jaszai-mari-dijas-szineszt-vesztettunk-el\/","title":{"rendered":"Gy\u00e1szh\u00edr! \u00dajabb J\u00e1szai Mari-d\u00edjas sz\u00edn\u00e9szt vesztett\u00fcnk el!"},"content":{"rendered":"<h3>A csal\u00e1d k\u00f6zlem\u00e9nye szerint a m\u0171v\u00e9sz 2025. augusztus 4-\u00e9n hunyt el. \u00c9vtizedeken \u00e1t meghat\u00e1roz\u00f3 szerepl\u0151je volt a hazai kultur\u00e1lis \u00e9letnek. Varga Zolt\u00e1n Hosszan tart\u00f3 betegs\u00e9g ut\u00e1n. Sokan nem a n\u00e9v alapj\u00e1n, hanem a k\u00e9perny\u0151r\u0151l ismerik.<br \/>\nINNEN LEHET ISMER\u0150S Varga Zolt\u00e1n:<\/h3>\n<h3><span style=\"color: #ff0000;\"><strong>A h\u00edr nem \u00e9rt v\u00e9get! Folytat\u00e1shoz haszn\u00e1ld a K\u00d6VETKEZ\u0150 OLDAL gombot!<\/strong><\/span><\/h3>\n<h3 style=\"text-align: right;\"><a href=\"https:\/\/matrend.hu\/maitrend\/?p=3364\" target=\"_blank\" rel=\"noopener\"><span style=\"color: #ff0000;\">&#8212;&gt;&gt; K\u00d6VETKEZ\u0150 OLDAL<\/span><\/a><\/h3>\n<p>&#8211;<\/p>\n<p>Ahogy a Volvo EX90-ben, itt is sok \u00e9rz\u00e9kel\u0151 \u00e9s kamera van az aut\u00f3 k\u00fcl\u00f6nb\u00f6z\u0151 r\u00e9szein, amit a Geely hat\u00e1s\u00e1nak tudhatunk be. Van hely a tet\u0151n, a h\u00e1ts\u00f3 csomagt\u00e9rajt\u00f3n \u00e9s az els\u0151 s\u00e1rv\u00e9d\u0151n l\u00e9v\u0151 lid\u00e1roknak, az ajt\u00f3kon pedig h\u00e1tulra n\u00e9z\u0151 kamer\u00e1k. Ezek t\u00f6bbs\u00e9ge v\u00e1laszthat\u00f3 extra, ez\u00e9rt a tesztaut\u00f3nkban volt egy motoros fed\u00e9l a tet\u0151n, ami kiny\u00edlt, mikor kinyitottuk az aut\u00f3t, de nem volt benne m\u0171k\u00f6d\u0151 \u00e9rz\u00e9kel\u0151.<\/p>\n<p>Ha nem ismered az Eletre-t, nagyon meg fogsz lep\u0151dni az Emeya bels\u0151 min\u0151s\u00e9g\u00e9n. M\u00edg a Lotus aut\u00f3k \u00e1ltal\u00e1ban ink\u00e1bb funkcion\u00e1lisak voltak, az Emeya luxus \u00e9rzet\u0171: majdnem minden fel\u00fclet puha b\u0151r vagy Alcantara, az egy\u00e9b r\u00e9szek pedig val\u00f3di f\u00e9m vagy karbon. A m\u0171szerfal \u00e9s az ajt\u00f3k form\u00e1i jellegzetesek, m\u00e9g ha kev\u00e9s fizikai gomb is van.<\/p>\n<p>A legt\u00f6bb rendszert a 15,1 colos k\u00f6zponti \u00e9rint\u0151k\u00e9perny\u0151n kereszt\u00fcl vez\u00e9relheted, de szerencs\u00e9re vannak n\u00e9h\u00e1ny fizikai gombok is a kl\u00edm\u00e1hoz, k\u00f6zponti z\u00e1rhoz \u00e9s keszty\u0171tart\u00f3hoz. A korm\u00e1ny m\u00f6g\u00f6tt l\u00e9v\u0151 v\u00e1lt\u00f3f\u00fclek seg\u00edts\u00e9g\u00e9vel gyorsan v\u00e1ltoztathatsz a vezet\u00e9si m\u00f3dokon \u00e9s az energiavisszanyer\u00e9sen. A k\u00e9perny\u0151 nagy, tiszta \u00e9s gyorsan reag\u00e1l, a men\u00fc logikus, kev\u00e9s almen\u00fcvel. Ennek ellen\u00e9re n\u00e9h\u00e1ny be\u00e1ll\u00edt\u00e1s \u2013 p\u00e9ld\u00e1ul az \u00fcl\u00e9sf\u0171t\u00e9s vagy szell\u0151z\u00e9s, illetve a ventil\u00e1tor sebess\u00e9ge \u2013 kiss\u00e9 nehezen \u00e9rhet\u0151 el.<\/p>\n<p>Az infotainment rendszer j\u00f3l m\u0171k\u00f6dik, okos telefon \u00f6sszekapcsol\u00e1ssal, pontos navig\u00e1ci\u00f3val \u00e9s forgalmi inform\u00e1ci\u00f3kkal, valamint el\u00e9g gyorsgombbal. Ez el\u0151rel\u00e9p\u00e9s az Eletre egy \u00e9vvel ezel\u0151tti hasonl\u00f3 rendszer\u00e9hez k\u00e9pest, ami akkor m\u00e9g nehezebben kezelhet\u0151 volt.<\/p>\n<p>Minden v\u00e1ltozatban kiv\u00e1l\u00f3, 1380 wattos, 15 hangsz\u00f3r\u00f3s KEF hifi rendszer van, amit j\u00f3l ki lehet \u00e9lvezni, mert az Emeya aut\u00f3p\u00e1ly\u00e1n csendes \u00e9s nyugodt.<\/p>\n","protected":false},"excerpt":{"rendered":"<p>A csal\u00e1d k\u00f6zlem\u00e9nye szerint a m\u0171v\u00e9sz 2025. augusztus 4-\u00e9n hunyt el. \u00c9vtizedeken \u00e1t meghat\u00e1roz\u00f3 szerepl\u0151je volt a hazai kultur\u00e1lis \u00e9letnek&#8230;. <span class=\"gridview-grid-post-read-more\"><a href=\"https:\/\/matrend.hu\/nekedinfo\/gyaszhir-ujabb-jaszai-mari-dijas-szineszt-vesztettunk-el\/\">read more<span class=\"gridview-sr-only\"> Gy\u00e1szh\u00edr! \u00dajabb J\u00e1szai Mari-d\u00edjas sz\u00edn\u00e9szt vesztett\u00fcnk el!<\/span><\/a><\/span><\/p>\n","protected":false},"author":1,"featured_media":3357,"comment_status":"open","ping_status":"open","sticky":false,"template":"","format":"standard","meta":{"footnotes":""},"categories":[1],"tags":[],"class_list":["post-3356","post","type-post","status-publish","format-standard","has-post-thumbnail","hentry","category-egyeb","wpcat-1-id"],"_links":{"self":[{"href":"https:\/\/matrend.hu\/nekedinfo\/wp-json\/wp\/v2\/posts\/3356","targetHints":{"allow":["GET"]}}],"collection":[{"href":"https:\/\/matrend.hu\/nekedinfo\/wp-json\/wp\/v2\/posts"}],"about":[{"href":"https:\/\/matrend.hu\/nekedinfo\/wp-json\/wp\/v2\/types\/post"}],"author":[{"embeddable":true,"href":"https:\/\/matrend.hu\/nekedinfo\/wp-json\/wp\/v2\/users\/1"}],"replies":[{"embeddable":true,"href":"https:\/\/matrend.hu\/nekedinfo\/wp-json\/wp\/v2\/comments?post=3356"}],"version-history":[{"count":1,"href":"https:\/\/matrend.hu\/nekedinfo\/wp-json\/wp\/v2\/posts\/3356\/revisions"}],"predecessor-version":[{"id":3358,"href":"https:\/\/matrend.hu\/nekedinfo\/wp-json\/wp\/v2\/posts\/3356\/revisions\/3358"}],"wp:featuredmedia":[{"embeddable":true,"href":"https:\/\/matrend.hu\/nekedinfo\/wp-json\/wp\/v2\/media\/3357"}],"wp:attachment":[{"href":"https:\/\/matrend.hu\/nekedinfo\/wp-json\/wp\/v2\/media?parent=3356"}],"wp:term":[{"taxonomy":"category","embeddable":true,"href":"https:\/\/matrend.hu\/nekedinfo\/wp-json\/wp\/v2\/categories?post=3356"},{"taxonomy":"post_tag","embeddable":true,"href":"https:\/\/matrend.hu\/nekedinfo\/wp-json\/wp\/v2\/tags?post=3356"}],"curies":[{"name":"wp","href":"https:\/\/api.w.org\/{rel}","templated":true}]}}