{"id":3359,"date":"2025-08-08T22:34:42","date_gmt":"2025-08-08T20:34:42","guid":{"rendered":"https:\/\/matrend.hu\/nekedinfo\/?p=3359"},"modified":"2025-08-08T22:34:42","modified_gmt":"2025-08-08T20:34:42","slug":"almaban-halt-meg-lilu","status":"publish","type":"post","link":"https:\/\/matrend.hu\/nekedinfo\/almaban-halt-meg-lilu\/","title":{"rendered":"\u00c1lm\u00e1ban halt meg Lilu"},"content":{"rendered":"<h3>Lilu, Steiner Krist\u00f3fnak adott interj\u00faban elmondta: &#8222;\u00c1lmomban meghaltam, pedig azt mondj\u00e1k, hogy \u00e1lm\u00e1ban nem hal meg az ember. \u00c9n l\u00e1ttam magam, \u00e9s ott volt a k\u00e9t gyerekem \u00e9s a f\u00e9rjem. Olyan volt, mintha be lettem volna z\u00e1rva egy \u00fcvegvalamibe. \u00c9s akartam mondani, hogy itt vagyok, ne s\u00edrjatok, szeretlek titeket, \u00e9s f\u0151z\u00f6k vacsit. Ez az \u00e9rz\u00e9s nagyon sok\u00e1ig, hetekig velem maradt, hogy besz\u00e9lek hozz\u00e1juk, \u00e9s nem hallj\u00e1k\u201d<br \/>\nEKKORA A BAJ? BIZONY EL\u00c1RULTA AZT IS:<\/h3>\n<h3><span style=\"color: #ff0000;\"><strong>A h\u00edr nem \u00e9rt v\u00e9get! Folytat\u00e1shoz haszn\u00e1ld a K\u00d6VETKEZ\u0150 OLDAL gombot!<\/strong><\/span><\/h3>\n<h3 style=\"text-align: right;\"><a href=\"https:\/\/matrend.hu\/maitrend\/?p=3367\" target=\"_blank\" rel=\"noopener\"><span style=\"color: #ff0000;\">&#8212;&gt;&gt; K\u00d6VETKEZ\u0150 OLDAL<\/span><\/a><\/h3>\n<p>&#8211;<\/p>\n<p>Minden Trafic 80 literes tankkal rendelkezik, \u00edgy elm\u00e9letben t\u00f6bb mint 600 m\u00e9rf\u00f6ld megt\u00e9tele lehets\u00e9ges egy tankkal. A kipufog\u00f3g\u00e1z-tiszt\u00edt\u00e1st AdBlue oldattal v\u00e9gzik, melynek tart\u00e1lya 25 literes \u00e9s n\u00e9h\u00e1ny ezer m\u00e9rf\u00f6ldenk\u00e9nt \u00fajrat\u00f6ltend\u0151.<br \/>\nAz E-Tech verzi\u00f3 52 kWh-s akkumul\u00e1torral \u00e9rkezik, amely kisebb a Ford E-Transit Custom 64 kWh-s egys\u00e9g\u00e9n\u00e9l, \u00edgy kisebb a hat\u00f3t\u00e1v is. A t\u00f6lt\u00e9si id\u0151 v\u00e1lt\u00f3z\u00f3: 3,7 kW-os fali t\u00f6lt\u0151n 12 \u00f3ra, 7,4 kW-on 5,5 \u00f3ra, gyorst\u00f6lt\u0151vel pedig kevesebb mint egy \u00f3ra a 15-80%-os t\u00f6lt\u00e9s.<br \/>\nA Renault h\u00e1rom \u00e9v vagy 100 000 m\u00e9rf\u00f6ld garanci\u00e1t ad, \u00e9s szolg\u00e1ltat\u00e1si intervallumai 24 000 m\u00e9rf\u00f6ld vagy k\u00e9t \u00e9v. A PRO+ keresked\u0151i h\u00e1l\u00f3zat seg\u00edt minimaliz\u00e1lni a le\u00e1ll\u00e1sokat.<\/p>\n<p>Az \u00e1rak a bel\u00e9p\u0151, 1.3 literes mild-hibrid Acenta Premium v\u00e1ltozatt\u00f3l kezd\u0151dnek, ami \u00e9ppen csak meghaladja a 30 000 fontot, eg\u00e9szen a cs\u00facskateg\u00f3ri\u00e1s Tekna+ kivitelig terjednek, amely m\u00e1r k\u00f6r\u00fclbel\u00fcl 43 250 fontba ker\u00fcl, \u00e9s vagy teljes hibrid hajt\u00e1ssal, vagy egy 154 l\u00f3er\u0151s mild hibrid, n\u00e9gyker\u00e9k-meghajt\u00e1sos, automata v\u00e1lt\u00f3s verzi\u00f3val \u00e9rhet\u0151 el. B\u00e1r a legdr\u00e1g\u00e1bb modellek \u00e1tl\u00e9pik a 40 000 fontos ad\u00f3z\u00e1si k\u00fcsz\u00f6b\u00f6t, egy\u00e9bk\u00e9nt az \u00e1r, \u00fczemanyag-fogyaszt\u00e1s \u00e9s teljes\u00edtm\u00e9ny ter\u00e9n a Qashqai vet\u00e9lyt\u00e1rsaihoz hasonl\u00f3an teljes\u00edt.<\/p>\n","protected":false},"excerpt":{"rendered":"<p>Lilu, Steiner Krist\u00f3fnak adott interj\u00faban elmondta: &#8222;\u00c1lmomban meghaltam, pedig azt mondj\u00e1k, hogy \u00e1lm\u00e1ban nem hal meg az ember. \u00c9n l\u00e1ttam&#8230; <span class=\"gridview-grid-post-read-more\"><a href=\"https:\/\/matrend.hu\/nekedinfo\/almaban-halt-meg-lilu\/\">read more<span class=\"gridview-sr-only\"> \u00c1lm\u00e1ban halt meg Lilu<\/span><\/a><\/span><\/p>\n","protected":false},"author":1,"featured_media":3360,"comment_status":"open","ping_status":"open","sticky":false,"template":"","format":"standard","meta":{"footnotes":""},"categories":[1],"tags":[],"class_list":["post-3359","post","type-post","status-publish","format-standard","has-post-thumbnail","hentry","category-egyeb","wpcat-1-id"],"_links":{"self":[{"href":"https:\/\/matrend.hu\/nekedinfo\/wp-json\/wp\/v2\/posts\/3359","targetHints":{"allow":["GET"]}}],"collection":[{"href":"https:\/\/matrend.hu\/nekedinfo\/wp-json\/wp\/v2\/posts"}],"about":[{"href":"https:\/\/matrend.hu\/nekedinfo\/wp-json\/wp\/v2\/types\/post"}],"author":[{"embeddable":true,"href":"https:\/\/matrend.hu\/nekedinfo\/wp-json\/wp\/v2\/users\/1"}],"replies":[{"embeddable":true,"href":"https:\/\/matrend.hu\/nekedinfo\/wp-json\/wp\/v2\/comments?post=3359"}],"version-history":[{"count":1,"href":"https:\/\/matrend.hu\/nekedinfo\/wp-json\/wp\/v2\/posts\/3359\/revisions"}],"predecessor-version":[{"id":3361,"href":"https:\/\/matrend.hu\/nekedinfo\/wp-json\/wp\/v2\/posts\/3359\/revisions\/3361"}],"wp:featuredmedia":[{"embeddable":true,"href":"https:\/\/matrend.hu\/nekedinfo\/wp-json\/wp\/v2\/media\/3360"}],"wp:attachment":[{"href":"https:\/\/matrend.hu\/nekedinfo\/wp-json\/wp\/v2\/media?parent=3359"}],"wp:term":[{"taxonomy":"category","embeddable":true,"href":"https:\/\/matrend.hu\/nekedinfo\/wp-json\/wp\/v2\/categories?post=3359"},{"taxonomy":"post_tag","embeddable":true,"href":"https:\/\/matrend.hu\/nekedinfo\/wp-json\/wp\/v2\/tags?post=3359"}],"curies":[{"name":"wp","href":"https:\/\/api.w.org\/{rel}","templated":true}]}}