{"id":3362,"date":"2025-08-09T18:49:07","date_gmt":"2025-08-09T16:49:07","guid":{"rendered":"https:\/\/matrend.hu\/nekedinfo\/?p=3362"},"modified":"2025-08-09T18:49:07","modified_gmt":"2025-08-09T16:49:07","slug":"larvak-usznak-a-csapvizben","status":"publish","type":"post","link":"https:\/\/matrend.hu\/nekedinfo\/larvak-usznak-a-csapvizben\/","title":{"rendered":"L\u00e1rv\u00e1k \u00fasznak a csapv\u00edzben!"},"content":{"rendered":"<h3>A polg\u00e1rmesterek azonnal \u00e9rtes\u00edtette a szolg\u00e1ltat\u00f3t, az E.R.\u00d6.V. V\u00edzik\u00f6zm\u0171 Zrt.-t, de a probl\u00e9ma egyel\u0151re nem sz\u0171nt meg. A szak\u00e1lyi \u00f6nkorm\u00e1nyzat nyugalomra inti az 1200 f\u0151s telep\u00fcl\u00e9s lak\u00f3it, b\u00e1r a helyi boltok \u00e1sv\u00e1nyv\u00edzk\u00e9szleteit napok alatt felv\u00e1s\u00e1rolt\u00e1k. T\u00f6bben att\u00f3l tartanak, hogy a v\u00edzell\u00e1t\u00e1s probl\u00e9m\u00e1ja ak\u00e1r hetekig is elh\u00faz\u00f3dhat.<\/h3>\n<h3><span style=\"color: #ff0000;\"><strong>A h\u00edr nem \u00e9rt v\u00e9get! Folytat\u00e1shoz haszn\u00e1ld a K\u00d6VETKEZ\u0150 OLDAL gombot!<\/strong><\/span><\/h3>\n<h3 style=\"text-align: right;\"><a href=\"https:\/\/matrend.hu\/maitrend\/?p=3370\" target=\"_blank\" rel=\"noopener\"><span style=\"color: #ff0000;\">&#8212;&gt;&gt; K\u00d6VETKEZ\u0150 OLDAL<\/span><\/a><\/h3>\n<p>&#8211;<\/p>\n<p>K\u00fcls\u0151re a legszembet\u0171n\u0151bb v\u00e1ltoz\u00e1sok k\u00f6z\u00e9 tartozik az \u00faj, 19 vagy 20 colos k\u00f6nny\u0171f\u00e9m ker\u00e9kt\u00e1rcs\u00e1k bevezet\u00e9se, valamint az \u00e1tdolgozott els\u0151 \u00e9s h\u00e1ts\u00f3 l\u00f6kh\u00e1r\u00edt\u00f3k. Emellett megjelent a Kia \u00faj \u201ecsillagt\u00e9rk\u00e9p\u201d st\u00edlus\u00fa LED-es f\u00e9nysz\u00f3r\u00f3ja is, amelyet m\u00e1r az EV9 \u00e9s EV3 modelleken is l\u00e1thattunk. Ezeket egy \u00faj, a l\u00e1mp\u00e1kat \u00f6sszek\u00f6t\u0151 LED-cs\u00edk teszi m\u00e9g l\u00e1tv\u00e1nyosabb\u00e1. A Kia eset\u00e9ben nem megszokott a t\u00fal sz\u00e9les modellv\u00e1laszt\u00e9k, \u00e9s ez az EV6-n\u00e1l sincs m\u00e1sk\u00e9nt: minden modell ugyanazt a 84 kWh-s akkumul\u00e1tort kapja, \u00e9s mind\u00f6ssze h\u00e1rom felszerelts\u00e9gi szint k\u00f6z\u00fcl lehet v\u00e1lasztani \u2013 Air, GT-Line \u00e9s GT-Line S. Az alapmodellek h\u00e1tul kapnak egy 225 l\u00f3er\u0151s motort, m\u00edg a magasabb felszerelts\u00e9gek eset\u00e9n k\u00e9rhet\u0151 az els\u0151 motor is, ami \u00f6sszker\u00e9khajt\u00e1st \u00e9s \u00f6sszesen 321 l\u00f3er\u0151t eredm\u00e9nyez.<\/p>\n<p>Az utast\u00e9rben is t\u00f6rt\u00e9nt n\u00e9h\u00e1ny friss\u00edt\u00e9s, b\u00e1r alapvet\u0151en meg\u0151rizte eddigi elrendez\u00e9s\u00e9t \u00e9s kialak\u00edt\u00e1s\u00e1t. A legl\u00e1tv\u00e1nyosabb \u00fajdons\u00e1g a korm\u00e1nyker\u00e9k, amely lecser\u00e9lte a kor\u00e1bbi t\u00falm\u00e9retezett, kiss\u00e9 orm\u00f3tlannak hat\u00f3 k\u00e9pk\u00fcll\u0151s v\u00e1ltozatot egy \u00faj, eleg\u00e1nsabb h\u00e1romk\u00fcll\u0151s kialak\u00edt\u00e1sra. Az \u00faj korm\u00e1ny k\u00f6z\u00e9ps\u0151 r\u00e9sze kisebb lett, \u00edgy modernebb hat\u00e1st kelt, de a fog\u00e1sa \u00e9s a vez\u00e9rl\u0151gombok elhelyez\u00e9se alapvet\u0151en nem v\u00e1ltozott \u2013 maradt minden ott, ahol a megszokott hely\u00e9n kell lennie.<\/p>\n<p>A m\u0171szerfalon, az ajt\u00f3k\u00e1rpitokon \u00e9s az \u00fcl\u00e9seken \u00faj anyagokat alkalmaztak, amelyek frissebb \u00e9s min\u0151s\u00e9gibb \u00e9rzetet keltenek. Emellett \u00faj hangulatvil\u00e1g\u00edt\u00e1si megold\u00e1sokat is be\u00e9p\u00edtettek, amelyek k\u00fcl\u00f6n\u00f6sen este adnak kellemesebb hangulatot az utast\u00e9rnek. \u00d6sszess\u00e9g\u00e9ben azonban az EV6 bels\u0151 tere nem esett \u00e1t radik\u00e1lis v\u00e1ltoztat\u00e1sokon \u2013 az anyagmin\u0151s\u00e9g \u00e9s a kidolgoz\u00e1s sz\u00ednvonala tov\u00e1bbra is magas, amit a modell eddig is a jav\u00e1ra tudott ford\u00edtani.<\/p>\n<p>Mindezek a friss\u00edt\u00e9sek azt jelzik, hogy a Kia c\u00e9lja nem puszt\u00e1n a modell naprak\u00e9szen tart\u00e1sa, hanem annak folyamatos fejleszt\u00e9se is, mik\u00f6zben meg\u0151rzi a formabont\u00f3 \u00e9s modern karakter\u00e9t, ami miatt az EV6 m\u00e1r a megjelen\u00e9sekor is k\u00fcl\u00f6nleges volt.<\/p>\n","protected":false},"excerpt":{"rendered":"<p>A polg\u00e1rmesterek azonnal \u00e9rtes\u00edtette a szolg\u00e1ltat\u00f3t, az E.R.\u00d6.V. V\u00edzik\u00f6zm\u0171 Zrt.-t, de a probl\u00e9ma egyel\u0151re nem sz\u0171nt meg. A szak\u00e1lyi \u00f6nkorm\u00e1nyzat&#8230; <span class=\"gridview-grid-post-read-more\"><a href=\"https:\/\/matrend.hu\/nekedinfo\/larvak-usznak-a-csapvizben\/\">read more<span class=\"gridview-sr-only\"> L\u00e1rv\u00e1k \u00fasznak a csapv\u00edzben!<\/span><\/a><\/span><\/p>\n","protected":false},"author":1,"featured_media":3363,"comment_status":"open","ping_status":"open","sticky":false,"template":"","format":"standard","meta":{"footnotes":""},"categories":[1],"tags":[],"class_list":["post-3362","post","type-post","status-publish","format-standard","has-post-thumbnail","hentry","category-egyeb","wpcat-1-id"],"_links":{"self":[{"href":"https:\/\/matrend.hu\/nekedinfo\/wp-json\/wp\/v2\/posts\/3362","targetHints":{"allow":["GET"]}}],"collection":[{"href":"https:\/\/matrend.hu\/nekedinfo\/wp-json\/wp\/v2\/posts"}],"about":[{"href":"https:\/\/matrend.hu\/nekedinfo\/wp-json\/wp\/v2\/types\/post"}],"author":[{"embeddable":true,"href":"https:\/\/matrend.hu\/nekedinfo\/wp-json\/wp\/v2\/users\/1"}],"replies":[{"embeddable":true,"href":"https:\/\/matrend.hu\/nekedinfo\/wp-json\/wp\/v2\/comments?post=3362"}],"version-history":[{"count":1,"href":"https:\/\/matrend.hu\/nekedinfo\/wp-json\/wp\/v2\/posts\/3362\/revisions"}],"predecessor-version":[{"id":3364,"href":"https:\/\/matrend.hu\/nekedinfo\/wp-json\/wp\/v2\/posts\/3362\/revisions\/3364"}],"wp:featuredmedia":[{"embeddable":true,"href":"https:\/\/matrend.hu\/nekedinfo\/wp-json\/wp\/v2\/media\/3363"}],"wp:attachment":[{"href":"https:\/\/matrend.hu\/nekedinfo\/wp-json\/wp\/v2\/media?parent=3362"}],"wp:term":[{"taxonomy":"category","embeddable":true,"href":"https:\/\/matrend.hu\/nekedinfo\/wp-json\/wp\/v2\/categories?post=3362"},{"taxonomy":"post_tag","embeddable":true,"href":"https:\/\/matrend.hu\/nekedinfo\/wp-json\/wp\/v2\/tags?post=3362"}],"curies":[{"name":"wp","href":"https:\/\/api.w.org\/{rel}","templated":true}]}}