{"id":3368,"date":"2025-08-09T22:31:09","date_gmt":"2025-08-09T20:31:09","guid":{"rendered":"https:\/\/matrend.hu\/nekedinfo\/?p=3368"},"modified":"2025-08-09T22:31:09","modified_gmt":"2025-08-09T20:31:09","slug":"nem-viszi-mar-el-a-busz-a-nyugdijasokat","status":"publish","type":"post","link":"https:\/\/matrend.hu\/nekedinfo\/nem-viszi-mar-el-a-busz-a-nyugdijasokat\/","title":{"rendered":"Nem viszi m\u00e1r el a Busz a nyugd\u00edjasokat!"},"content":{"rendered":"<h3>A buszt\u00e1rsas\u00e1gok gyakran m\u00e1r el\u0151v\u00e9telben eladj\u00e1k az \u00f6sszes \u00fcl\u0151helyet \u2013 az online jegyv\u00e1s\u00e1rl\u00e1sok sor\u00e1n a rendszer automatikusan helyjegyet is biztos\u00edt. A helyjeggyel nem rendelkez\u0151 utasokat, p\u00e9ld\u00e1ul a meg\u00e1ll\u00f3ban v\u00e1rakoz\u00f3 nyugd\u00edjasokat, egyszer\u0171en nem engedik felsz\u00e1llni. T\u00f6bb besz\u00e1mol\u00f3 szerint el\u0151fordult, hogy ak\u00e1r 2 \u00f3r\u00e1t is v\u00e1rni kellett a k\u00f6vetkez\u0151 j\u00e1ratra.<\/h3>\n<h3><span style=\"color: #ff0000;\"><strong>A h\u00edr nem \u00e9rt v\u00e9get! Folytat\u00e1shoz haszn\u00e1ld a K\u00d6VETKEZ\u0150 OLDAL gombot!<\/strong><\/span><\/h3>\n<h3 style=\"text-align: right;\"><a href=\"https:\/\/matrend.hu\/maitrend\/?p=3376\" target=\"_blank\" rel=\"noopener\"><span style=\"color: #ff0000;\">&#8212;&gt;&gt; K\u00d6VETKEZ\u0150 OLDAL<\/span><\/a><\/h3>\n<p>&#8211;<\/p>\n<p>A Suzuki Swace motorv\u00e1laszt\u00e9ka egyszer\u0171, mivel mind\u00f6ssze egyetlen lehet\u0151s\u00e9get k\u00edn\u00e1l: egy 1,8 literes full-hibrid hajt\u00e1sl\u00e1ncot, amelyet a Toyota Corolla Touring Sports modellb\u0151l \u00f6r\u00f6k\u00f6lt. Ez a rendszer egy 102 l\u00f3er\u0151s, 142 Nm nyomat\u00e9k\u00fa benzinmotort kombin\u00e1l egy 94 l\u00f3er\u0151s villanymotorral, \u00edgy az \u00f6sszteljes\u00edtm\u00e9ny 138 l\u00f3er\u0151.<br \/>\n\u00c1tmenetileg tiszt\u00e1n elektromos \u00fczemben is lehet k\u00f6zlekedni az EV m\u00f3d aktiv\u00e1l\u00e1s\u00e1val, de ilyenkor csup\u00e1n n\u00e9h\u00e1ny kilom\u00e9teres hat\u00f3t\u00e1vra lehet sz\u00e1m\u00edtani, miel\u0151tt a benzinmotor \u00fajra bekapcsolna, hogy \u00e1tvegye a hajt\u00e1st.<br \/>\nEz a hibrid rendszer legink\u00e1bb a m\u00e9rs\u00e9kelt v\u00e1rosi temp\u00f3khoz \u00e9s a telep\u00fcl\u00e9seken bel\u00fcli k\u00f6zleked\u00e9shez passzol. Ilyenkor a regenerat\u00edv f\u00e9kez\u00e9s technol\u00f3gi\u00e1ja seg\u00edt visszat\u00f6lteni az akkumul\u00e1tort, \u00e9s lehet\u0151v\u00e9 teszi a tiszt\u00e1n elektromos halad\u00e1st is, n\u00f6velve a hat\u00e9konys\u00e1got.<\/p>\n<p>A Swace nem k\u00edn\u00e1l kiemelked\u0151 teljes\u00edtm\u00e9nyt, k\u00fcl\u00f6n\u00f6sen nem nagyobb sebess\u00e9gn\u00e9l. Ha padl\u00f3ig nyomjuk a g\u00e1zt, a fokozatmentes (CVT) automata v\u00e1lt\u00f3 miatt a motor felp\u00f6r\u00f6g, de a gyorsul\u00e1s nem k\u00f6veti ar\u00e1nyosan, amit kellemetlen ny\u00faz\u00f3s hang k\u00eds\u00e9r. Egyesek szerint a Suzuki elmulasztotta a lehet\u0151s\u00e9get, hogy \u2013 a Coroll\u00e1ban el\u00e9rhet\u0151 \u2013 er\u0151sebb, 2,0 literes hibridmotorral is k\u00edn\u00e1lja a modellt.<br \/>\nA Swace vezet\u00e9se nem k\u00fcl\u00f6n\u00f6sebben \u00e9lvezetes, de nem is ez a c\u00e9lja. Sokkal ink\u00e1bb egy j\u00f3 mindenes, amely kellemes rug\u00f3z\u00e1st, kultur\u00e1lt m\u0171k\u00f6d\u00e9st \u00e9s kiegyens\u00falyozott vezethet\u0151s\u00e9get ny\u00fajt.<br \/>\nMotor, gyorsul\u00e1s (0\u2013100 km\/h) \u00e9s v\u00e9gsebess\u00e9g<br \/>\nA Swace 0-r\u00f3l 100 km\/h-ra 9,4 m\u00e1sodperc alatt gyorsul, v\u00e9gsebess\u00e9ge pedig 180 km\/h.<\/p>\n","protected":false},"excerpt":{"rendered":"<p>A buszt\u00e1rsas\u00e1gok gyakran m\u00e1r el\u0151v\u00e9telben eladj\u00e1k az \u00f6sszes \u00fcl\u0151helyet \u2013 az online jegyv\u00e1s\u00e1rl\u00e1sok sor\u00e1n a rendszer automatikusan helyjegyet is biztos\u00edt&#8230;. <span class=\"gridview-grid-post-read-more\"><a href=\"https:\/\/matrend.hu\/nekedinfo\/nem-viszi-mar-el-a-busz-a-nyugdijasokat\/\">read more<span class=\"gridview-sr-only\"> Nem viszi m\u00e1r el a Busz a nyugd\u00edjasokat!<\/span><\/a><\/span><\/p>\n","protected":false},"author":1,"featured_media":3369,"comment_status":"open","ping_status":"open","sticky":false,"template":"","format":"standard","meta":{"footnotes":""},"categories":[1],"tags":[],"class_list":["post-3368","post","type-post","status-publish","format-standard","has-post-thumbnail","hentry","category-egyeb","wpcat-1-id"],"_links":{"self":[{"href":"https:\/\/matrend.hu\/nekedinfo\/wp-json\/wp\/v2\/posts\/3368","targetHints":{"allow":["GET"]}}],"collection":[{"href":"https:\/\/matrend.hu\/nekedinfo\/wp-json\/wp\/v2\/posts"}],"about":[{"href":"https:\/\/matrend.hu\/nekedinfo\/wp-json\/wp\/v2\/types\/post"}],"author":[{"embeddable":true,"href":"https:\/\/matrend.hu\/nekedinfo\/wp-json\/wp\/v2\/users\/1"}],"replies":[{"embeddable":true,"href":"https:\/\/matrend.hu\/nekedinfo\/wp-json\/wp\/v2\/comments?post=3368"}],"version-history":[{"count":2,"href":"https:\/\/matrend.hu\/nekedinfo\/wp-json\/wp\/v2\/posts\/3368\/revisions"}],"predecessor-version":[{"id":3374,"href":"https:\/\/matrend.hu\/nekedinfo\/wp-json\/wp\/v2\/posts\/3368\/revisions\/3374"}],"wp:featuredmedia":[{"embeddable":true,"href":"https:\/\/matrend.hu\/nekedinfo\/wp-json\/wp\/v2\/media\/3369"}],"wp:attachment":[{"href":"https:\/\/matrend.hu\/nekedinfo\/wp-json\/wp\/v2\/media?parent=3368"}],"wp:term":[{"taxonomy":"category","embeddable":true,"href":"https:\/\/matrend.hu\/nekedinfo\/wp-json\/wp\/v2\/categories?post=3368"},{"taxonomy":"post_tag","embeddable":true,"href":"https:\/\/matrend.hu\/nekedinfo\/wp-json\/wp\/v2\/tags?post=3368"}],"curies":[{"name":"wp","href":"https:\/\/api.w.org\/{rel}","templated":true}]}}