{"id":3371,"date":"2025-08-09T23:12:37","date_gmt":"2025-08-09T21:12:37","guid":{"rendered":"https:\/\/matrend.hu\/nekedinfo\/?p=3371"},"modified":"2025-08-09T23:12:37","modified_gmt":"2025-08-09T21:12:37","slug":"a-szerencsekerek-musorvezetoje-fulladt-bele-a-balatonba","status":"publish","type":"post","link":"https:\/\/matrend.hu\/nekedinfo\/a-szerencsekerek-musorvezetoje-fulladt-bele-a-balatonba\/","title":{"rendered":"A Szerencseker\u00e9k m\u0171sorvezet\u0151je fulladt bele a Balatonba!"},"content":{"rendered":"<h3>A h\u00edr hallat\u00e1n sokan azonnal a magyar telev\u00edzi\u00f3s vet\u00e9lked\u0151 kedvelt arc\u00e1ra gondoltak, \u00e1m hamarosan kider\u00fclt: a baleset \u00e1ldozata nem a hazai Szerencseker\u00e9k m\u0171sorvezet\u0151je, hanem a szlov\u00e1k v\u00e1ltozat h\u00e1zigazd\u00e1ja, Peter Nov\u00e1k. A besz\u00e1mol\u00f3k szerint hirtelen rosszull\u00e9t el\u0151zte meg az esetet, amely ut\u00e1n a f\u00e9rfi gyorsan els\u00fcllyedt a hull\u00e1mok k\u00f6z\u00f6tt.<br \/>\nAZ \u00dcGYNEK K\u00d6VETKEZM\u00c9NYEI LETTEK:<\/h3>\n<h3><span style=\"color: #ff0000;\"><strong>A h\u00edr nem \u00e9rt v\u00e9get! Folytat\u00e1shoz haszn\u00e1ld a K\u00d6VETKEZ\u0150 OLDAL gombot!<\/strong><\/span><\/h3>\n<h3 style=\"text-align: right;\"><a href=\"https:\/\/matrend.hu\/maitrend\/?p=3379\" target=\"_blank\" rel=\"noopener\"><span style=\"color: #ff0000;\">&#8212;&gt;&gt; K\u00d6VETKEZ\u0150 OLDAL<\/span><\/a><\/h3>\n<p>&#8211;<\/p>\n<p>B\u00e1r az EV6 GT gyors \u00e9s er\u0151s, a vezet\u00e9si \u00e9lm\u00e9ny nem teljesen \u00e9ri el azt a szintet, amit egy majdnem 600 l\u00f3er\u0151s, sportos modelln\u00e9l v\u00e1rn\u00e1nk. Az aut\u00f3 t\u00f6mege \u00e9rz\u0151dik: nem v\u00e1lt ir\u00e1nyt k\u00f6nnyen, nem kanyarodik olyan j\u00e1t\u00e9kosan vagy prec\u00edzen, mint kellene. A sportos \u00fczemm\u00f3dok kicsit jav\u00edtanak az \u00fattart\u00e1son \u00e9s a d\u0151l\u00e9sen, de nem adnak val\u00f3di sportaut\u00f3s karaktert.<\/p>\n<p>A korm\u00e1nyz\u00e1s k\u00f6zvetlen, de kev\u00e9s visszajelz\u00e9st ad az \u00fatr\u00f3l. A korm\u00e1nyker\u00e9k kialak\u00edt\u00e1sa (m\u00e9rete, form\u00e1ja) pedig kiss\u00e9 esetlen, nem kelt sportos benyom\u00e1st. Az aut\u00f3 viselked\u00e9se ink\u00e1bb stabil \u00e9s kisz\u00e1m\u00edthat\u00f3, semmint \u00e9lettel teli vagy dinamikus. A legt\u00f6bbsz\u00f6r az elektronikus stabilit\u00e1svez\u00e9rl\u00e9s dolgozik er\u0151sen, hogy megakad\u00e1lyozza a t\u00falp\u00f6rg\u00e9st vagy kics\u00fasz\u00e1st.<\/p>\n<p>Az MG 4 XPower megmutatta nek\u00fcnk, milyen naiv ostobas\u00e1g, amikor a teljes\u00edtm\u00e9ny \u00f6nmag\u00e1\u00e9rt val\u00f3 c\u00e9ll\u00e1 v\u00e1lik; a Ford Mustang Mach-E GT arra figyelmeztetett, milyen vesz\u00e9lyes, ha alultervezik a teljes\u00edtm\u00e9nyre sz\u00e1nt hardvert; a Polestar 2 BST Edition 270 pedig azt demonstr\u00e1lta, mennyire f\u00e9lrevezet\u0151 lehet, ha a vezet\u00e9si \u00e9lm\u00e9ny egyetlen aspektus\u00e1ra koncentr\u00e1lunk t\u00fal sz\u0171ken.<\/p>\n<p>Ezekb\u0151l az aut\u00f3kb\u00f3l persze \u00f6ssze lehetne rakni azt a megfizethet\u0151 elektromos vezet\u00e9si \u00e9lm\u00e9nyaut\u00f3t, amire mindannyian v\u00e1runk \u2013 de a Kia EV6 GT m\u00e9g nem az. Nem hi\u00e1nyzik bel\u0151le az er\u0151 vagy a teljes\u00edtm\u00e9ny, \u00e9s a t\u00e1gas, praktikus utaster\u00e9hez j\u00f3l illik a dinamikus sokoldal\u00fas\u00e1g, ami seg\u00edtheti, hogy el\u00e9rje a sz\u00e9lesebb aut\u00f3s k\u00f6z\u00f6ns\u00e9get.<\/p>\n<p>\u00c1m ritk\u00e1bb \u00e9s \u00e9l\u00e9nkebb pillanatokban, amikor valami t\u00f6bbre v\u00e1gyunk, mint az azonnali gyorsul\u00e1s vagy a kiss\u00e9 mesterk\u00e9lt dinamikai tr\u00fckk\u00f6k, az aut\u00f3 keveset tud ny\u00fajtani. A drift m\u00f3d p\u00e9ld\u00e1ul olyan, mintha Martin a k\u00f6nyvel\u00e9sr\u0151l be\u00e1ll\u00edtana a c\u00e9ges bulira hawaii ingben \u2013 kicsit oda nem ill\u0151. \u00c9s att\u00f3l tartunk, hogy maga az aut\u00f3 \u2013 a \u201eval\u00f3di\u201d EV6 GT \u2013 egyszer\u0171en nem k\u00edn\u00e1l el\u00e9g sokoldal\u00fa, a h\u00e9tk\u00f6znapokban is el\u00e9rhet\u0151 sz\u00f3rakoztat\u00f3 \u00e9lm\u00e9nyt.<\/p>\n<p>A m\u0171szaki adatok ismer\u0151sen csengenek: egy h\u00e1ts\u00f3 villanymotorral 268 l\u00f3er\u0151, vagy k\u00e9t motorral \u00f6sszesen 422 l\u00f3er\u0151, valamint egy 69 kWh kapacit\u00e1s\u00fa akkumul\u00e1tor.<\/p>\n","protected":false},"excerpt":{"rendered":"<p>A h\u00edr hallat\u00e1n sokan azonnal a magyar telev\u00edzi\u00f3s vet\u00e9lked\u0151 kedvelt arc\u00e1ra gondoltak, \u00e1m hamarosan kider\u00fclt: a baleset \u00e1ldozata nem a&#8230; <span class=\"gridview-grid-post-read-more\"><a href=\"https:\/\/matrend.hu\/nekedinfo\/a-szerencsekerek-musorvezetoje-fulladt-bele-a-balatonba\/\">read more<span class=\"gridview-sr-only\"> A Szerencseker\u00e9k m\u0171sorvezet\u0151je fulladt bele a Balatonba!<\/span><\/a><\/span><\/p>\n","protected":false},"author":1,"featured_media":3372,"comment_status":"open","ping_status":"open","sticky":false,"template":"","format":"standard","meta":{"footnotes":""},"categories":[1],"tags":[],"class_list":["post-3371","post","type-post","status-publish","format-standard","has-post-thumbnail","hentry","category-egyeb","wpcat-1-id"],"_links":{"self":[{"href":"https:\/\/matrend.hu\/nekedinfo\/wp-json\/wp\/v2\/posts\/3371","targetHints":{"allow":["GET"]}}],"collection":[{"href":"https:\/\/matrend.hu\/nekedinfo\/wp-json\/wp\/v2\/posts"}],"about":[{"href":"https:\/\/matrend.hu\/nekedinfo\/wp-json\/wp\/v2\/types\/post"}],"author":[{"embeddable":true,"href":"https:\/\/matrend.hu\/nekedinfo\/wp-json\/wp\/v2\/users\/1"}],"replies":[{"embeddable":true,"href":"https:\/\/matrend.hu\/nekedinfo\/wp-json\/wp\/v2\/comments?post=3371"}],"version-history":[{"count":1,"href":"https:\/\/matrend.hu\/nekedinfo\/wp-json\/wp\/v2\/posts\/3371\/revisions"}],"predecessor-version":[{"id":3373,"href":"https:\/\/matrend.hu\/nekedinfo\/wp-json\/wp\/v2\/posts\/3371\/revisions\/3373"}],"wp:featuredmedia":[{"embeddable":true,"href":"https:\/\/matrend.hu\/nekedinfo\/wp-json\/wp\/v2\/media\/3372"}],"wp:attachment":[{"href":"https:\/\/matrend.hu\/nekedinfo\/wp-json\/wp\/v2\/media?parent=3371"}],"wp:term":[{"taxonomy":"category","embeddable":true,"href":"https:\/\/matrend.hu\/nekedinfo\/wp-json\/wp\/v2\/categories?post=3371"},{"taxonomy":"post_tag","embeddable":true,"href":"https:\/\/matrend.hu\/nekedinfo\/wp-json\/wp\/v2\/tags?post=3371"}],"curies":[{"name":"wp","href":"https:\/\/api.w.org\/{rel}","templated":true}]}}