{"id":3376,"date":"2025-08-10T17:10:06","date_gmt":"2025-08-10T15:10:06","guid":{"rendered":"https:\/\/matrend.hu\/nekedinfo\/?p=3376"},"modified":"2025-08-10T17:10:06","modified_gmt":"2025-08-10T15:10:06","slug":"kigyulladt-a-mozdony","status":"publish","type":"post","link":"https:\/\/matrend.hu\/nekedinfo\/kigyulladt-a-mozdony\/","title":{"rendered":"Kigyulladt a mozdony"},"content":{"rendered":"<h3>Szombat d\u00e9lel\u0151tt 10 \u00f3rakor elindult a K\u00e9k Hull\u00e1m InterCity Szombathelyr\u0151l a D\u00e9li p\u00e1lyaudvarra, de csak a Balatonig jutott, mert Balatonakali-D\u00f6rgicse \u00e9s Asz\u00f3f\u0151 k\u00f6z\u00f6tt kigyulladt a mozdony g\u00e9ptere. A mozdonyvezet\u0151 sikeresen eloltotta a l\u00e1ngokat, \u00e9s senki nem s\u00e9r\u00fclt meg.<\/h3>\n<h3><span style=\"color: #ff0000;\"><strong>A h\u00edr nem \u00e9rt v\u00e9get! Folytat\u00e1shoz haszn\u00e1ld a K\u00d6VETKEZ\u0150 OLDAL gombot!<\/strong><\/span><\/h3>\n<h3 style=\"text-align: right;\"><a href=\"https:\/\/matrend.hu\/maitrend\/?p=3382\" target=\"_blank\" rel=\"noopener\"><span style=\"color: #ff0000;\">&#8212;&gt;&gt; K\u00d6VETKEZ\u0150 OLDAL<\/span><\/a><\/h3>\n<p>&#8211;<\/p>\n<p>B\u00e1r a Berlingo nagyon n\u00e9pszer\u0171 \u2013 \u00e9s ez teljesen meg\u00e9rdemelt is \u2013 a h\u00e1tt\u00e9rben az\u00e9rt nem minden olyan egyszer\u0171, mint amilyennek els\u0151re t\u0171nik. A Citro\u00ebnt birtokl\u00f3 nagy aut\u00f3ipari c\u00e9g, a Stellantis, ugyanis egyfajta \u201ejelv\u00e9nycser\u00e9s\u201d strat\u00e9gi\u00e1t alkalmaz, vagyis l\u00e9nyeg\u00e9ben ugyanazt az aut\u00f3t t\u00f6bb m\u00e1rkan\u00e9v alatt is \u00e1rulja, minim\u00e1lis k\u00fcl\u00f6nbs\u00e9gekkel. \u00cdgy h\u00e1t amikor az utc\u00e1n egy Berling\u00f3nak l\u00e1tsz\u00f3 aut\u00f3t l\u00e1tunk, az k\u00f6nnyen lehet, hogy val\u00f3j\u00e1ban nem is Citro\u00ebn, hanem p\u00e9ld\u00e1ul Peugeot Rifter, Opel (vagy brit nev\u00e9n Vauxhall) Combo Life, vagy Toyota Proace City Verso. Ut\u00f3bbi egy\u00e9bk\u00e9nt csak k\u00e9s\u0151bb jelent meg a brit piacon. Egyel\u0151re a Fiat Doblo v\u00e1ltozat nem kaphat\u00f3 az Egyes\u00fclt Kir\u00e1lys\u00e1gban, de semmi sem kiz\u00e1rt \u2013 tal\u00e1n az is meg\u00e9rkezik egyszer.<\/p>\n<p>Ezek az aut\u00f3k teh\u00e1t gyakorlatilag ugyanazok a modellek, csak m\u00e1s orr-r\u00e9sszel, m\u00e1s h\u0171t\u0151r\u00e1ccsal, f\u00e9nysz\u00f3r\u00f3kkal \u00e9s n\u00e9h\u00e1ny apr\u00f3bb k\u00fcls\u0151 r\u00e9szlettel t\u00e9rnek el egym\u00e1st\u00f3l. Ami alattuk van \u2013 a technika, a t\u00e9rk\u00edn\u00e1lat, a bels\u0151 t\u00e9r \u2013, az szinte teljesen azonos. Ebb\u0151l is l\u00e1tszik, hogy a Berlingo nem egyed\u00fcl\u00e1ll\u00f3 konstrukci\u00f3, hanem egy sokf\u00e9le m\u00e1rkan\u00e9v alatt fut\u00f3 modellcsal\u00e1d r\u00e9sze.<\/p>\n<p>Nem csak szem\u00e9lyaut\u00f3k\u00e9nt l\u00e9tezik ez a t\u00edpus: kaphat\u00f3 furgonv\u00e1ltozatban is, amit jellemz\u0151en v\u00e1llalkoz\u00f3k, sz\u00e1ll\u00edt\u00e1ssal foglalkoz\u00f3k haszn\u00e1lnak. Ez nem meglep\u0151, hiszen a form\u00e1ja \u00e9s a praktikus r\u00e9szletei \u2013 p\u00e9ld\u00e1ul a h\u00e1ts\u00f3 tol\u00f3ajt\u00f3k \u2013 er\u0151sen eml\u00e9keztetnek a haszong\u00e9pj\u00e1rm\u0171vekre. Ezzel egy\u00fctt persze nem biztos, hogy mindez elegend\u0151 lesz ahhoz, hogy elnyerje azok tetsz\u00e9s\u00e9t, akik kor\u00e1bban a m\u00e1r megsz\u0171nt C4 SpaceTourer k\u00e9nyelmes, csal\u00e1dbar\u00e1t formavil\u00e1g\u00e1t kedvelt\u00e9k.<\/p>\n<p>A motorv\u00e1laszt\u00e9k els\u0151sorban a gazdas\u00e1goss\u00e1gra koncentr\u00e1l, nem pedig a dinamikus vezet\u00e9si \u00e9lm\u00e9nyre. Ez egy\u00e9bk\u00e9nt teljesen \u00e9rthet\u0151 is enn\u00e9l a kateg\u00f3ri\u00e1n\u00e1l, ahol sokkal fontosabb a megb\u00edzhat\u00f3s\u00e1g, az alacsony fogyaszt\u00e1s \u00e9s a hossz\u00fa t\u00e1v\u00fa fenntarthat\u00f3s\u00e1g, mint a sportos teljes\u00edtm\u00e9ny. Benzinesb\u0151l egyf\u00e9le \u00e9rhet\u0151 el, d\u00edzelb\u0151l kett\u0151, de aki k\u00f6rnyezetbar\u00e1tabb megold\u00e1st keres, annak ott van a teljesen elektromos \u00eb-Berlingo is, amely t\u00f6lt\u0151r\u0151l m\u0171k\u00f6dik, \u00e9s k\u00e1rosanyag-kibocs\u00e1t\u00e1s n\u00e9lk\u00fcl k\u00f6zlekedik.<\/p>\n","protected":false},"excerpt":{"rendered":"<p>Szombat d\u00e9lel\u0151tt 10 \u00f3rakor elindult a K\u00e9k Hull\u00e1m InterCity Szombathelyr\u0151l a D\u00e9li p\u00e1lyaudvarra, de csak a Balatonig jutott, mert Balatonakali-D\u00f6rgicse&#8230; <span class=\"gridview-grid-post-read-more\"><a href=\"https:\/\/matrend.hu\/nekedinfo\/kigyulladt-a-mozdony\/\">read more<span class=\"gridview-sr-only\"> Kigyulladt a mozdony<\/span><\/a><\/span><\/p>\n","protected":false},"author":1,"featured_media":3377,"comment_status":"open","ping_status":"open","sticky":false,"template":"","format":"standard","meta":{"footnotes":""},"categories":[1],"tags":[],"class_list":["post-3376","post","type-post","status-publish","format-standard","has-post-thumbnail","hentry","category-egyeb","wpcat-1-id"],"_links":{"self":[{"href":"https:\/\/matrend.hu\/nekedinfo\/wp-json\/wp\/v2\/posts\/3376","targetHints":{"allow":["GET"]}}],"collection":[{"href":"https:\/\/matrend.hu\/nekedinfo\/wp-json\/wp\/v2\/posts"}],"about":[{"href":"https:\/\/matrend.hu\/nekedinfo\/wp-json\/wp\/v2\/types\/post"}],"author":[{"embeddable":true,"href":"https:\/\/matrend.hu\/nekedinfo\/wp-json\/wp\/v2\/users\/1"}],"replies":[{"embeddable":true,"href":"https:\/\/matrend.hu\/nekedinfo\/wp-json\/wp\/v2\/comments?post=3376"}],"version-history":[{"count":1,"href":"https:\/\/matrend.hu\/nekedinfo\/wp-json\/wp\/v2\/posts\/3376\/revisions"}],"predecessor-version":[{"id":3378,"href":"https:\/\/matrend.hu\/nekedinfo\/wp-json\/wp\/v2\/posts\/3376\/revisions\/3378"}],"wp:featuredmedia":[{"embeddable":true,"href":"https:\/\/matrend.hu\/nekedinfo\/wp-json\/wp\/v2\/media\/3377"}],"wp:attachment":[{"href":"https:\/\/matrend.hu\/nekedinfo\/wp-json\/wp\/v2\/media?parent=3376"}],"wp:term":[{"taxonomy":"category","embeddable":true,"href":"https:\/\/matrend.hu\/nekedinfo\/wp-json\/wp\/v2\/categories?post=3376"},{"taxonomy":"post_tag","embeddable":true,"href":"https:\/\/matrend.hu\/nekedinfo\/wp-json\/wp\/v2\/tags?post=3376"}],"curies":[{"name":"wp","href":"https:\/\/api.w.org\/{rel}","templated":true}]}}