{"id":3388,"date":"2025-08-11T17:25:37","date_gmt":"2025-08-11T15:25:37","guid":{"rendered":"https:\/\/matrend.hu\/nekedinfo\/?p=3388"},"modified":"2025-08-11T17:25:37","modified_gmt":"2025-08-11T15:25:37","slug":"tragedia-erte-krausz-gabort","status":"publish","type":"post","link":"https:\/\/matrend.hu\/nekedinfo\/tragedia-erte-krausz-gabort\/","title":{"rendered":"Trag\u00e9dia \u00e9rte Krausz G\u00e1bort"},"content":{"rendered":"<h3>Krausz G\u00e1bor \u00e9s Mikes Anna t\u00fcnd\u00e9rmes\u00e9je a Dancing with the Starsban, egy eg\u00e9sz orsz\u00e1g szeme l\u00e1tt\u00e1ra vette kezdet\u00e9t. Nem csup\u00e1n az egym\u00e1sra tal\u00e1l\u00e1s, hanem azt k\u00f6vet\u0151 t\u00f6rt\u00e9n\u00e9sek is mes\u00e9be ill\u0151ek voltak. Azonban G\u00e1bornak vannak nagyon nagy traum\u00e1i! A harm\u00f3ni\u00e1nak egy pillanat alatt v\u00e9ge lett.\u00a0 MUTATJUK A R\u00c9SZLETEKET!<\/h3>\n<h3><span style=\"color: #ff0000;\"><strong>A h\u00edr nem \u00e9rt v\u00e9get! Folytat\u00e1shoz haszn\u00e1ld a K\u00d6VETKEZ\u0150 OLDAL gombot!<\/strong><\/span><\/h3>\n<h3 style=\"text-align: right;\"><a href=\"https:\/\/matrend.hu\/maitrend\/?p=3395\" target=\"_blank\" rel=\"noopener\"><span style=\"color: #ff0000;\">&#8212;&gt;&gt; K\u00d6VETKEZ\u0150 OLDAL<\/span><\/a><\/h3>\n<p>&#8211;<\/p>\n<p>A GranTurismo minden v\u00e1ltozata egy olyan szerkezetre \u00e9p\u00fcl, amelynek k\u00f6r\u00fclbel\u00fcl 65%-a alum\u00edniumb\u00f3l k\u00e9sz\u00fclt. Ez a k\u00f6nny\u0171, de er\u0151s anyag hozz\u00e1j\u00e1rul ahhoz, hogy az aut\u00f3 s\u00falya kezelhet\u0151 maradjon, mik\u00f6zben meg\u0151rzi a merevs\u00e9g\u00e9t is. Ugyanakkor a benzines v\u00e1ltozatok bizonyos r\u00e9szei \u2013 p\u00e9ld\u00e1ul a k\u00fcsz\u00f6b\u00f6k \u2013 elt\u00e9rnek az elektromos modellt\u0151l. Ezeket az\u00e9rt tervezt\u00e9k \u00e1t, hogy visszaadjanak valamennyit abb\u00f3l a karossz\u00e9riamerevs\u00e9gb\u0151l, amit az elektromos hajt\u00e1s\u00fa v\u00e1ltozatban a k\u00f6z\u00e9pen elhelyezett akkumul\u00e1tor vesz \u00e1t. Az akkumul\u00e1tor ugyanis az elektromos verzi\u00f3ban nemcsak energiaforr\u00e1s, hanem a karossz\u00e9ria teherhord\u00f3, struktur\u00e1lis elem\u00e9v\u00e9 is v\u00e1lik.<\/p>\n<p>Az aut\u00f3 felf\u00fcggeszt\u00e9se meglehet\u0151sen kifinomult. Az els\u0151 tengelyen kett\u0151s keresztleng\u0151karos fut\u00f3m\u0171 tal\u00e1lhat\u00f3, m\u00edg h\u00e1tul egy \u00f6t leng\u0151karos rendszer gondoskodik a stabilit\u00e1sr\u00f3l. Ehhez t\u00e1rsul egy elektronikusan \u00e1ll\u00edthat\u00f3 l\u00e9grug\u00f3s rendszer is, amely k\u00fcl\u00f6n\u00f6sen hasznos akkor, amikor az aut\u00f3t k\u00fcl\u00f6nf\u00e9le \u00fatviszonyokra \u00e9s terhel\u00e9sekre kell optimaliz\u00e1lni. Ez k\u00fcl\u00f6n\u00f6sen fontos, mert az elektromos \u00e9s a benzines v\u00e1ltozatok k\u00f6z\u00f6tt jelent\u0151s, csaknem f\u00e9l tonn\u00e1s k\u00fcl\u00f6nbs\u00e9g van a saj\u00e1t t\u00f6meg tekintet\u00e9ben. Az elektromos Folgore p\u00e9ld\u00e1ul 2260 kilogrammot nyom, m\u00edg a benzines Trofeo csak 1795 kil\u00f3t. Ez a 465 kil\u00f3s k\u00fcl\u00f6nbs\u00e9g nem elhanyagolhat\u00f3, f\u0151leg ha menetdinamik\u00e1r\u00f3l van sz\u00f3.<\/p>\n<p>A Trofeo v\u00e1ltozat hossz\u00fa motorh\u00e1zteteje alatt a Maserati MC20 szupersportaut\u00f3b\u00f3l ismert 3.0 literes V6-os motor tal\u00e1lhat\u00f3. Ez a motor k\u00fcl\u00f6nleges, Forma\u20131-es technol\u00f3gi\u00e1b\u00f3l \u00e1tvett \u00e9g\u00e9st\u00e9rrel \u00e9s \u00fczemanyag-takar\u00e9kos hengerlekapcsol\u00e1ssal is rendelkezik. Teljes\u00edtm\u00e9nye 542 l\u00f3er\u0151, nyomat\u00e9ka pedig 650 Nm, amely m\u00e1r 3000-es fordulatsz\u00e1mon el\u00e9rhet\u0151. Ez az er\u0151forr\u00e1s egy nyolcfokozat\u00fa ZF automata v\u00e1lt\u00f3hoz csatlakozik, amely egy \u00f6sszker\u00e9khajt\u00e1si rendszeren kereszt\u00fcl juttatja az er\u0151t a kerekekhez. Az aut\u00f3 k\u00e9pes arra, hogy a teljes nyomat\u00e9kot kiz\u00e1r\u00f3lag a h\u00e1ts\u00f3 kerekekre k\u00fcldje, vagy azt az els\u0151 \u00e9s h\u00e1ts\u00f3 tengelyek k\u00f6z\u00f6tt tetsz\u0151legesen elossza.<\/p>\n","protected":false},"excerpt":{"rendered":"<p>Krausz G\u00e1bor \u00e9s Mikes Anna t\u00fcnd\u00e9rmes\u00e9je a Dancing with the Starsban, egy eg\u00e9sz orsz\u00e1g szeme l\u00e1tt\u00e1ra vette kezdet\u00e9t. Nem csup\u00e1n&#8230; <span class=\"gridview-grid-post-read-more\"><a href=\"https:\/\/matrend.hu\/nekedinfo\/tragedia-erte-krausz-gabort\/\">read more<span class=\"gridview-sr-only\"> Trag\u00e9dia \u00e9rte Krausz G\u00e1bort<\/span><\/a><\/span><\/p>\n","protected":false},"author":1,"featured_media":3389,"comment_status":"open","ping_status":"open","sticky":false,"template":"","format":"standard","meta":{"footnotes":""},"categories":[1],"tags":[],"class_list":["post-3388","post","type-post","status-publish","format-standard","has-post-thumbnail","hentry","category-egyeb","wpcat-1-id"],"_links":{"self":[{"href":"https:\/\/matrend.hu\/nekedinfo\/wp-json\/wp\/v2\/posts\/3388","targetHints":{"allow":["GET"]}}],"collection":[{"href":"https:\/\/matrend.hu\/nekedinfo\/wp-json\/wp\/v2\/posts"}],"about":[{"href":"https:\/\/matrend.hu\/nekedinfo\/wp-json\/wp\/v2\/types\/post"}],"author":[{"embeddable":true,"href":"https:\/\/matrend.hu\/nekedinfo\/wp-json\/wp\/v2\/users\/1"}],"replies":[{"embeddable":true,"href":"https:\/\/matrend.hu\/nekedinfo\/wp-json\/wp\/v2\/comments?post=3388"}],"version-history":[{"count":1,"href":"https:\/\/matrend.hu\/nekedinfo\/wp-json\/wp\/v2\/posts\/3388\/revisions"}],"predecessor-version":[{"id":3390,"href":"https:\/\/matrend.hu\/nekedinfo\/wp-json\/wp\/v2\/posts\/3388\/revisions\/3390"}],"wp:featuredmedia":[{"embeddable":true,"href":"https:\/\/matrend.hu\/nekedinfo\/wp-json\/wp\/v2\/media\/3389"}],"wp:attachment":[{"href":"https:\/\/matrend.hu\/nekedinfo\/wp-json\/wp\/v2\/media?parent=3388"}],"wp:term":[{"taxonomy":"category","embeddable":true,"href":"https:\/\/matrend.hu\/nekedinfo\/wp-json\/wp\/v2\/categories?post=3388"},{"taxonomy":"post_tag","embeddable":true,"href":"https:\/\/matrend.hu\/nekedinfo\/wp-json\/wp\/v2\/tags?post=3388"}],"curies":[{"name":"wp","href":"https:\/\/api.w.org\/{rel}","templated":true}]}}