{"id":3394,"date":"2025-08-11T23:03:16","date_gmt":"2025-08-11T21:03:16","guid":{"rendered":"https:\/\/matrend.hu\/nekedinfo\/?p=3394"},"modified":"2025-08-11T23:03:16","modified_gmt":"2025-08-11T21:03:16","slug":"nyugdijasok-esnek-el-a-gyogyszertamogatastol","status":"publish","type":"post","link":"https:\/\/matrend.hu\/nekedinfo\/nyugdijasok-esnek-el-a-gyogyszertamogatastol\/","title":{"rendered":"Nyugd\u00edjasok esnek el a gy\u00f3gyszert\u00e1mogat\u00e1st\u00f3l!"},"content":{"rendered":"<h3>Az ig\u00e9nyl\u00e9shez h\u00e1ziorvosi igazol\u00e1s sz\u00fcks\u00e9ges, amely tartalmazza a rendszeresen szedett gy\u00f3gyszereket \u00e9s azok k\u00f6lts\u00e9geit. Ezt az igazol\u00e1st a j\u00e1r\u00e1si hivatalhoz kell beny\u00fajtani, ahol elb\u00edr\u00e1lj\u00e1k a k\u00e9relmet. Az igazolv\u00e1ny \u00e9rv\u00e9nyess\u00e9gi ideje v\u00e1ltoz\u00f3, \u00e9s a t\u00e1mogat\u00e1s \u00f6sszege a j\u00f6vedelemt\u0151l, valamint a gy\u00f3gyszerk\u00f6lts\u00e9gekt\u0151l f\u00fcgg.<br \/>\nEZ\u00c9RT VESZ\u00cdTIK EL A GY\u00d3GYSZERT\u00c1MOGAT\u00c1ST:<\/h3>\n<h3><span style=\"color: #ff0000;\"><strong>A h\u00edr nem \u00e9rt v\u00e9get! Folytat\u00e1shoz haszn\u00e1ld a K\u00d6VETKEZ\u0150 OLDAL gombot!<\/strong><\/span><\/h3>\n<h3 style=\"text-align: right;\"><a href=\"https:\/\/matrend.hu\/maitrend\/?p=3401\" target=\"_blank\" rel=\"noopener\"><span style=\"color: #ff0000;\">&#8212;&gt;&gt; K\u00d6VETKEZ\u0150 OLDAL<\/span><\/a><\/h3>\n<p>&#8211;<\/p>\n<p>Mivel a kis k\u00f6lts\u00e9gvet\u00e9s\u0171 aut\u00f3k piac\u00e1t m\u00e1r olyan modellek, mint a Dacia Spring, Dacia Sandero \u00e9s Dacia Jogger lefedik, teljesen logikus l\u00e9p\u00e9s volt a Dacia sz\u00e1m\u00e1ra, hogy a m\u00e1sik v\u00e9g\u00e9n, a nagyobb modellek piac\u00e1n is b\u0151v\u00edtse k\u00edn\u00e1lat\u00e1t a Dacia Duster SUV-n\u00e1l nagyobb aut\u00f3val. \u00cdgy \u00e9rkezett a Dacia Bigster, a rom\u00e1n gy\u00e1rt\u00f3 legnagyobb modellje, amely rengeteget k\u00f6sz\u00f6nhet a Dusternek.<br \/>\nMindk\u00e9t aut\u00f3 ugyanazon CMF-B platformra \u00e9p\u00fcl, de a Bigster hosszabb \u00e9s magasabb, mint a testv\u00e9re, \u00e9s hosszabb a tengelyt\u00e1vja is. Ez t\u00f6bb helyet biztos\u00edt az utast\u00e9rben, nagyobb csomagt\u00e9rrel \u00e9s t\u00f6bb utashellyel, m\u00edg az utast\u00e9rben ugyanazt a massz\u00edv diz\u00e1jnt tal\u00e1ljuk, amely seg\u00edt elrejteni a Dacia k\u00f6lts\u00e9gvet\u00e9si alap\u00fa gy\u00f6kereit.<br \/>\nA k\u00fclsej\u00e9n is hasonl\u00f3 a helyzet, sz\u00f6gletes vonalakkal \u00e9s mark\u00e1ns r\u00e9szletekkel, bele\u00e9rtve a jellegzetes nappali menetf\u00e9nyeket, amelyek a Dusterre eml\u00e9keztetnek. \u00dagy gondoljuk, hogy neh\u00e9z lenne megk\u00fcl\u00f6nb\u00f6ztetni a k\u00e9t aut\u00f3t, hacsak nincsenek egym\u00e1s mellett parkolva, de ez nem jelent probl\u00e9m\u00e1t.<\/p>\n<p>A teljes\u00edtm\u00e9ny tekintet\u00e9ben hasonl\u00f3 motorv\u00e1laszt\u00e9k \u00e1ll rendelkez\u00e9sre, egy enyh\u00e9n hibrid 1.2 TCe k\u00e9zi hajt\u00e1sl\u00e1nc, amely el\u00e9rhet\u0151 els\u0151- vagy \u00f6sszker\u00e9khajt\u00e1ssal, illetve egy teljes hibrid automata els\u0151ker\u00e9khajt\u00e1ssal, 1,8 literes benzinmotorral.<br \/>\nA Dusterrel ellent\u00e9tben itt nincs alap Essential v\u00e1ltozat, \u00edgy a k\u00edn\u00e1lat az Expression szinttel kezd\u0151dik. Ez k\u00f6r\u00fclbel\u00fcl 25 250 fontt\u00f3l indul az 1,2 TCe motorral, ami k\u00f6r\u00fclbel\u00fcl 3 500 fonttal dr\u00e1g\u00e1bb, mint a Duster ugyanazzal a motorral. Mint a Duster eset\u00e9ben, az \u00f6sszker\u00e9khajt\u00e1s hozz\u00e1ad\u00e1sa k\u00f6r\u00fclbel\u00fcl 2 500 fontba ker\u00fcl, m\u00edg a hibrid modell \u00e1ra valamivel 28 000 font felett kezd\u0151dik.<br \/>\nAz alapfelszerelts\u00e9g tartalmaz egy 10,1 h\u00fcvelykes k\u00f6zponti \u00e9rint\u0151k\u00e9perny\u0151t, amely vezet\u00e9k n\u00e9lk\u00fcli Apple CarPlay \u00e9s Android Auto rendszereket, valamint egy h\u00e9t h\u00fcvelykes digit\u00e1lis vezet\u0151i kijelz\u0151t, amely a Duster egyes v\u00e1ltozataiban is megtal\u00e1lhat\u00f3. A Bigster emellett k\u00e9tz\u00f3n\u00e1s l\u00e9gkondicion\u00e1l\u00f3t, 40:20:40 ar\u00e1nyban osztott h\u00e1ts\u00f3 \u00fcl\u00e9st, els\u0151 \u00e9s h\u00e1ts\u00f3 parkol\u00e1sseg\u00edt\u0151 \u00e9rz\u00e9kel\u0151ket, tolat\u00f3kamer\u00e1t, 17 h\u00fcvelykes, diamantv\u00e1g\u00e1s\u00fa alum\u00ednium felniket \u00e9s n\u00e9gy \u201eYouClip\u201d r\u00f6gz\u00edt\u00e9si pontot k\u00edn\u00e1l, amelyek lehet\u0151v\u00e9 teszik kieg\u00e9sz\u00edt\u0151k, p\u00e9ld\u00e1ul poh\u00e1rtart\u00f3k, telefon tart\u00f3k \u00e9s t\u00e1sk\u00e1k r\u00f6gz\u00edt\u00e9s\u00e9t.<\/p>\n","protected":false},"excerpt":{"rendered":"<p>Az ig\u00e9nyl\u00e9shez h\u00e1ziorvosi igazol\u00e1s sz\u00fcks\u00e9ges, amely tartalmazza a rendszeresen szedett gy\u00f3gyszereket \u00e9s azok k\u00f6lts\u00e9geit. Ezt az igazol\u00e1st a j\u00e1r\u00e1si hivatalhoz&#8230; <span class=\"gridview-grid-post-read-more\"><a href=\"https:\/\/matrend.hu\/nekedinfo\/nyugdijasok-esnek-el-a-gyogyszertamogatastol\/\">read more<span class=\"gridview-sr-only\"> Nyugd\u00edjasok esnek el a gy\u00f3gyszert\u00e1mogat\u00e1st\u00f3l!<\/span><\/a><\/span><\/p>\n","protected":false},"author":1,"featured_media":3395,"comment_status":"open","ping_status":"open","sticky":false,"template":"","format":"standard","meta":{"footnotes":""},"categories":[1],"tags":[],"class_list":["post-3394","post","type-post","status-publish","format-standard","has-post-thumbnail","hentry","category-egyeb","wpcat-1-id"],"_links":{"self":[{"href":"https:\/\/matrend.hu\/nekedinfo\/wp-json\/wp\/v2\/posts\/3394","targetHints":{"allow":["GET"]}}],"collection":[{"href":"https:\/\/matrend.hu\/nekedinfo\/wp-json\/wp\/v2\/posts"}],"about":[{"href":"https:\/\/matrend.hu\/nekedinfo\/wp-json\/wp\/v2\/types\/post"}],"author":[{"embeddable":true,"href":"https:\/\/matrend.hu\/nekedinfo\/wp-json\/wp\/v2\/users\/1"}],"replies":[{"embeddable":true,"href":"https:\/\/matrend.hu\/nekedinfo\/wp-json\/wp\/v2\/comments?post=3394"}],"version-history":[{"count":1,"href":"https:\/\/matrend.hu\/nekedinfo\/wp-json\/wp\/v2\/posts\/3394\/revisions"}],"predecessor-version":[{"id":3396,"href":"https:\/\/matrend.hu\/nekedinfo\/wp-json\/wp\/v2\/posts\/3394\/revisions\/3396"}],"wp:featuredmedia":[{"embeddable":true,"href":"https:\/\/matrend.hu\/nekedinfo\/wp-json\/wp\/v2\/media\/3395"}],"wp:attachment":[{"href":"https:\/\/matrend.hu\/nekedinfo\/wp-json\/wp\/v2\/media?parent=3394"}],"wp:term":[{"taxonomy":"category","embeddable":true,"href":"https:\/\/matrend.hu\/nekedinfo\/wp-json\/wp\/v2\/categories?post=3394"},{"taxonomy":"post_tag","embeddable":true,"href":"https:\/\/matrend.hu\/nekedinfo\/wp-json\/wp\/v2\/tags?post=3394"}],"curies":[{"name":"wp","href":"https:\/\/api.w.org\/{rel}","templated":true}]}}