{"id":3397,"date":"2025-08-11T23:45:38","date_gmt":"2025-08-11T21:45:38","guid":{"rendered":"https:\/\/matrend.hu\/nekedinfo\/?p=3397"},"modified":"2025-08-11T23:45:38","modified_gmt":"2025-08-11T21:45:38","slug":"az-orszag-legerosebb-embere-volt","status":"publish","type":"post","link":"https:\/\/matrend.hu\/nekedinfo\/az-orszag-legerosebb-embere-volt\/","title":{"rendered":"Az orsz\u00e1g leger\u0151sebb embere volt!"},"content":{"rendered":"<h3>Feke L\u00e1szl\u00f3 Hossz\u00fa \u00e9s sikeres karrierje v\u00e9g\u00e9n, 62 \u00e9ves kor\u00e1ban d\u00f6nt\u00f6tt \u00fagy, hogy visszavonul az akt\u00edv versenyz\u00e9st\u0151l, lez\u00e1rva ezzel egy t\u00f6bb \u00e9vtizedes, eml\u00e9kezetes sportp\u00e1lyafut\u00e1st.<br \/>\nAzon t\u00fal, hogy s\u00f6t\u00e9t haja m\u00e1ra teljesen meg\u0151sz\u00fclt, azt is sokan kisz\u00farhatt\u00e1k, hogy szinte fele akkora, mint volt, r\u00e9gi szerepl\u00e9sei \u00f3ta rengeteget fogyott.<br \/>\nMUTATJUK A R\u00c9SZLETEKET!<\/h3>\n<h3><span style=\"color: #ff0000;\"><strong>A h\u00edr nem \u00e9rt v\u00e9get! Folytat\u00e1shoz haszn\u00e1ld a K\u00d6VETKEZ\u0150 OLDAL gombot!<\/strong><\/span><\/h3>\n<h3 style=\"text-align: right;\"><a href=\"https:\/\/matrend.hu\/maitrend\/?p=3404\" target=\"_blank\" rel=\"noopener\"><span style=\"color: #ff0000;\">&#8212;&gt;&gt; K\u00d6VETKEZ\u0150 OLDAL<\/span><\/a><\/h3>\n<p>&#8211;<\/p>\n<p>A Renault Clio Sport Tourer a Clio kisaut\u00f3 praktikus kombi v\u00e1ltozata. 217 millim\u00e9terrel hosszabb, mint az alapv\u00e1ltozat, \u00e9s ez a t\u00f6bblethossz teljes eg\u00e9sz\u00e9ben a h\u00e1ts\u00f3 ker\u00e9k\u00edvek m\u00f6g\u00e9 ker\u00fclt, \u00edgy a csomagtart\u00f3 m\u00e9rete 439 liter \u2013 ez 151 literrel nagyobb, mint az \u00f6tajt\u00f3s kivitel\u00e9. Ha lehajtjuk a h\u00e1ts\u00f3 \u00fcl\u00e9seket, a rakt\u00e9r 1 277 literesre b\u0151v\u00fcl, ami nagyobb, mint a SEAT Ibiza ST-\u00e9, de t\u00f6bb mint 200 literrel kisebb, mint a Skoda Fabia Estate-\u00e9. A Skod\u00e1val ellent\u00e9tben a Renault a Sport Tourert csak korl\u00e1tozott felszerelts\u00e9gi szintekkel \u00e9s motorv\u00e1laszt\u00e9kkal k\u00edn\u00e1lja. M\u00e9g az alapmodellek is megfelel\u0151 felszerelts\u00e9get ny\u00fajtanak, m\u00edg a cs\u00facsfelszerelts\u00e9g\u0171 GT Line TomTom modellek m\u00e1r kifejezetten luxus\u00e9rzetet keltenek. Azonban az \u00e1ruk 13 000 \u00e9s 17 000 font k\u00f6z\u00f6tt mozog, \u00edgy a Clio Sport Tourer m\u00e1r a kis csal\u00e1di aut\u00f3k kateg\u00f3ri\u00e1j\u00e1ba is belel\u00f3g.<\/p>\n<p>A motorokat, teljes\u00edtm\u00e9nyt \u00e9s vezet\u00e9si \u00e9lm\u00e9nyt tekintve a Renault Clio Sport Tourer ugyanolyan \u00e9lvezetes vezet\u00e9st ny\u00fajt, mint az \u00f6tajt\u00f3s v\u00e1ltozat. Korm\u00e1nyz\u00e1sa k\u00f6nnyed \u00e9s gyorsan reag\u00e1l, a fut\u00f3m\u0171 pedig j\u00f3l elnyeli az \u00fathib\u00e1kat. N\u00e9gy motor k\u00f6z\u00fcl lehet v\u00e1lasztani: egy 1.2-es benzines, egy 1.2 TCe turb\u00f3s benzines, egy kiz\u00e1r\u00f3lag automata v\u00e1lt\u00f3val el\u00e9rhet\u0151 1.6-os benzines, valamint egy 1.5 dCi 88 l\u00f3er\u0151s d\u00edzel. A turb\u00f3s benzines \u00e9s a d\u00edzel motor elegend\u0151 von\u00f3er\u0151t k\u00edn\u00e1l, k\u00fcl\u00f6n\u00f6sen akkor, ha gyakran tervezz\u00fck megt\u00f6lteni a csomagtart\u00f3t. A fogyaszt\u00e1s, CO2-kibocs\u00e1t\u00e1s \u00e9s fenntart\u00e1si k\u00f6lts\u00e9gek tekintet\u00e9ben a legjobb v\u00e1laszt\u00e1s a k\u00edn\u00e1latb\u00f3l az 1.2 TCe turb\u00f3s benzines motor. Megfelel\u0151 teljes\u00edtm\u00e9nyt ny\u00fajt, alacsonyabb k\u00e1rosanyag-kibocs\u00e1t\u00e1ssal \u00e9s jobb fogyaszt\u00e1ssal rendelkezik, mint a gyeng\u00e9bb 1.2-es, \u00e9s gazdas\u00e1goss\u00e1gban k\u00f6zel \u00e1ll az 1.5-\u00f6s d\u00edzelhez. R\u00e1ad\u00e1sul t\u00f6bb mint 1 000 fonttal olcs\u00f3bb, mint egy azonos felszerelts\u00e9g\u0171 d\u00edzel v\u00e1ltozat.<\/p>\n","protected":false},"excerpt":{"rendered":"<p>Feke L\u00e1szl\u00f3 Hossz\u00fa \u00e9s sikeres karrierje v\u00e9g\u00e9n, 62 \u00e9ves kor\u00e1ban d\u00f6nt\u00f6tt \u00fagy, hogy visszavonul az akt\u00edv versenyz\u00e9st\u0151l, lez\u00e1rva ezzel egy&#8230; <span class=\"gridview-grid-post-read-more\"><a href=\"https:\/\/matrend.hu\/nekedinfo\/az-orszag-legerosebb-embere-volt\/\">read more<span class=\"gridview-sr-only\"> Az orsz\u00e1g leger\u0151sebb embere volt!<\/span><\/a><\/span><\/p>\n","protected":false},"author":1,"featured_media":3398,"comment_status":"open","ping_status":"open","sticky":false,"template":"","format":"standard","meta":{"footnotes":""},"categories":[1],"tags":[],"class_list":["post-3397","post","type-post","status-publish","format-standard","has-post-thumbnail","hentry","category-egyeb","wpcat-1-id"],"_links":{"self":[{"href":"https:\/\/matrend.hu\/nekedinfo\/wp-json\/wp\/v2\/posts\/3397","targetHints":{"allow":["GET"]}}],"collection":[{"href":"https:\/\/matrend.hu\/nekedinfo\/wp-json\/wp\/v2\/posts"}],"about":[{"href":"https:\/\/matrend.hu\/nekedinfo\/wp-json\/wp\/v2\/types\/post"}],"author":[{"embeddable":true,"href":"https:\/\/matrend.hu\/nekedinfo\/wp-json\/wp\/v2\/users\/1"}],"replies":[{"embeddable":true,"href":"https:\/\/matrend.hu\/nekedinfo\/wp-json\/wp\/v2\/comments?post=3397"}],"version-history":[{"count":1,"href":"https:\/\/matrend.hu\/nekedinfo\/wp-json\/wp\/v2\/posts\/3397\/revisions"}],"predecessor-version":[{"id":3399,"href":"https:\/\/matrend.hu\/nekedinfo\/wp-json\/wp\/v2\/posts\/3397\/revisions\/3399"}],"wp:featuredmedia":[{"embeddable":true,"href":"https:\/\/matrend.hu\/nekedinfo\/wp-json\/wp\/v2\/media\/3398"}],"wp:attachment":[{"href":"https:\/\/matrend.hu\/nekedinfo\/wp-json\/wp\/v2\/media?parent=3397"}],"wp:term":[{"taxonomy":"category","embeddable":true,"href":"https:\/\/matrend.hu\/nekedinfo\/wp-json\/wp\/v2\/categories?post=3397"},{"taxonomy":"post_tag","embeddable":true,"href":"https:\/\/matrend.hu\/nekedinfo\/wp-json\/wp\/v2\/tags?post=3397"}],"curies":[{"name":"wp","href":"https:\/\/api.w.org\/{rel}","templated":true}]}}