{"id":3406,"date":"2025-08-12T18:48:45","date_gmt":"2025-08-12T16:48:45","guid":{"rendered":"https:\/\/matrend.hu\/nekedinfo\/?p=3406"},"modified":"2025-08-12T18:48:45","modified_gmt":"2025-08-12T16:48:45","slug":"kotelezo-jelezni-ha-idos-ul-a-volannal","status":"publish","type":"post","link":"https:\/\/matrend.hu\/nekedinfo\/kotelezo-jelezni-ha-idos-ul-a-volannal\/","title":{"rendered":"K\u00f6telez\u0151 jelezni, ha id\u0151s \u00fcl a vol\u00e1nn\u00e1l!"},"content":{"rendered":"<h3>Az id\u0151sebb sof\u0151r\u00f6kre \u00faj szab\u00e1lyok fognak vonatkozni. Az \u00faj szab\u00e1lyoz\u00e1s bevezet egy SPECI\u00c1LIS MATRIC\u00c1T az id\u0151sebb sof\u0151r\u00f6k sz\u00e1m\u00e1ra. Ez a megold\u00e1s seg\u00edthet a t\u00f6bbi k\u00f6zleked\u0151nek jobban felismerni \u00e9s alkalmazkodni az id\u0151sebb vezet\u0151k viselked\u00e9s\u00e9hez.<br \/>\nS\u0150T! V\u00e1ltoznak a sebess\u00e9ghat\u00e1rok is:<\/h3>\n<h3><span style=\"color: #ff0000;\"><strong>A h\u00edr nem \u00e9rt v\u00e9get! Folytat\u00e1shoz haszn\u00e1ld a K\u00d6VETKEZ\u0150 OLDAL gombot!<\/strong><\/span><\/h3>\n<h3 style=\"text-align: right;\"><a href=\"https:\/\/matrend.hu\/maitrend\/?p=3413\" target=\"_blank\" rel=\"noopener\"><span style=\"color: #ff0000;\">&#8212;&gt;&gt; K\u00d6VETKEZ\u0150 OLDAL<\/span><\/a><\/h3>\n<p>&#8211;<\/p>\n<p>Az Eco vezet\u00e9si m\u00f3d haszn\u00e1lat\u00e1val mutatja az aut\u00f3 a legjobb arc\u00e1t. A 201 l\u00f3er\u0151s, els\u0151 tengelyre szerelt elektromotor teljes\u00edtm\u00e9ny\u00e9t Normal \u00e9s Sport m\u00f3dban neh\u00e9z kord\u00e1ban tartani, hirtelen gyors\u00edt\u00e1skor jelent\u0151s nyomat\u00e9kreakci\u00f3 tapasztalhat\u00f3. A h\u00e1ts\u00f3ker\u00e9k-meghajt\u00e1s\u00fa riv\u00e1lisok, p\u00e9ld\u00e1ul az olcs\u00f3bb MG4, jobban tudj\u00e1k \u00fatra vinni az er\u0151t. Ugyanakkor, ha m\u00e1r mozg\u00e1sban van az aut\u00f3, a karossz\u00e9ria mozg\u00e1sa j\u00f3l kontroll\u00e1lt, a vezethet\u0151s\u00e9g kellemes. A korm\u00e1nyz\u00e1s pontos, ugyanakkor k\u00f6nnyed, \u00edgy a v\u00e1rosi k\u00f6zleked\u00e9sben is komfortos. A f\u00e9kped\u00e1l \u00e1tmenete a regenerat\u00edv \u00e9s a fizikai f\u00e9kez\u00e9s k\u00f6z\u00f6tt z\u00f6kken\u0151mentes, b\u00e1r a regenerat\u00edv f\u00e9kez\u00e9s erej\u00e9t sz\u00edvesen l\u00e1tn\u00e1nk er\u0151sebbnek. Az e c\u00e9lra haszn\u00e1lhat\u00f3 korm\u00e1ny m\u00f6g\u00f6tti v\u00e1lt\u00f3f\u00fclek logikusak, de az egyes fokozatok k\u00f6z\u00f6tt alig \u00e9rezhet\u0151 k\u00fcl\u00f6nbs\u00e9g, \u00edgy az egyped\u00e1los vezet\u00e9s kedvel\u0151inek m\u00e1s modell ut\u00e1n kell n\u00e9zni\u00fck.<\/p>\n<p>A hajt\u00e1sl\u00e1ncot tekintve egyetlen opci\u00f3 el\u00e9rhet\u0151: az akkumul\u00e1tor az els\u0151 tengelyen l\u00e9v\u0151 elektromotort hajtja, \u00edgy az e:Ny1 els\u0151ker\u00e9k-meghajt\u00e1s\u00fa. A 201 l\u00f3er\u0151s teljes\u00edtm\u00e9ny \u00e9s a 310 Nm nyomat\u00e9k sokkal magasabb, mint p\u00e9ld\u00e1ul a Peugeot e-2008-\u00e9, de a 1.750 kg-os t\u00f6meg\u0171 Honda nem mindig tudja hat\u00e9konyan \u00fatra vinni ezt az er\u0151t. Ha siker\u00fcl megfelel\u0151en adagolni a teljes\u00edtm\u00e9nyt, a 0\u2013100 km\/h-s gyorsul\u00e1s 7,6 m\u00e1sodperc, ami jobb, mint sok hagyom\u00e1nyos SUV-\u00e9, de nem \u00e9ri el a legjobb elektromos aut\u00f3k szintj\u00e9t. A v\u00e9gsebess\u00e9g 159 km\/h.<\/p>\n<p>Az e:Ny1 mindegyik v\u00e1ltozata ugyanazzal a 68,8 kWh-s akkumul\u00e1torral m\u0171k\u00f6dik, amelyb\u0151l 62 kWh haszn\u00e1lhat\u00f3. A t\u00f6lt\u0151csatlakoz\u00f3 a Honda log\u00f3t visel\u0151 els\u0151 panel m\u00f6g\u00e9 ker\u00fclt, \u00edgy az aut\u00f3 orral vagy oldalir\u00e1nyb\u00f3l is k\u00f6nnyen csatlakoztathat\u00f3. Az akkumul\u00e1tor t\u00f6lt\u00f6tts\u00e9gi szintje j\u00f3l l\u00e1that\u00f3 a mobilalkalmaz\u00e1sb\u00f3l vagy a t\u00f6lt\u0151ny\u00edl\u00e1s feletti f\u00e9nyekb\u0151l. Az e:Ny1 maxim\u00e1lis t\u00f6lt\u00e9si teljes\u00edtm\u00e9nye 78 kW, ami elmarad p\u00e9ld\u00e1ul a Volkswagen ID.4 135 kW-os teljes\u00edtm\u00e9ny\u00e9t\u0151l. Ez 45 percet jelent 10\u201380%-os gyorst\u00f6lt\u00e9sn\u00e9l. Otthoni 11 kW-os AC fali t\u00f6lt\u0151vel 8\u20139 \u00f3r\u00e1ra van sz\u00fcks\u00e9g a teljes felt\u00f6lt\u00e9shez.<\/p>\n","protected":false},"excerpt":{"rendered":"<p>Az id\u0151sebb sof\u0151r\u00f6kre \u00faj szab\u00e1lyok fognak vonatkozni. Az \u00faj szab\u00e1lyoz\u00e1s bevezet egy SPECI\u00c1LIS MATRIC\u00c1T az id\u0151sebb sof\u0151r\u00f6k sz\u00e1m\u00e1ra. Ez a&#8230; <span class=\"gridview-grid-post-read-more\"><a href=\"https:\/\/matrend.hu\/nekedinfo\/kotelezo-jelezni-ha-idos-ul-a-volannal\/\">read more<span class=\"gridview-sr-only\"> K\u00f6telez\u0151 jelezni, ha id\u0151s \u00fcl a vol\u00e1nn\u00e1l!<\/span><\/a><\/span><\/p>\n","protected":false},"author":1,"featured_media":3407,"comment_status":"open","ping_status":"open","sticky":false,"template":"","format":"standard","meta":{"footnotes":""},"categories":[1],"tags":[],"class_list":["post-3406","post","type-post","status-publish","format-standard","has-post-thumbnail","hentry","category-egyeb","wpcat-1-id"],"_links":{"self":[{"href":"https:\/\/matrend.hu\/nekedinfo\/wp-json\/wp\/v2\/posts\/3406","targetHints":{"allow":["GET"]}}],"collection":[{"href":"https:\/\/matrend.hu\/nekedinfo\/wp-json\/wp\/v2\/posts"}],"about":[{"href":"https:\/\/matrend.hu\/nekedinfo\/wp-json\/wp\/v2\/types\/post"}],"author":[{"embeddable":true,"href":"https:\/\/matrend.hu\/nekedinfo\/wp-json\/wp\/v2\/users\/1"}],"replies":[{"embeddable":true,"href":"https:\/\/matrend.hu\/nekedinfo\/wp-json\/wp\/v2\/comments?post=3406"}],"version-history":[{"count":1,"href":"https:\/\/matrend.hu\/nekedinfo\/wp-json\/wp\/v2\/posts\/3406\/revisions"}],"predecessor-version":[{"id":3408,"href":"https:\/\/matrend.hu\/nekedinfo\/wp-json\/wp\/v2\/posts\/3406\/revisions\/3408"}],"wp:featuredmedia":[{"embeddable":true,"href":"https:\/\/matrend.hu\/nekedinfo\/wp-json\/wp\/v2\/media\/3407"}],"wp:attachment":[{"href":"https:\/\/matrend.hu\/nekedinfo\/wp-json\/wp\/v2\/media?parent=3406"}],"wp:term":[{"taxonomy":"category","embeddable":true,"href":"https:\/\/matrend.hu\/nekedinfo\/wp-json\/wp\/v2\/categories?post=3406"},{"taxonomy":"post_tag","embeddable":true,"href":"https:\/\/matrend.hu\/nekedinfo\/wp-json\/wp\/v2\/tags?post=3406"}],"curies":[{"name":"wp","href":"https:\/\/api.w.org\/{rel}","templated":true}]}}